{"id":77110,"date":"2023-10-02T17:52:16","date_gmt":"2023-10-02T23:52:16","guid":{"rendered":"https:\/\/www.buroperiodistico.com.mx\/?p=77110"},"modified":"2023-10-02T17:52:16","modified_gmt":"2023-10-02T23:52:16","slug":"en-concreto-por-angel-a-guerra-388","status":"publish","type":"post","link":"https:\/\/www.buroperiodistico.com.mx\/?p=77110","title":{"rendered":"EN CONCRETO\/ Por: \u00c1ngel A. Guerra"},"content":{"rendered":"<p><em><strong>(2-Octubre-2023)<\/strong><\/em><\/p>\n<p style=\"text-align: center;\"><strong><em>\u2018CV nos dej\u00f3 en -10\u2019<\/em><\/strong><\/p>\n<ul>\n<li><strong><em>Con Am\u00e9rico Villarreal, Tamaulipas vive la transformaci\u00f3n<\/em><\/strong><\/li>\n<li><strong><em>\u00abNo al despojo, abuso policial ni represi\u00f3n de adversarios\u2019<\/em><\/strong><\/li>\n<li><strong><em>\u2018En la 4T, lo que importa son las personas, y su bienestar\u2019<\/em><\/strong><\/li>\n<li><strong><em>Carlos Pe\u00f1a Ortiz reconoce la transformaci\u00f3n con Am\u00e9rico<\/em><\/strong><\/li>\n<li><strong><em>Am\u00e9rico coordina el rescate en la tragedia de Cd. Madero<\/em><\/strong><\/li>\n<\/ul>\n<p>El gobernador AM\u00c9RICO VILLARREAL ANAYA afirm\u00f3 que el viejo modelo pol\u00edtico de corrupci\u00f3n, de mentiras y simulaci\u00f3n de su antecesor, dej\u00f3 a Tamaulipas \u201ccon n\u00fameros e indicadores que mostraban el saqueo m\u00e1s grande al erario p\u00fablico, consumado en seis a\u00f1os\u201d.<\/p>\n<p>\u201cEl inicio de mi gesti\u00f3n, dijo el Ejecutivo estatal, no fue desde cero, sino desde menos diez\u201d, al sustentar que su antecesor gobern\u00f3 Tamaulipas bajo el status \u201cnormal\u201d del viejo modelo pol\u00edtico de corrupci\u00f3n: \u201cEn el Gobierno de la Transformaci\u00f3n \u2013asegur\u00f3 AM\u00c9RICO&#8211; se respetan todas las libertades, no se tuerce la ley, ni se dan consignas a los responsables de su aplicaci\u00f3n y, adem\u00e1s, se ha desterrado el doble discurso y la mentira\u201d.<\/p>\n<p>Y as\u00ed diciendo, sentenci\u00f3:<\/p>\n<p>\u00abTerminaron los despojos. El abuso policial. Nadie es amenazado o amedrentado, ni por sus ideas ni por su participaci\u00f3n pol\u00edtica. Se busca, por el contrario, la concordia. Se defiende el inter\u00e9s general\u00bb, dijo.<\/p>\n<p>Por ello, afirm\u00f3:<\/p>\n<p>\u201cA 365 d\u00edas privilegiando la honestidad, la verdad y la justicia, la transformaci\u00f3n en Tamaulipas es un hecho real y estamos demostrando que se puede actuar de manera distinta, con probidad y con apego a un modelo y una filosof\u00eda humanista que ha dado pruebas de que funciona excepcionalmente\u201d.<\/p>\n<p>\u00abEn 365 d\u00edas, de una visi\u00f3n con una tierra inf\u00e9rtil, agotada, sumida en una situaci\u00f3n compleja, pasamos a una entidad que es de nuevo, referente positivo para nuestra patria, una tierra dedicada a cultivar el amor, la paz, la solidaridad\u00bb, expres\u00f3.<\/p>\n<p>Durante un evento celebrado en el Teatro Amalia G. de Castillo Led\u00f3n, acompa\u00f1ado por la doctora MAR\u00cdA SANTIAGO de VILLARREAL, presidenta del DIF Tamaulipas, y ante legisladores federales y locales, presidentes municipales, mandos de las fuerzas militares, dirigentes empresariales, representantes de la sociedad civil e integrantes del gabinete estatal, el gobernador de Tamaulipas present\u00f3 un repaso de la entrega y de los resultados alcanzados en 365 d\u00edas de servicio con la firme convicci\u00f3n de que no se debe aceptar como \u201cnormal\u201d el status quo que el viejo modelo pol\u00edtico de corrupci\u00f3n, de mentiras y simulaci\u00f3n introdujo en nuestra tierra.<\/p>\n<p>\u00abCon voluntad y trabajo, junto a ustedes en 365 d\u00edas, corregimos el rumbo, y en Tamaulipas, la transformaci\u00f3n, est\u00e1 echando ra\u00edces firmes. La confianza y el entendimiento entre pueblo y gobierno, crece. El gobierno sirve al pueblo y el pueblo est\u00e1 representado en su gobierno\u00bb, agreg\u00f3.<\/p>\n<p>AM\u00c9RICO VILLARREAL record\u00f3 que, gracias a la esperanza y valent\u00eda del pueblo de Tamaulipas, hace exactamente 365 d\u00edas comenz\u00f3 el primer gobierno que representa una alternancia pol\u00edtica real, pero el inicio de su gesti\u00f3n dijo, no fue desde cero, sino desde menos diez, con n\u00fameros e indicadores que mostraban el peor retroceso, causado al gobierno de Tamaulipas.<\/p>\n<p>\u00abEncontramos corrupci\u00f3n y un sistem\u00e1tico desmantelamiento del aparato estatal. El saqueo m\u00e1s grande al erario p\u00fablico, consumado en seis a\u00f1os\u00bb, mencion\u00f3.<\/p>\n<p style=\"text-align: center;\"><strong>SE RESPETAN TODAS LAS LIBERTADES<\/strong><\/p>\n<p>En su mensaje, el mandatario asegur\u00f3 que en el Gobierno de la Transformaci\u00f3n se respetan todas las libertades, no se tuerce la ley, ni se dan consignas a los responsables de su aplicaci\u00f3n y, adem\u00e1s, se ha desterrado el doble discurso y la mentira.<\/p>\n<p>\u00abTerminaron los despojos. El abuso policial. Nadie es amenazado o amedrentado, ni por sus ideas ni por su participaci\u00f3n pol\u00edtica. Se busca, por el contrario, la concordia. Se defiende el inter\u00e9s general\u00bb, dijo.<\/p>\n<p>El gobernador mencion\u00f3 de manera especial, el trabajo realizado bajo la perspectiva humanista en el DIF Tamaulipas y se refiri\u00f3 a la entrega excepcional de la doctora MAR\u00cdA SANTIAGO de VILLARREAL para lograr el desarrollo y bienestar, sobre todo, de quienes viven en condiciones adversas.<\/p>\n<p>A lo largo de su mensaje, el mandatario tamaulipeco destac\u00f3 los logros alcanzados en 365 d\u00edas en materia de fiscalizaci\u00f3n y manejo financiero, seguridad, empleo, desarrollo econ\u00f3mico, turismo, desarrollo rural, bienestar social, obras p\u00fablicas, desarrollo urbano y medio ambiente, educaci\u00f3n y salud.<\/p>\n<p>Indic\u00f3 que, a 365 d\u00edas de haber tomado la responsabilidad de gobernar Tamaulipas, se cuenta con una carpeta de 73 proyectos en estudio, que representan inversiones por 5 mil 559 millones de d\u00f3lares y, adem\u00e1s, de enero a agosto de este a\u00f1o, se han generado 14 mil 448 puestos de trabajo en Tamaulipas.<\/p>\n<p style=\"text-align: center;\"><strong>\u00daRSULA SALAZAR: \u2018TIEMPO DE MUJERES\u2019<\/strong><\/p>\n<p>Concatenando temas, la presidenta de la Junta de Gobierno de la 65 Legislatura estatal, diputada \u00daRSULA SALAZAR MOJICA, asegur\u00f3 ayer por la ma\u00f1ana que en Tamaulipas y M\u00e9xico \u201cEs tiempo de mujeres\u201d, al destacar la composici\u00f3n de la Mesa directiva del Congreso local y anticipar que, el 2024, la paridad de g\u00e9nero se ver\u00e1 en la postulaci\u00f3n de candidatas.<\/p>\n<p>SALAZAR MOJICA refiri\u00f3 que se trata de un hecho hist\u00f3rico y sin precedente, \u201cdemostrando que estamos logrando la paridad de g\u00e9nero en la pol\u00edtica de Tamaulipas\u201d, agreg\u00f3.<\/p>\n<p>Mencion\u00f3 que gracias a estos espacios, el pr\u00f3ximo 2024, estar\u00e1n presenciando la toma de protesta de la primera mujer presidenta en el pa\u00eds, gracias a la confianza y apoyo del pueblo.<\/p>\n<p>Durante la primera sesi\u00f3n ordinaria, reconoci\u00f3 el trabajo del Presidente ANDR\u00c9S MANUEL L\u00d3PEZ OBRADOR, \u201cel mejor presidente en la historia de M\u00e9xico, as\u00ed como del gobierno humanista del Doctor, AM\u00c9RICO VILLARREAL ANAYA.<\/p>\n<p>Y, \u00a1por supuesto!, \u00daRSULA se mantiene a la cabeza de las posibilidades de ser postulada por Morena como candidata a la presidencia municipal de Tampico.<\/p>\n<p style=\"text-align: center;\"><strong>ALCALDE CARLOS PE\u00d1A RECONOCE LA TRANSFORMACI\u00d3N CON AM\u00c9RICO<\/strong><\/p>\n<p>Concatenando temas, el Alcalde de Reynosa CARLOS PE\u00d1A ORTIZ, felicit\u00f3 al Gobernador AM\u00c9RICO VILLARREAL ANAYA por la conmemoraci\u00f3n de un a\u00f1o del gobierno que encabeza, transformando d\u00eda con d\u00eda a este estado.<\/p>\n<p>El Alcalde CARLOS PE\u00d1A ORTIZ, asegur\u00f3 que la Administraci\u00f3n que encabeza el Gobernador de Tamaulipas ha respondido a las necesidades y la esperanza de cada uno de los ciudadanos: \u00abcelebramos el primer a\u00f1o de trabajo de nuestro Gobernador, el Dr. AM\u00c9RICO VILLARREAL, quien con determinaci\u00f3n y compromiso ha estado transformando Tamaulipas\u00bb.<\/p>\n<p>\u00abA trav\u00e9s de acciones concretas y una visi\u00f3n clara, ha demostrado que el trabajo en equipo y la dedicaci\u00f3n generan cambios reales en beneficio de todos los tamaulipecos\u00bb, a\u00f1adi\u00f3 el Alcalde, quien extendi\u00f3 una felicitaci\u00f3n y reconocimiento al ejecutivo estatal.<\/p>\n<p>Entre las destacadas personalidades que asistieron al evento conmemorativo, al Alcalde lo acompa\u00f1\u00f3 el Presidente del Patronato del DIF-Reynosa, Lic. CARLOS LUIS PE\u00d1A GARZA.<\/p>\n<p style=\"text-align: center;\"><strong>SUPERVIS\u00d3 GOBIERNO DE REYNOSA PAVIMENTACI\u00d3N DE 6.7 MDP EN LA JOYA<\/strong><\/p>\n<p>A prop\u00f3sito de Reynosa, la calle Pedernal, entre Miguel \u00c1ngel y bulevar La Joya, del fraccionamiento La Joya, es pavimentada con una inversi\u00f3n de 6 millones 727 mil 923 pesos, obra que fue visitada por los vecinos y que en representaci\u00f3n del Presidente Municipal CARLOS PE\u00d1A ORTIZ, supervis\u00f3 el Secretario de Obras P\u00fablicas, Desarrollo Urbano y Medio Ambiente, EDUARDO L\u00d3PEZ ARIAS.<\/p>\n<p>Dos mil 174.24 metros cuadrados, superficie que componen tres cuadras, recibir\u00e1n el concreto hidr\u00e1ulico que mejorar\u00e1 con la pavimentaci\u00f3n, el nivel de vida de m\u00e1s de 14 mil ciudadanos del sector.<\/p>\n<p>\u00abEsta obra se construye con recursos provenientes del Programa de Regularizaci\u00f3n de Veh\u00edculos Usados de Procedencia Extranjera, o REPUVE, por lo que el Alcalde agradece al Presidente L\u00d3PEZ OBRADOR, esta oportunidad de apoyar a los reynosenses con mejor infraestructura vial\u00bb, dijo ante los vecinos el Arquitecto L\u00d3PEZ ARIAS.<\/p>\n<p>Acompa\u00f1ados por la Secretaria de Desarrollo Social, HIDILBERTA VEL\u00c1ZQUEZ MENDOZA, y por miembros del Cabildo, las familias agradecieron el trabajo del Gobierno de Reynosa y las decisiones del Presidente Municipal que tiene el apoyo de S\u00edndicos y Regidores para seguir transformando la ciudad.<\/p>\n<p style=\"text-align: center;\"><strong>REHABILITAR\u00c1 CARMEN LILIA CENTRO DE BIENESTAR JUVENIL<\/strong><\/p>\n<p>Mientras que, en Nuevo Laredo, el Centro de Bienestar Juvenil ubicado en la colonia El Progreso, ser\u00e1 rehabilitado por el gobierno municipal para que sea un \u00e1rea de esparcimiento y pueda ser utilizado por\u00a0ni\u00f1os, j\u00f3venes y adultos de este sector.<\/p>\n<p>La alcaldesa CARMEN LILIA CANTUROSAS, dio a conocer que de la mano del gobernador AM\u00c9RICO VILLARREAL ANAYA, se iniciar\u00e1 con la recuperaci\u00f3n de este espacio ubicado al poniente de la ciudad pues qued\u00f3 en el abandono por la pasada administraci\u00f3n estatal.<\/p>\n<p>Inform\u00f3 que al realizar un recorrido por este lugar, se percat\u00f3 de los desperfectos como vidrios rotos, las oficinas vandalizadas y en completo abandono.<\/p>\n<p>\u201cEstamos comprometidos con todos los ciudadanos en rehabilitar este tipo de lugares, la idea es que sean aprovechados por todos y darles mejores opciones de entretenimiento\u201d, dijo CANTUROSAS VILLARREAL.<\/p>\n<p>Los trabajos que se realizar\u00e1n son pintura de mesas, gradas, aparatos ejercitadores, ba\u00f1os, oficinas, cambio de sanitarios, reemplazo de puertas y chapas en ba\u00f1os;\u00a0 y en las oficinas,\u00a0 la rehabilitaci\u00f3n de cableado el\u00e9ctrico y l\u00e1mparas.<\/p>\n<p style=\"text-align: center;\"><strong>AM\u00c9RICO, EN EL SITIO DE LA TRAGEDIA; SE SUMA AL RESCATE<\/strong><\/p>\n<p>En ciudad Madero, entre tanto, al momento de escribir este apunte la tragedia de la iglesia de la Santa Cruz ya cobraba un saldo de 11 v\u00edctimas &#8211;y la noticia hab\u00eda dado la vuelta al mundo&#8211; pues la cadena EuroNews, que tiene amplia cobertura en la Union Europea y disfruta de numeroso auditorio, dio amplia difusi\u00f3n al derrumbe del techo que caus\u00f3 profunda consternaci\u00f3n y convoc\u00f3 la atenci\u00f3n personal del Gobernador AM\u00c9RICO VILLARREAL ANAYA, quien se concentr\u00f3 en el liugar del hecho para coordinar los dolorosos trabajos de rescate de v\u00edctimas y lesionados.<\/p>\n<p>El gobernador AM\u00c9RICO VILLARREAL ANAYA lleg\u00f3 el domingo por la noche a Ciudad Madero, para coordinar personalmente las tareas de rescate y la atenci\u00f3n a los lesionados, que colaps\u00f3 en la colonia Unidad Nacional provocando, hasta este momento, 11 fallecidos.<\/p>\n<p>A esa hora de la noche, el Gobernador confirm\u00f3 el lamentable deceso de 10 personas \u2013y en horas siguientes la cifra creci\u00f3 a 11&#8211;, tres de ellas menores de edad y adem\u00e1s se\u00f1al\u00f3 que 60 personas ameritaron atenci\u00f3n hospitalaria, quedando 23 personas con lesiones, de las cuales dos tienen heridas graves.<\/p>\n<p>Binomios caninos de la Cruz Roja y de la Secretar\u00eda de Marina tambi\u00e9n se sumaron a las labores para hallar a personas atrapadas entre los escombros, adem\u00e1s de dos c\u00e9lulas de param\u00e9dicos de la Cruz Roja Mexicana especializados en tareas de rescate de estructuras colapsadas.<\/p>\n<p style=\"text-align: center;\"><strong>POR ENCUESTA, \u2018REPRUEBAN\u2019 A ISMAEL PARA LA REELECCI\u00d3N<\/strong><\/p>\n<p>Vuelvo a la \u201cpolaca\u201d para compartirle que si &#8211;como lo afirma el presidente estatal del PAN LUIS REN\u00c9 CANT\u00da GALV\u00c1N&#8211;, las candidaturas del 2024 se definen por encuesta, es un hecho que si el senador ISMAEL GARC\u00cdA intentara buscar su reelecci\u00f3n, como lo ha citado reiteradamente en distintos foros, el panismo estatal le dar\u00e1 la espalda, por la estela de corrupci\u00f3n que dej\u00f3 su hermano FRANCISCO N como gobernador.<\/p>\n<p>Y a menos que la dirigencia nacional de MARKO CORT\u00c9S siga protegiendo a los hermanitos CABEZA, en Tamaulipas las bases del Partido Acci\u00f3n Nacional no est\u00e1n dispuestas a seguir toler\u00e1ndolos, seg\u00fan encuestas realizadas en municipios donde operan grupos antag\u00f3nicos al cabecismo y que por los \u00faltimos a\u00f1os hab\u00edan sido marginados por los hermanitos CABEZA en la entidad, con la aquiescencia de la dirigencia estatal.<\/p>\n<p>Por lo dem\u00e1s, es de temerse que si el CEN del PAN deja en manos del cabecismo la propuesta de candidatos al 2024, priistas y panistas terminar\u00f1an a la gre\u00f1a, pues el PRI exige espacios donde podr\u00eda ganar la elecci\u00f3n, pero el PAN cabecista pretende acaparar todo tipo de candidaturas, desde las diputaciones federales, senadur\u00edas, alcald\u00edas y diputaciones locales.<\/p>\n<p>\u00a1Vaya!, hasta sindicturas y regidur\u00edas\u2026 de ese ysma\u00f1o es su hambre de poder.<\/p>\n<p style=\"text-align: center;\"><strong>EXPRESA LA UAT SOLIDARIDAD POR V\u00cdCTIMAS DE LA TRAGEDIA EN CD. MADERO<\/strong><\/p>\n<p>Por \u00faltimo, al presidir en el campus Victoria la ceremonia de honores a la bandera nacional, el C.P. GUILLERMO MENDOZA CAVAZOS, rector de la Universidad Aut\u00f3noma de Tamaulipas (UAT), expres\u00f3 el mensaje de solidaridad de la comunidad universitaria con las familias afectadas por el tr\u00e1gico acontecimiento en la iglesia de la Santa Cruz en Ciudad Madero.<\/p>\n<p>Durante el acto de honores a los s\u00edmbolos patrios efectuado este 2 de octubre en la plazoleta c\u00edvica del Centro Universitario de Victoria, el rector GUILLERMO MENDOZA invit\u00f3 a los asistentes guardar un minuto de silencio como muestra de respeto y solidaridad con las familias.<\/p>\n<p>\u201cLes enviamos nuestras m\u00e1s profundas condolencias, les hacemos saber que estamos con ustedes en estos momentos dif\u00edciles; todo el claustro docente, alumnos y trabajadores universitarios hacemos patente nuestra solidaridad en este momento de duelo\u201d, dijo el rector.<\/p>\n<p>En ese contexto, reconoci\u00f3 al gobernador Dr. AM\u00c9RICO VILLARREAL ANAYA por su labor a cargo de la supervisi\u00f3n y coordinaci\u00f3n de los trabajos de protecci\u00f3n civil y los servicios de salud de Tamaulipas, as\u00ed como de los esfuerzos con las autoridades municipales, militares y de la marina.<\/p>\n<p>Refiri\u00f3 que la UAT se sum\u00f3 a las labores que coordina el gobernador, mediante la colaboraci\u00f3n de los equipos de protecci\u00f3n civil del Campus Universitario Sur, y con el equipo de reciente creaci\u00f3n \u201cK9\u201d de caninos de b\u00fasqueda y rescate de la Facultad de Medicina Veterinaria y Zootecnia.<\/p>\n<p>Al continuar con su intervenci\u00f3n, el contador p\u00fablico GUILLERMO MENDOZA recalc\u00f3 la importancia de inculcar en los estudiantes los valores c\u00edvicos, tras se\u00f1alar que la UAT es una instituci\u00f3n que entiende que la educaci\u00f3n no solo se trata de los conocimientos acad\u00e9micos, sino de la formaci\u00f3n integral de seres humanos y ciudadanos comprometidos con su comunidad y con su pa\u00eds.<\/p>\n<p>Por hoy es todo, nos leemos ma\u00f1ana.<\/p>\n","protected":false},"excerpt":{"rendered":"<p>(2-Octubre-2023) \u2018CV nos dej\u00f3 en -10\u2019 Con Am\u00e9rico Villarreal, Tamaulipas vive la transformaci\u00f3n \u00abNo al&#8230;<\/p>\n","protected":false},"author":1,"featured_media":30459,"comment_status":"closed","ping_status":"closed","sticky":false,"template":"","format":"standard","meta":{"footnotes":"","jetpack_publicize_message":"","jetpack_publicize_feature_enabled":true,"jetpack_social_post_already_shared":false,"jetpack_social_options":{"image_generator_settings":{"template":"highway","default_image_id":0,"font":"","enabled":false},"version":2}},"categories":[23],"tags":[],"class_list":["post-77110","post","type-post","status-publish","format-standard","has-post-thumbnail","hentry","category-columnas"],"jetpack_publicize_connections":[],"_links":{"self":[{"href":"https:\/\/www.buroperiodistico.com.mx\/index.php?rest_route=\/wp\/v2\/posts\/77110","targetHints":{"allow":["GET"]}}],"collection":[{"href":"https:\/\/www.buroperiodistico.com.mx\/index.php?rest_route=\/wp\/v2\/posts"}],"about":[{"href":"https:\/\/www.buroperiodistico.com.mx\/index.php?rest_route=\/wp\/v2\/types\/post"}],"author":[{"embeddable":true,"href":"https:\/\/www.buroperiodistico.com.mx\/index.php?rest_route=\/wp\/v2\/users\/1"}],"replies":[{"embeddable":true,"href":"https:\/\/www.buroperiodistico.com.mx\/index.php?rest_route=%2Fwp%2Fv2%2Fcomments&post=77110"}],"version-history":[{"count":0,"href":"https:\/\/www.buroperiodistico.com.mx\/index.php?rest_route=\/wp\/v2\/posts\/77110\/revisions"}],"wp:featuredmedia":[{"embeddable":true,"href":"https:\/\/www.buroperiodistico.com.mx\/index.php?rest_route=\/wp\/v2\/media\/30459"}],"wp:attachment":[{"href":"https:\/\/www.buroperiodistico.com.mx\/index.php?rest_route=%2Fwp%2Fv2%2Fmedia&parent=77110"}],"wp:term":[{"taxonomy":"category","embeddable":true,"href":"https:\/\/www.buroperiodistico.com.mx\/index.php?rest_route=%2Fwp%2Fv2%2Fcategories&post=77110"},{"taxonomy":"post_tag","embeddable":true,"href":"https:\/\/www.buroperiodistico.com.mx\/index.php?rest_route=%2Fwp%2Fv2%2Ftags&post=77110"}],"curies":[{"name":"wp","href":"https:\/\/api.w.org\/{rel}","templated":true}]}}