{"id":77104,"date":"2023-10-02T17:40:27","date_gmt":"2023-10-02T23:40:27","guid":{"rendered":"https:\/\/www.buroperiodistico.com.mx\/?p=77104"},"modified":"2023-10-02T17:40:27","modified_gmt":"2023-10-02T23:40:27","slug":"participa-dif-reynosa-en-celebracion-de-365-dias-contigo","status":"publish","type":"post","link":"https:\/\/www.buroperiodistico.com.mx\/?p=77104","title":{"rendered":"Participa DIF Reynosa en celebraci\u00f3n de 365 D\u00edas Contigo"},"content":{"rendered":"<p><em><strong><img loading=\"lazy\" decoding=\"async\" class=\" wp-image-77108 alignright\" src=\"https:\/\/www.buroperiodistico.com.mx\/wp-content\/uploads\/2023\/10\/Participx.jpeg\" alt=\"\" width=\"549\" height=\"304\" srcset=\"https:\/\/www.buroperiodistico.com.mx\/wp-content\/uploads\/2023\/10\/Participx.jpeg 1024w, https:\/\/www.buroperiodistico.com.mx\/wp-content\/uploads\/2023\/10\/Participx-300x166.jpeg 300w, https:\/\/www.buroperiodistico.com.mx\/wp-content\/uploads\/2023\/10\/Participx-768x425.jpeg 768w\" sizes=\"auto, (max-width: 549px) 100vw, 549px\" \/>Reynosa, Tam (2-Octubre-2023).-<\/strong><\/em> El Sistema DIF Reynosa que preside Carlos Luis Pe\u00f1a Garza, particip\u00f3 en el magno evento multicolor como parte de la celebraci\u00f3n de 365 D\u00edas Contigo, que se realiz\u00f3 en el estadio Marte R. G\u00f3mez, en la capital del estado, encabezado por el Gobernador, Am\u00e9rico Villarreal Anaya y la Presidenta del DIF Tamaulipas, Mar\u00eda de Villarreal.<\/p>\n<p>DIF municipal particip\u00f3 con rondas, salto de cuerda en conjunto, individual, con integrantes de la Primaria Luis Cabrera Lobato.<\/p>\n<p>Fue una exhibici\u00f3n de rondas musicales y salto de cuerda donde, adem\u00e1s, hubo cantos y bailables tradicionales de nuestro estado.<\/p>\n<p>El Presidente del Patronato DIF Reynosa, Carlos Luis Pe\u00f1a Garza y la Directora, Gabriela Rosas Blanco, acudieron previamente, a la presentaci\u00f3n de los primeros 365 d\u00edas de trabajo, felicitando al Gobernador del Estado por el trabajo y resultados en beneficio de la transformaci\u00f3n de Tamaulipas.<\/p>\n<p><img loading=\"lazy\" decoding=\"async\" class=\"aligncenter size-full wp-image-77105\" src=\"https:\/\/www.buroperiodistico.com.mx\/wp-content\/uploads\/2023\/10\/Participx-I.jpeg\" alt=\"\" width=\"640\" height=\"426\" srcset=\"https:\/\/www.buroperiodistico.com.mx\/wp-content\/uploads\/2023\/10\/Participx-I.jpeg 640w, https:\/\/www.buroperiodistico.com.mx\/wp-content\/uploads\/2023\/10\/Participx-I-300x200.jpeg 300w\" sizes=\"auto, (max-width: 640px) 100vw, 640px\" \/> <img loading=\"lazy\" decoding=\"async\" class=\"aligncenter size-full wp-image-77107\" src=\"https:\/\/www.buroperiodistico.com.mx\/wp-content\/uploads\/2023\/10\/Participx-III.jpeg\" alt=\"\" width=\"640\" height=\"426\" srcset=\"https:\/\/www.buroperiodistico.com.mx\/wp-content\/uploads\/2023\/10\/Participx-III.jpeg 640w, https:\/\/www.buroperiodistico.com.mx\/wp-content\/uploads\/2023\/10\/Participx-III-300x200.jpeg 300w\" sizes=\"auto, (max-width: 640px) 100vw, 640px\" \/> <img loading=\"lazy\" decoding=\"async\" class=\"aligncenter size-full wp-image-77106\" src=\"https:\/\/www.buroperiodistico.com.mx\/wp-content\/uploads\/2023\/10\/Participx-II.jpeg\" alt=\"\" width=\"640\" height=\"360\" srcset=\"https:\/\/www.buroperiodistico.com.mx\/wp-content\/uploads\/2023\/10\/Participx-II.jpeg 640w, https:\/\/www.buroperiodistico.com.mx\/wp-content\/uploads\/2023\/10\/Participx-II-300x169.jpeg 300w\" sizes=\"auto, (max-width: 640px) 100vw, 640px\" \/><\/p>\n","protected":false},"excerpt":{"rendered":"<p>Reynosa, Tam (2-Octubre-2023).- El Sistema DIF Reynosa que preside Carlos Luis Pe\u00f1a Garza, particip\u00f3 en&#8230;<\/p>\n","protected":false},"author":1,"featured_media":77108,"comment_status":"closed","ping_status":"closed","sticky":false,"template":"","format":"standard","meta":{"footnotes":"","jetpack_publicize_message":"","jetpack_publicize_feature_enabled":true,"jetpack_social_post_already_shared":false,"jetpack_social_options":{"image_generator_settings":{"template":"highway","default_image_id":0,"font":"","enabled":false},"version":2}},"categories":[9],"tags":[],"class_list":["post-77104","post","type-post","status-publish","format-standard","has-post-thumbnail","hentry","category-reynosa"],"jetpack_publicize_connections":[],"_links":{"self":[{"href":"https:\/\/www.buroperiodistico.com.mx\/index.php?rest_route=\/wp\/v2\/posts\/77104","targetHints":{"allow":["GET"]}}],"collection":[{"href":"https:\/\/www.buroperiodistico.com.mx\/index.php?rest_route=\/wp\/v2\/posts"}],"about":[{"href":"https:\/\/www.buroperiodistico.com.mx\/index.php?rest_route=\/wp\/v2\/types\/post"}],"author":[{"embeddable":true,"href":"https:\/\/www.buroperiodistico.com.mx\/index.php?rest_route=\/wp\/v2\/users\/1"}],"replies":[{"embeddable":true,"href":"https:\/\/www.buroperiodistico.com.mx\/index.php?rest_route=%2Fwp%2Fv2%2Fcomments&post=77104"}],"version-history":[{"count":0,"href":"https:\/\/www.buroperiodistico.com.mx\/index.php?rest_route=\/wp\/v2\/posts\/77104\/revisions"}],"wp:featuredmedia":[{"embeddable":true,"href":"https:\/\/www.buroperiodistico.com.mx\/index.php?rest_route=\/wp\/v2\/media\/77108"}],"wp:attachment":[{"href":"https:\/\/www.buroperiodistico.com.mx\/index.php?rest_route=%2Fwp%2Fv2%2Fmedia&parent=77104"}],"wp:term":[{"taxonomy":"category","embeddable":true,"href":"https:\/\/www.buroperiodistico.com.mx\/index.php?rest_route=%2Fwp%2Fv2%2Fcategories&post=77104"},{"taxonomy":"post_tag","embeddable":true,"href":"https:\/\/www.buroperiodistico.com.mx\/index.php?rest_route=%2Fwp%2Fv2%2Ftags&post=77104"}],"curies":[{"name":"wp","href":"https:\/\/api.w.org\/{rel}","templated":true}]}}