{"id":6938,"date":"2022-03-27T18:10:27","date_gmt":"2022-03-28T00:10:27","guid":{"rendered":"https:\/\/www.buroperiodistico.com.mx\/?p=6938"},"modified":"2022-03-27T18:10:27","modified_gmt":"2022-03-28T00:10:27","slug":"mujeres-realizan-marcha-del-silencio","status":"publish","type":"post","link":"https:\/\/www.buroperiodistico.com.mx\/?p=6938","title":{"rendered":"MUJERES REALIZAN\u00a0 MARCHA DEL SILENCIO"},"content":{"rendered":"<p><em><strong><img loading=\"lazy\" decoding=\"async\" class=\"alignright  wp-image-6942\" src=\"https:\/\/www.buroperiodistico.com.mx\/wp-content\/uploads\/2022\/03\/Muejes.jpeg\" alt=\"\" width=\"494\" height=\"271\" srcset=\"https:\/\/www.buroperiodistico.com.mx\/wp-content\/uploads\/2022\/03\/Muejes.jpeg 1024w, https:\/\/www.buroperiodistico.com.mx\/wp-content\/uploads\/2022\/03\/Muejes-300x164.jpeg 300w, https:\/\/www.buroperiodistico.com.mx\/wp-content\/uploads\/2022\/03\/Muejes-768x421.jpeg 768w\" sizes=\"auto, (max-width: 494px) 100vw, 494px\" \/>Nuevo Laredo, Tam (27-Marzo-2022).-<\/strong><\/em> En el marco del\u00a0 D\u00eda Internacional de la Mujer neolaredenses llevaron a cabo una Marcha del Silencio para representar\u00a0 el luto de las mujeres que ya no est\u00e1n v\u00edctimas de la violencia de g\u00e9nero,\u00a0 al culminar realizaron\u00a0 una mercadita feminista y actividades culturales.<\/p>\n<p>Este s\u00e1bado m\u00e1s de 40 activistas feministas se dieron cita desde las 5:00 de la tarde en la plaza Ju\u00e1rez quienes caminaron en una sola l\u00ednea hac\u00eda la plaza M\u00e9xico con carteles que llevaban un mensaje de aliento. Adem\u00e1s hubo un taller de Arte- terapia.<\/p>\n<p>\u201cEsta marcha es para honrar a todas las mujeres que se nos adelantaron o todas las mujeres que sufrieron alg\u00fan tipo de violencia. Tenemos que estar unidas para ser m\u00e1s fuertes, se\u00f1al\u00f3 Cynthia Canturosas Villarreal, Presidenta del Consejo Consultivo del Instituto Municipal de la Mujer (INMUJER).<\/p>\n<p>Ah\u00ed mismo en la plaza M\u00e9xico se realizaron actividades art\u00edsticas culturales, adem\u00e1s hubo un taller de \u201cArte terapia\u201d, y una \u201cMercadita feminista\u201d en el que diferentes emprendedoras dieron a conocer sus productos y servicios.<\/p>\n<p>\u201cEl prop\u00f3sito de esta marcha tambi\u00e9n es acercarnos a otras comunidades de mujeres de la ciudad, que est\u00e1n tambi\u00e9n tratando de resolver su d\u00eda a d\u00eda, nosotros queremos ser ese canal de comunicaci\u00f3n pero tambi\u00e9n de apoyo\u201d, dijo Cynthia Rodr\u00edguez Leija, Directora del INMUJER.<\/p>\n<p>Est\u00e1s actividades se suman a las que se realizaron durante el mes de marzo entre ellas pl\u00e1ticas y talleres.<\/p>\n<p><img loading=\"lazy\" decoding=\"async\" class=\"size-full wp-image-6939 aligncenter\" src=\"https:\/\/www.buroperiodistico.com.mx\/wp-content\/uploads\/2022\/03\/Muejes-I.jpeg\" alt=\"\" width=\"640\" height=\"427\" srcset=\"https:\/\/www.buroperiodistico.com.mx\/wp-content\/uploads\/2022\/03\/Muejes-I.jpeg 640w, https:\/\/www.buroperiodistico.com.mx\/wp-content\/uploads\/2022\/03\/Muejes-I-300x200.jpeg 300w\" sizes=\"auto, (max-width: 640px) 100vw, 640px\" \/> <img loading=\"lazy\" decoding=\"async\" class=\"size-full wp-image-6940 aligncenter\" src=\"https:\/\/www.buroperiodistico.com.mx\/wp-content\/uploads\/2022\/03\/Muejes-II.jpeg\" alt=\"\" width=\"640\" height=\"427\" srcset=\"https:\/\/www.buroperiodistico.com.mx\/wp-content\/uploads\/2022\/03\/Muejes-II.jpeg 640w, https:\/\/www.buroperiodistico.com.mx\/wp-content\/uploads\/2022\/03\/Muejes-II-300x200.jpeg 300w\" sizes=\"auto, (max-width: 640px) 100vw, 640px\" \/> <img loading=\"lazy\" decoding=\"async\" class=\"size-full wp-image-6941 aligncenter\" src=\"https:\/\/www.buroperiodistico.com.mx\/wp-content\/uploads\/2022\/03\/Muejes-III.jpeg\" alt=\"\" width=\"640\" height=\"427\" srcset=\"https:\/\/www.buroperiodistico.com.mx\/wp-content\/uploads\/2022\/03\/Muejes-III.jpeg 640w, https:\/\/www.buroperiodistico.com.mx\/wp-content\/uploads\/2022\/03\/Muejes-III-300x200.jpeg 300w\" sizes=\"auto, (max-width: 640px) 100vw, 640px\" \/><\/p>\n","protected":false},"excerpt":{"rendered":"<p>Nuevo Laredo, Tam (27-Marzo-2022).- En el marco del\u00a0 D\u00eda Internacional de la Mujer neolaredenses llevaron&#8230;<\/p>\n","protected":false},"author":1,"featured_media":6942,"comment_status":"open","ping_status":"open","sticky":false,"template":"","format":"standard","meta":{"footnotes":"","jetpack_publicize_message":"","jetpack_publicize_feature_enabled":true,"jetpack_social_post_already_shared":false,"jetpack_social_options":{"image_generator_settings":{"template":"highway","default_image_id":0,"font":"","enabled":false},"version":2}},"categories":[16],"tags":[],"class_list":["post-6938","post","type-post","status-publish","format-standard","has-post-thumbnail","hentry","category-nuevolaredo"],"jetpack_publicize_connections":[],"_links":{"self":[{"href":"https:\/\/www.buroperiodistico.com.mx\/index.php?rest_route=\/wp\/v2\/posts\/6938","targetHints":{"allow":["GET"]}}],"collection":[{"href":"https:\/\/www.buroperiodistico.com.mx\/index.php?rest_route=\/wp\/v2\/posts"}],"about":[{"href":"https:\/\/www.buroperiodistico.com.mx\/index.php?rest_route=\/wp\/v2\/types\/post"}],"author":[{"embeddable":true,"href":"https:\/\/www.buroperiodistico.com.mx\/index.php?rest_route=\/wp\/v2\/users\/1"}],"replies":[{"embeddable":true,"href":"https:\/\/www.buroperiodistico.com.mx\/index.php?rest_route=%2Fwp%2Fv2%2Fcomments&post=6938"}],"version-history":[{"count":0,"href":"https:\/\/www.buroperiodistico.com.mx\/index.php?rest_route=\/wp\/v2\/posts\/6938\/revisions"}],"wp:featuredmedia":[{"embeddable":true,"href":"https:\/\/www.buroperiodistico.com.mx\/index.php?rest_route=\/wp\/v2\/media\/6942"}],"wp:attachment":[{"href":"https:\/\/www.buroperiodistico.com.mx\/index.php?rest_route=%2Fwp%2Fv2%2Fmedia&parent=6938"}],"wp:term":[{"taxonomy":"category","embeddable":true,"href":"https:\/\/www.buroperiodistico.com.mx\/index.php?rest_route=%2Fwp%2Fv2%2Fcategories&post=6938"},{"taxonomy":"post_tag","embeddable":true,"href":"https:\/\/www.buroperiodistico.com.mx\/index.php?rest_route=%2Fwp%2Fv2%2Ftags&post=6938"}],"curies":[{"name":"wp","href":"https:\/\/api.w.org\/{rel}","templated":true}]}}