{"id":6923,"date":"2022-03-27T18:01:38","date_gmt":"2022-03-28T00:01:38","guid":{"rendered":"https:\/\/www.buroperiodistico.com.mx\/?p=6923"},"modified":"2022-03-27T18:01:38","modified_gmt":"2022-03-28T00:01:38","slug":"iniciara-refuerzo-de-vacunacion-federal-para-personas-de-30-anos-y-mas","status":"publish","type":"post","link":"https:\/\/www.buroperiodistico.com.mx\/?p=6923","title":{"rendered":"INICIAR\u00c1 REFUERZO DE VACUNACI\u00d3N FEDERAL PARA PERSONAS DE 30 A\u00d1OS Y M\u00c1S"},"content":{"rendered":"<p><em><strong><img loading=\"lazy\" decoding=\"async\" class=\"alignright  wp-image-6925\" src=\"https:\/\/www.buroperiodistico.com.mx\/wp-content\/uploads\/2022\/03\/Vacuna.jpeg\" alt=\"\" width=\"586\" height=\"360\" srcset=\"https:\/\/www.buroperiodistico.com.mx\/wp-content\/uploads\/2022\/03\/Vacuna.jpeg 1024w, https:\/\/www.buroperiodistico.com.mx\/wp-content\/uploads\/2022\/03\/Vacuna-300x184.jpeg 300w, https:\/\/www.buroperiodistico.com.mx\/wp-content\/uploads\/2022\/03\/Vacuna-768x472.jpeg 768w\" sizes=\"auto, (max-width: 586px) 100vw, 586px\" \/>Nuevo Laredo, Tam (27-marzo-2022).-<\/strong><\/em> Este lunes el Gobierno Federal iniciar\u00e1 la aplicaci\u00f3n de vacunas de refuerzo contra el covid-19 para personas de 30 a\u00f1os y m\u00e1s, por ello autoridades municipales ser\u00e1n parte de la\u00a0 coordinaci\u00f3n para que se lleve a cabo de una manera ordenada.<\/p>\n<p>Con el apoyo de elementos de Protecci\u00f3n Civil, Tr\u00e1nsito y Guardias Municipales se llevar\u00e1 a cabo la vacunaci\u00f3n en las diferentes sedes quienes coordinar\u00e1n el tr\u00e1fico, adem\u00e1s de atender cualquier situaci\u00f3n que se pueda presentar.<\/p>\n<p>\u201cLa Presidenta Municipal Carmen Lilia Canturosas ha estado con todo el inter\u00e9s a lo largo de las jornadas de vacunaci\u00f3n para que se realicen estos eventos de protecci\u00f3n a la salud de la ciudadan\u00eda neolaredense\u201d, dijo Eduardo Espinoza, Coordinador T\u00e9cnico de Bienestar Social Nuevo Laredo.<\/p>\n<p>Los ciudadanos interesados en recibir el refuerzo de vacuna Aztra Zeneca debe tener m\u00ednimo 4 meses despu\u00e9s de la \u00faltima aplicaci\u00f3n, adem\u00e1s de presentar la solicitud de refuerzo que se encuentra en la siguiente p\u00e1gina https:\/\/mivacuna.salud.gob.mx\/index.php<\/p>\n<p>Tambi\u00e9n las personas que vayan a recibir segunda dosis deber\u00e1n tener m\u00ednimo 56 d\u00edas despu\u00e9s de aplicada la primera dosis, tienen que presentar el comprobante de la primera dosis, curp, comprobante de domicilio y el expediente de vacunaci\u00f3n.<\/p>\n<p>Las sedes de vacunaci\u00f3n ser\u00e1n dos: una en Expomex en autom\u00f3vil en un horario de 8:00 de la ma\u00f1ana a 4:00 de la tarde; mientras que en el centro c\u00edvico ser\u00e1 a partir de las 8:00 de la ma\u00f1ana a 6:00 de la tarde, modalidad sala de espera.<\/p>\n<p>La aplicaci\u00f3n de la vacuna se llevar\u00e1 a cabo de acuerdo a la letra del primer apellido, lunes 28 de marzo ser\u00e1n las iniciales A, B, C, y D; el martes 29 de marzo la letras E, F, G, H, I y J; el mi\u00e9rcoles 30 de marzo quienes lleven las iniciales K, L, M, N, \u00d1, O y P; el jueves 31 de marzo Q, R, S, T, U, V, W, X, Y, y Z; el viernes 1 de abril ser\u00e1n atendidos todos los ciudadanos.<\/p>\n<p>As\u00ed mismo el Gobierno Municipal realiza actualmente vacunaci\u00f3n transfronteriza para menores de 5 a 11 a\u00f1os quienes previamente fueron registrados y se les est\u00e1 aplicando la segunda dosis para completar el esquema de vacunaci\u00f3n.<\/p>\n<p><img loading=\"lazy\" decoding=\"async\" class=\"size-full wp-image-6924 aligncenter\" src=\"https:\/\/www.buroperiodistico.com.mx\/wp-content\/uploads\/2022\/03\/Vacuna-I.jpeg\" alt=\"\" width=\"640\" height=\"427\" srcset=\"https:\/\/www.buroperiodistico.com.mx\/wp-content\/uploads\/2022\/03\/Vacuna-I.jpeg 640w, https:\/\/www.buroperiodistico.com.mx\/wp-content\/uploads\/2022\/03\/Vacuna-I-300x200.jpeg 300w\" sizes=\"auto, (max-width: 640px) 100vw, 640px\" \/><\/p>\n","protected":false},"excerpt":{"rendered":"<p>Nuevo Laredo, Tam (27-marzo-2022).- Este lunes el Gobierno Federal iniciar\u00e1 la aplicaci\u00f3n de vacunas de&#8230;<\/p>\n","protected":false},"author":1,"featured_media":6925,"comment_status":"open","ping_status":"open","sticky":false,"template":"","format":"standard","meta":{"footnotes":"","jetpack_publicize_message":"","jetpack_publicize_feature_enabled":true,"jetpack_social_post_already_shared":false,"jetpack_social_options":{"image_generator_settings":{"template":"highway","default_image_id":0,"font":"","enabled":false},"version":2}},"categories":[16],"tags":[],"class_list":["post-6923","post","type-post","status-publish","format-standard","has-post-thumbnail","hentry","category-nuevolaredo"],"jetpack_publicize_connections":[],"_links":{"self":[{"href":"https:\/\/www.buroperiodistico.com.mx\/index.php?rest_route=\/wp\/v2\/posts\/6923","targetHints":{"allow":["GET"]}}],"collection":[{"href":"https:\/\/www.buroperiodistico.com.mx\/index.php?rest_route=\/wp\/v2\/posts"}],"about":[{"href":"https:\/\/www.buroperiodistico.com.mx\/index.php?rest_route=\/wp\/v2\/types\/post"}],"author":[{"embeddable":true,"href":"https:\/\/www.buroperiodistico.com.mx\/index.php?rest_route=\/wp\/v2\/users\/1"}],"replies":[{"embeddable":true,"href":"https:\/\/www.buroperiodistico.com.mx\/index.php?rest_route=%2Fwp%2Fv2%2Fcomments&post=6923"}],"version-history":[{"count":0,"href":"https:\/\/www.buroperiodistico.com.mx\/index.php?rest_route=\/wp\/v2\/posts\/6923\/revisions"}],"wp:featuredmedia":[{"embeddable":true,"href":"https:\/\/www.buroperiodistico.com.mx\/index.php?rest_route=\/wp\/v2\/media\/6925"}],"wp:attachment":[{"href":"https:\/\/www.buroperiodistico.com.mx\/index.php?rest_route=%2Fwp%2Fv2%2Fmedia&parent=6923"}],"wp:term":[{"taxonomy":"category","embeddable":true,"href":"https:\/\/www.buroperiodistico.com.mx\/index.php?rest_route=%2Fwp%2Fv2%2Fcategories&post=6923"},{"taxonomy":"post_tag","embeddable":true,"href":"https:\/\/www.buroperiodistico.com.mx\/index.php?rest_route=%2Fwp%2Fv2%2Ftags&post=6923"}],"curies":[{"name":"wp","href":"https:\/\/api.w.org\/{rel}","templated":true}]}}