{"id":6850,"date":"2022-03-26T19:01:46","date_gmt":"2022-03-27T01:01:46","guid":{"rendered":"https:\/\/www.buroperiodistico.com.mx\/?p=6850"},"modified":"2022-03-26T19:01:46","modified_gmt":"2022-03-27T01:01:46","slug":"disfrutan-jovenes-y-adultos-tardes-de-danzon-en-la-plaza-juarez","status":"publish","type":"post","link":"https:\/\/www.buroperiodistico.com.mx\/?p=6850","title":{"rendered":"DISFRUTAN J\u00d3VENES Y ADULTOS TARDES DE DANZ\u00d3N\u00a0 EN LA PLAZA JU\u00c1REZ"},"content":{"rendered":"<p><em><strong><img loading=\"lazy\" decoding=\"async\" class=\"alignright  wp-image-6853\" src=\"https:\/\/www.buroperiodistico.com.mx\/wp-content\/uploads\/2022\/03\/Danzon.jpeg\" alt=\"\" width=\"524\" height=\"292\" srcset=\"https:\/\/www.buroperiodistico.com.mx\/wp-content\/uploads\/2022\/03\/Danzon.jpeg 1024w, https:\/\/www.buroperiodistico.com.mx\/wp-content\/uploads\/2022\/03\/Danzon-300x167.jpeg 300w, https:\/\/www.buroperiodistico.com.mx\/wp-content\/uploads\/2022\/03\/Danzon-768x428.jpeg 768w\" sizes=\"auto, (max-width: 524px) 100vw, 524px\" \/>Nuevo Laredo, Tam (26-Marzo-2022).-<\/strong><\/em> Al comp\u00e1s del danz\u00f3n decenas de personas entre j\u00f3venes y adultos se dieron cita en la plaza Ju\u00e1rez para disfrutar de este baile, adem\u00e1s de convivir en familia y reactivar el turismo del centro hist\u00f3rico.<\/p>\n<p>Este viernes desde las 5:30 de la tarde dio inicio la segunda edici\u00f3n de \u201cTardes de Danz\u00f3n\u201d, a cargo del ballet folkl\u00f3rico Izcalli quienes presentaron un n\u00famero a los asistentes, para despu\u00e9s ense\u00f1arles los diferentes pasos de baile.<\/p>\n<p>\u201cSe lleva a cabo por instrucciones de la presidenta Carmen Lilia Canturosas, para dar vida al Centro Hist\u00f3rico, fomentar la integraci\u00f3n social e incentivar la apertura de negocios \u201d, mencion\u00f3 Roberto Huerta Cano, director de Turismo.<\/p>\n<p>Para los adultos mayores que presenciaron el evento mencionaron que era importante realizarlo pues ante la pandemia por el covid-19 estuvieron tiempo en aislamiento por lo que no ten\u00edan una distracci\u00f3n.<\/p>\n<p>\u201cEs algo muy bonito y desestresante para uno que es mayor y no hay lugares para ir a divertirse, para nosotros el baile ha sido como una terapia, ahorita por lo que estamos atravesando tambi\u00e9n, le agradecemos mucho a la presidenta Carmen Lilia\u201d, dijo Laura \u00c1vila, asistente.<\/p>\n<p>Este evento de la direcci\u00f3n de Turismo y de Arte y Cultura es con la\u00a0 finalidad\u00a0 impulsar la econom\u00eda, el comercio\u00a0 y la sana convivencia.<\/p>\n<p>\u201cHan venido muchas personas desde el primer d\u00eda y se est\u00e1n dando cita para aprender a bailar, despu\u00e9s de la ense\u00f1anza la gente se ha quedado a bailar\u201d, dijo Marcos Rodr\u00edguez Leija, director de Arte y Cultura.<\/p>\n<p>Mientras que los j\u00f3venes que estaban presentes dijeron estar contentos por conocer otros g\u00e9neros de m\u00fasica desde escucharlos, hasta observar como se bailan adem\u00e1s que se est\u00e9n realizando eventos para convivir en familia.<\/p>\n<p>\u201cEs muy bonito ver otro tipo de bailes, ya que nosotros conocemos otros bailes, es algo nuevo que estoy aprendiendo porque no hab\u00eda visto este tipo de danz\u00f3n, son actividades que no se hab\u00edan visto antes\u201d, refiri\u00f3 Cielo Baltazar, asistente.<\/p>\n<p>El evento se estar\u00e1 realizando cada viernes en la plaza Ju\u00e1rez a partir de las 5:30 de la tarde.<\/p>\n<p><img loading=\"lazy\" decoding=\"async\" class=\"size-full wp-image-6851 aligncenter\" src=\"https:\/\/www.buroperiodistico.com.mx\/wp-content\/uploads\/2022\/03\/Danzon-I.jpeg\" alt=\"\" width=\"640\" height=\"427\" srcset=\"https:\/\/www.buroperiodistico.com.mx\/wp-content\/uploads\/2022\/03\/Danzon-I.jpeg 640w, https:\/\/www.buroperiodistico.com.mx\/wp-content\/uploads\/2022\/03\/Danzon-I-300x200.jpeg 300w\" sizes=\"auto, (max-width: 640px) 100vw, 640px\" \/> <img loading=\"lazy\" decoding=\"async\" class=\"size-full wp-image-6852 aligncenter\" src=\"https:\/\/www.buroperiodistico.com.mx\/wp-content\/uploads\/2022\/03\/Danzon-II.jpeg\" alt=\"\" width=\"640\" height=\"427\" srcset=\"https:\/\/www.buroperiodistico.com.mx\/wp-content\/uploads\/2022\/03\/Danzon-II.jpeg 640w, https:\/\/www.buroperiodistico.com.mx\/wp-content\/uploads\/2022\/03\/Danzon-II-300x200.jpeg 300w\" sizes=\"auto, (max-width: 640px) 100vw, 640px\" \/><\/p>\n<div style=\"width: 640px;\" class=\"wp-video\"><video class=\"wp-video-shortcode\" id=\"video-6850-1\" width=\"640\" height=\"360\" preload=\"metadata\" controls=\"controls\"><source type=\"video\/mp4\" src=\"https:\/\/www.buroperiodistico.com.mx\/wp-content\/uploads\/2022\/03\/26-DE-MARZO-DIRECTOR-DE-ARTE-Y-CULTURA-MARCO-RODRIGUEZ-LEIJA-BAILE-EN-LA-PLAZA.mp4?_=1\" \/><a href=\"https:\/\/www.buroperiodistico.com.mx\/wp-content\/uploads\/2022\/03\/26-DE-MARZO-DIRECTOR-DE-ARTE-Y-CULTURA-MARCO-RODRIGUEZ-LEIJA-BAILE-EN-LA-PLAZA.mp4\">https:\/\/www.buroperiodistico.com.mx\/wp-content\/uploads\/2022\/03\/26-DE-MARZO-DIRECTOR-DE-ARTE-Y-CULTURA-MARCO-RODRIGUEZ-LEIJA-BAILE-EN-LA-PLAZA.mp4<\/a><\/video><\/div>\n","protected":false},"excerpt":{"rendered":"<p>Nuevo Laredo, Tam (26-Marzo-2022).- Al comp\u00e1s del danz\u00f3n decenas de personas entre j\u00f3venes y adultos&#8230;<\/p>\n","protected":false},"author":1,"featured_media":6853,"comment_status":"open","ping_status":"open","sticky":false,"template":"","format":"standard","meta":{"footnotes":"","jetpack_publicize_message":"","jetpack_publicize_feature_enabled":true,"jetpack_social_post_already_shared":false,"jetpack_social_options":{"image_generator_settings":{"template":"highway","default_image_id":0,"font":"","enabled":false},"version":2}},"categories":[16],"tags":[],"class_list":["post-6850","post","type-post","status-publish","format-standard","has-post-thumbnail","hentry","category-nuevolaredo"],"jetpack_publicize_connections":[],"_links":{"self":[{"href":"https:\/\/www.buroperiodistico.com.mx\/index.php?rest_route=\/wp\/v2\/posts\/6850","targetHints":{"allow":["GET"]}}],"collection":[{"href":"https:\/\/www.buroperiodistico.com.mx\/index.php?rest_route=\/wp\/v2\/posts"}],"about":[{"href":"https:\/\/www.buroperiodistico.com.mx\/index.php?rest_route=\/wp\/v2\/types\/post"}],"author":[{"embeddable":true,"href":"https:\/\/www.buroperiodistico.com.mx\/index.php?rest_route=\/wp\/v2\/users\/1"}],"replies":[{"embeddable":true,"href":"https:\/\/www.buroperiodistico.com.mx\/index.php?rest_route=%2Fwp%2Fv2%2Fcomments&post=6850"}],"version-history":[{"count":0,"href":"https:\/\/www.buroperiodistico.com.mx\/index.php?rest_route=\/wp\/v2\/posts\/6850\/revisions"}],"wp:featuredmedia":[{"embeddable":true,"href":"https:\/\/www.buroperiodistico.com.mx\/index.php?rest_route=\/wp\/v2\/media\/6853"}],"wp:attachment":[{"href":"https:\/\/www.buroperiodistico.com.mx\/index.php?rest_route=%2Fwp%2Fv2%2Fmedia&parent=6850"}],"wp:term":[{"taxonomy":"category","embeddable":true,"href":"https:\/\/www.buroperiodistico.com.mx\/index.php?rest_route=%2Fwp%2Fv2%2Fcategories&post=6850"},{"taxonomy":"post_tag","embeddable":true,"href":"https:\/\/www.buroperiodistico.com.mx\/index.php?rest_route=%2Fwp%2Fv2%2Ftags&post=6850"}],"curies":[{"name":"wp","href":"https:\/\/api.w.org\/{rel}","templated":true}]}}