{"id":6844,"date":"2022-03-26T18:32:19","date_gmt":"2022-03-27T00:32:19","guid":{"rendered":"https:\/\/www.buroperiodistico.com.mx\/?p=6844"},"modified":"2022-03-26T18:32:19","modified_gmt":"2022-03-27T00:32:19","slug":"invita-va-por-tamaulipas-a-registro-de-truko","status":"publish","type":"post","link":"https:\/\/www.buroperiodistico.com.mx\/?p=6844","title":{"rendered":"Invita Va por Tamaulipas a registro de Truko"},"content":{"rendered":"<p><em><strong><img loading=\"lazy\" decoding=\"async\" class=\"alignright  wp-image-6848\" src=\"https:\/\/www.buroperiodistico.com.mx\/wp-content\/uploads\/2022\/03\/TrukkoT.jpg\" alt=\"\" width=\"525\" height=\"284\" srcset=\"https:\/\/www.buroperiodistico.com.mx\/wp-content\/uploads\/2022\/03\/TrukkoT.jpg 1110w, https:\/\/www.buroperiodistico.com.mx\/wp-content\/uploads\/2022\/03\/TrukkoT-300x162.jpg 300w, https:\/\/www.buroperiodistico.com.mx\/wp-content\/uploads\/2022\/03\/TrukkoT-1024x554.jpg 1024w, https:\/\/www.buroperiodistico.com.mx\/wp-content\/uploads\/2022\/03\/TrukkoT-768x415.jpg 768w\" sizes=\"auto, (max-width: 525px) 100vw, 525px\" \/>Cd. Victoria, Tam (26-Marzo-2022).-<\/strong><\/em> La coalici\u00f3n \u201cVa por Tamaulipas\u201d integrada por los partidos Revolucionario Institucional, Acci\u00f3n Nacional, de la Revoluci\u00f3n Democr\u00e1tica invita a todos los tamaulipecos a acompa\u00f1ar a Truko Ver\u00e1stegui Ostos a su registro como candidato a la gubernatura del estado.<\/p>\n<p>La cita es este domingo a partir de las 9:30 horas en el patinadero del estadio Marte R. G\u00f3mez, para a las 11:00 horas en punto, dirigirse en una caminata multitudinaria al Paseo M\u00e9ndez, desde donde Ver\u00e1stegui Ostos firmar\u00e1 la solicitud de registr\u00f3 que ser\u00e1 presentada ante el Instituto Electoral de Tamaulipas.<\/p>\n<p>En este evento se espera la presencia de tamaulipecos de todos los municipios de la entidad, que llegar\u00e1n a esta capital a refrendar su respaldo al abanderado de la alianza \u201cVa por Tamaulipas\u201d.<\/p>\n<p>As\u00ed mismo, se espera la presencia de los l\u00edderes nacionales del PRI, PAN y PRD, l\u00edderes de los diferentes sectores de estos organismos pol\u00edticos, senadores, diputados, exsenadores, ex diputados, ex gobernadores, entre otros.<\/p>\n<p><img loading=\"lazy\" decoding=\"async\" class=\"size-full wp-image-6845 aligncenter\" src=\"https:\/\/www.buroperiodistico.com.mx\/wp-content\/uploads\/2022\/03\/TrukkoT-I.jpeg\" alt=\"\" width=\"640\" height=\"427\" srcset=\"https:\/\/www.buroperiodistico.com.mx\/wp-content\/uploads\/2022\/03\/TrukkoT-I.jpeg 640w, https:\/\/www.buroperiodistico.com.mx\/wp-content\/uploads\/2022\/03\/TrukkoT-I-300x200.jpeg 300w\" sizes=\"auto, (max-width: 640px) 100vw, 640px\" \/> <img loading=\"lazy\" decoding=\"async\" class=\"size-full wp-image-6846 aligncenter\" src=\"https:\/\/www.buroperiodistico.com.mx\/wp-content\/uploads\/2022\/03\/TrukkoT-II.jpeg\" alt=\"\" width=\"640\" height=\"410\" srcset=\"https:\/\/www.buroperiodistico.com.mx\/wp-content\/uploads\/2022\/03\/TrukkoT-II.jpeg 640w, https:\/\/www.buroperiodistico.com.mx\/wp-content\/uploads\/2022\/03\/TrukkoT-II-300x192.jpeg 300w\" sizes=\"auto, (max-width: 640px) 100vw, 640px\" \/> <img loading=\"lazy\" decoding=\"async\" class=\"size-full wp-image-6847 aligncenter\" src=\"https:\/\/www.buroperiodistico.com.mx\/wp-content\/uploads\/2022\/03\/TrukkoT-III.jpeg\" alt=\"\" width=\"640\" height=\"455\" srcset=\"https:\/\/www.buroperiodistico.com.mx\/wp-content\/uploads\/2022\/03\/TrukkoT-III.jpeg 640w, https:\/\/www.buroperiodistico.com.mx\/wp-content\/uploads\/2022\/03\/TrukkoT-III-300x213.jpeg 300w\" sizes=\"auto, (max-width: 640px) 100vw, 640px\" \/><\/p>\n","protected":false},"excerpt":{"rendered":"<p>Cd. Victoria, Tam (26-Marzo-2022).- La coalici\u00f3n \u201cVa por Tamaulipas\u201d integrada por los partidos Revolucionario Institucional,&#8230;<\/p>\n","protected":false},"author":1,"featured_media":6848,"comment_status":"open","ping_status":"open","sticky":false,"template":"","format":"standard","meta":{"footnotes":"","jetpack_publicize_message":"","jetpack_publicize_feature_enabled":true,"jetpack_social_post_already_shared":false,"jetpack_social_options":{"image_generator_settings":{"template":"highway","default_image_id":0,"font":"","enabled":false},"version":2}},"categories":[17,25],"tags":[],"class_list":["post-6844","post","type-post","status-publish","format-standard","has-post-thumbnail","hentry","category-ciudadvictoria","category-portada"],"jetpack_publicize_connections":[],"_links":{"self":[{"href":"https:\/\/www.buroperiodistico.com.mx\/index.php?rest_route=\/wp\/v2\/posts\/6844","targetHints":{"allow":["GET"]}}],"collection":[{"href":"https:\/\/www.buroperiodistico.com.mx\/index.php?rest_route=\/wp\/v2\/posts"}],"about":[{"href":"https:\/\/www.buroperiodistico.com.mx\/index.php?rest_route=\/wp\/v2\/types\/post"}],"author":[{"embeddable":true,"href":"https:\/\/www.buroperiodistico.com.mx\/index.php?rest_route=\/wp\/v2\/users\/1"}],"replies":[{"embeddable":true,"href":"https:\/\/www.buroperiodistico.com.mx\/index.php?rest_route=%2Fwp%2Fv2%2Fcomments&post=6844"}],"version-history":[{"count":0,"href":"https:\/\/www.buroperiodistico.com.mx\/index.php?rest_route=\/wp\/v2\/posts\/6844\/revisions"}],"wp:featuredmedia":[{"embeddable":true,"href":"https:\/\/www.buroperiodistico.com.mx\/index.php?rest_route=\/wp\/v2\/media\/6848"}],"wp:attachment":[{"href":"https:\/\/www.buroperiodistico.com.mx\/index.php?rest_route=%2Fwp%2Fv2%2Fmedia&parent=6844"}],"wp:term":[{"taxonomy":"category","embeddable":true,"href":"https:\/\/www.buroperiodistico.com.mx\/index.php?rest_route=%2Fwp%2Fv2%2Fcategories&post=6844"},{"taxonomy":"post_tag","embeddable":true,"href":"https:\/\/www.buroperiodistico.com.mx\/index.php?rest_route=%2Fwp%2Fv2%2Ftags&post=6844"}],"curies":[{"name":"wp","href":"https:\/\/api.w.org\/{rel}","templated":true}]}}