{"id":6840,"date":"2022-03-26T18:10:08","date_gmt":"2022-03-27T00:10:08","guid":{"rendered":"https:\/\/www.buroperiodistico.com.mx\/?p=6840"},"modified":"2022-03-26T18:10:08","modified_gmt":"2022-03-27T00:10:08","slug":"inicio-programa-municipal-de-capacitacion-industrial","status":"publish","type":"post","link":"https:\/\/www.buroperiodistico.com.mx\/?p=6840","title":{"rendered":"INICI\u00d3 PROGRAMA MUNICIPAL DE CAPACITACI\u00d3N INDUSTRIAL"},"content":{"rendered":"<p><em><strong><img loading=\"lazy\" decoding=\"async\" class=\"alignright  wp-image-6842\" src=\"https:\/\/www.buroperiodistico.com.mx\/wp-content\/uploads\/2022\/03\/Capacitacion.jpeg\" alt=\"\" width=\"557\" height=\"310\" srcset=\"https:\/\/www.buroperiodistico.com.mx\/wp-content\/uploads\/2022\/03\/Capacitacion.jpeg 1024w, https:\/\/www.buroperiodistico.com.mx\/wp-content\/uploads\/2022\/03\/Capacitacion-300x167.jpeg 300w, https:\/\/www.buroperiodistico.com.mx\/wp-content\/uploads\/2022\/03\/Capacitacion-768x428.jpeg 768w\" sizes=\"auto, (max-width: 557px) 100vw, 557px\" \/>Nuevo Laredo, Tam (26-Marzo-2022).-<\/strong><\/em> Este s\u00e1bado inici\u00f3 el Programa Municipal de Capacitaci\u00f3n Industrial del que fueron parte m\u00e1s de 40 personas quienes est\u00e1n aprendiendo las especialidades de montacarga, t\u00e9cnico en electricidad y soldadura en un horario de 9:00 de la ma\u00f1ana a 2:00 de la tarde en las instalaciones del Colegio Nacional de Educaci\u00f3n Profesional T\u00e9cnica (CONALEP).<\/p>\n<p>El objetivo del programa es brindar los conocimientos necesarios a los ciudadanos que busquen una oportunidad laboral dentro del sector maquilador.<\/p>\n<p><img loading=\"lazy\" decoding=\"async\" class=\"size-full wp-image-6841 aligncenter\" src=\"https:\/\/www.buroperiodistico.com.mx\/wp-content\/uploads\/2022\/03\/Capacitacion-I.jpeg\" alt=\"\" width=\"640\" height=\"480\" srcset=\"https:\/\/www.buroperiodistico.com.mx\/wp-content\/uploads\/2022\/03\/Capacitacion-I.jpeg 640w, https:\/\/www.buroperiodistico.com.mx\/wp-content\/uploads\/2022\/03\/Capacitacion-I-300x225.jpeg 300w\" sizes=\"auto, (max-width: 640px) 100vw, 640px\" \/><\/p>\n","protected":false},"excerpt":{"rendered":"<p>Nuevo Laredo, Tam (26-Marzo-2022).- Este s\u00e1bado inici\u00f3 el Programa Municipal de Capacitaci\u00f3n Industrial del que&#8230;<\/p>\n","protected":false},"author":1,"featured_media":6842,"comment_status":"open","ping_status":"open","sticky":false,"template":"","format":"standard","meta":{"footnotes":"","jetpack_publicize_message":"","jetpack_publicize_feature_enabled":true,"jetpack_social_post_already_shared":false,"jetpack_social_options":{"image_generator_settings":{"template":"highway","default_image_id":0,"font":"","enabled":false},"version":2}},"categories":[16],"tags":[],"class_list":["post-6840","post","type-post","status-publish","format-standard","has-post-thumbnail","hentry","category-nuevolaredo"],"jetpack_publicize_connections":[],"_links":{"self":[{"href":"https:\/\/www.buroperiodistico.com.mx\/index.php?rest_route=\/wp\/v2\/posts\/6840","targetHints":{"allow":["GET"]}}],"collection":[{"href":"https:\/\/www.buroperiodistico.com.mx\/index.php?rest_route=\/wp\/v2\/posts"}],"about":[{"href":"https:\/\/www.buroperiodistico.com.mx\/index.php?rest_route=\/wp\/v2\/types\/post"}],"author":[{"embeddable":true,"href":"https:\/\/www.buroperiodistico.com.mx\/index.php?rest_route=\/wp\/v2\/users\/1"}],"replies":[{"embeddable":true,"href":"https:\/\/www.buroperiodistico.com.mx\/index.php?rest_route=%2Fwp%2Fv2%2Fcomments&post=6840"}],"version-history":[{"count":0,"href":"https:\/\/www.buroperiodistico.com.mx\/index.php?rest_route=\/wp\/v2\/posts\/6840\/revisions"}],"wp:featuredmedia":[{"embeddable":true,"href":"https:\/\/www.buroperiodistico.com.mx\/index.php?rest_route=\/wp\/v2\/media\/6842"}],"wp:attachment":[{"href":"https:\/\/www.buroperiodistico.com.mx\/index.php?rest_route=%2Fwp%2Fv2%2Fmedia&parent=6840"}],"wp:term":[{"taxonomy":"category","embeddable":true,"href":"https:\/\/www.buroperiodistico.com.mx\/index.php?rest_route=%2Fwp%2Fv2%2Fcategories&post=6840"},{"taxonomy":"post_tag","embeddable":true,"href":"https:\/\/www.buroperiodistico.com.mx\/index.php?rest_route=%2Fwp%2Fv2%2Ftags&post=6840"}],"curies":[{"name":"wp","href":"https:\/\/api.w.org\/{rel}","templated":true}]}}