{"id":6835,"date":"2022-03-26T18:05:21","date_gmt":"2022-03-27T00:05:21","guid":{"rendered":"https:\/\/www.buroperiodistico.com.mx\/?p=6835"},"modified":"2022-03-26T18:05:21","modified_gmt":"2022-03-27T00:05:21","slug":"enfocan-vacunas-anti-covid-19-a-menores-para-completar-esquema-de-vacunacion","status":"publish","type":"post","link":"https:\/\/www.buroperiodistico.com.mx\/?p=6835","title":{"rendered":"ENFOCAN VACUNAS ANTI COVID-19 A MENORES PARA COMPLETAR ESQUEMA DE VACUNACI\u00d3N"},"content":{"rendered":"<p><strong><img loading=\"lazy\" decoding=\"async\" class=\"alignright  wp-image-6837\" src=\"https:\/\/www.buroperiodistico.com.mx\/wp-content\/uploads\/2022\/03\/Enfoca.jpeg\" alt=\"\" width=\"569\" height=\"331\" srcset=\"https:\/\/www.buroperiodistico.com.mx\/wp-content\/uploads\/2022\/03\/Enfoca.jpeg 1024w, https:\/\/www.buroperiodistico.com.mx\/wp-content\/uploads\/2022\/03\/Enfoca-300x175.jpeg 300w, https:\/\/www.buroperiodistico.com.mx\/wp-content\/uploads\/2022\/03\/Enfoca-768x447.jpeg 768w\" sizes=\"auto, (max-width: 569px) 100vw, 569px\" \/>Nuevo Laredo, Tam (26-Marzo-2022).-<\/strong> Como resultado de la jornada de vacunaci\u00f3n municipal correspondiente del d\u00eda 21 al 25 de marzo, se\u00a0 vacunaron\u00a0 a 7 mil 198 ciudadanos, de los cuales 6 mil 976 fueron ni\u00f1os y ni\u00f1as de 5 a 11 a\u00f1os, esto con el objetivo de completar su esquema de vacunaci\u00f3n y est\u00e9n protegidos en su regreso a clases ante el Covid-19.<\/p>\n<p>Las vacunas enfocadas a este sector continuar\u00e1n la pr\u00f3xima semana y se aplicar\u00e1n a los menores que fueron previamente registrados en la Sala Sergio Pe\u00f1a.<\/p>\n<p>Para fortalecer la salud en los infantes, la alcaldesa Carmen Lilia Canturosas Villarreal se\u00f1al\u00f3 que tomar\u00e1 acciones en el regreso a clases, apoy\u00e1ndose de los directores de cada escuela para realizar un estudio de ni\u00f1os en situaci\u00f3n de rezago por vacuna.<\/p>\n<p>\u201cCuidar a nuestros ni\u00f1os y ni\u00f1as es prioridad para esta administraci\u00f3n, a ra\u00edz del regreso a clases empezaremos la gesti\u00f3n para los menores que no se han vacunado y brindar salud a los peque\u00f1os, as\u00ed como confianza a los padres de familia y sepan que sus hijos asistir\u00e1n a clases protegidos ante el Covid-19\u201d, destac\u00f3.<\/p>\n<p>Estas gestiones se han logrado a trav\u00e9s de la autoridad m\u00e9dica de Laredo, Texas, Victor Trevi\u00f1o y gracias a ello, Nuevo Laredo marc\u00f3 historia como el primer municipio en M\u00e9xico que aplica estas vacunas a ese rango de edad.<\/p>\n<p>Durante esta semana tambi\u00e9n se vacunaron, 135 j\u00f3venes de 12 a 17 a\u00f1os y 88 adultos.<\/p>\n<p>En lo que va del 2022, se ha logrado vacunar a 43 mil 198 ciudadanos, quienes fueron trasladados desde el Centro Cultural hacia el Puente Internacional Ju\u00e1rez-Lincoln donde se les administr\u00f3 la dosis en territorio americano sin necesidad de visa.<\/p>\n<p>Estas jornadas de vacunaci\u00f3n municipales homologan las federales, que aumentan el alcance de vacunados y resultaron en menos casos de contagio por Covid-19.<\/p>\n<p><img loading=\"lazy\" decoding=\"async\" class=\"size-full wp-image-6836 aligncenter\" src=\"https:\/\/www.buroperiodistico.com.mx\/wp-content\/uploads\/2022\/03\/Enfoca-I.jpeg\" alt=\"\" width=\"640\" height=\"427\" srcset=\"https:\/\/www.buroperiodistico.com.mx\/wp-content\/uploads\/2022\/03\/Enfoca-I.jpeg 640w, https:\/\/www.buroperiodistico.com.mx\/wp-content\/uploads\/2022\/03\/Enfoca-I-300x200.jpeg 300w\" sizes=\"auto, (max-width: 640px) 100vw, 640px\" \/><\/p>\n<div style=\"width: 640px;\" class=\"wp-video\"><video class=\"wp-video-shortcode\" id=\"video-6835-1\" width=\"640\" height=\"360\" preload=\"metadata\" controls=\"controls\"><source type=\"video\/mp4\" src=\"https:\/\/www.buroperiodistico.com.mx\/wp-content\/uploads\/2022\/03\/23-DE-MARZO-JORNADA-DE-VACUNACION-CLCR-.mp4?_=1\" \/><a href=\"https:\/\/www.buroperiodistico.com.mx\/wp-content\/uploads\/2022\/03\/23-DE-MARZO-JORNADA-DE-VACUNACION-CLCR-.mp4\">https:\/\/www.buroperiodistico.com.mx\/wp-content\/uploads\/2022\/03\/23-DE-MARZO-JORNADA-DE-VACUNACION-CLCR-.mp4<\/a><\/video><\/div>\n","protected":false},"excerpt":{"rendered":"<p>Nuevo Laredo, Tam (26-Marzo-2022).- Como resultado de la jornada de vacunaci\u00f3n municipal correspondiente del d\u00eda&#8230;<\/p>\n","protected":false},"author":1,"featured_media":6837,"comment_status":"open","ping_status":"open","sticky":false,"template":"","format":"standard","meta":{"footnotes":"","jetpack_publicize_message":"","jetpack_publicize_feature_enabled":true,"jetpack_social_post_already_shared":false,"jetpack_social_options":{"image_generator_settings":{"template":"highway","default_image_id":0,"font":"","enabled":false},"version":2}},"categories":[16,25],"tags":[],"class_list":["post-6835","post","type-post","status-publish","format-standard","has-post-thumbnail","hentry","category-nuevolaredo","category-portada"],"jetpack_publicize_connections":[],"_links":{"self":[{"href":"https:\/\/www.buroperiodistico.com.mx\/index.php?rest_route=\/wp\/v2\/posts\/6835","targetHints":{"allow":["GET"]}}],"collection":[{"href":"https:\/\/www.buroperiodistico.com.mx\/index.php?rest_route=\/wp\/v2\/posts"}],"about":[{"href":"https:\/\/www.buroperiodistico.com.mx\/index.php?rest_route=\/wp\/v2\/types\/post"}],"author":[{"embeddable":true,"href":"https:\/\/www.buroperiodistico.com.mx\/index.php?rest_route=\/wp\/v2\/users\/1"}],"replies":[{"embeddable":true,"href":"https:\/\/www.buroperiodistico.com.mx\/index.php?rest_route=%2Fwp%2Fv2%2Fcomments&post=6835"}],"version-history":[{"count":0,"href":"https:\/\/www.buroperiodistico.com.mx\/index.php?rest_route=\/wp\/v2\/posts\/6835\/revisions"}],"wp:featuredmedia":[{"embeddable":true,"href":"https:\/\/www.buroperiodistico.com.mx\/index.php?rest_route=\/wp\/v2\/media\/6837"}],"wp:attachment":[{"href":"https:\/\/www.buroperiodistico.com.mx\/index.php?rest_route=%2Fwp%2Fv2%2Fmedia&parent=6835"}],"wp:term":[{"taxonomy":"category","embeddable":true,"href":"https:\/\/www.buroperiodistico.com.mx\/index.php?rest_route=%2Fwp%2Fv2%2Fcategories&post=6835"},{"taxonomy":"post_tag","embeddable":true,"href":"https:\/\/www.buroperiodistico.com.mx\/index.php?rest_route=%2Fwp%2Fv2%2Ftags&post=6835"}],"curies":[{"name":"wp","href":"https:\/\/api.w.org\/{rel}","templated":true}]}}