{"id":6828,"date":"2022-03-26T17:56:35","date_gmt":"2022-03-26T23:56:35","guid":{"rendered":"https:\/\/www.buroperiodistico.com.mx\/?p=6828"},"modified":"2022-03-26T17:56:35","modified_gmt":"2022-03-26T23:56:35","slug":"adultos-mayores-reactivan-actividad-fisica-con-programa-de-baile","status":"publish","type":"post","link":"https:\/\/www.buroperiodistico.com.mx\/?p=6828","title":{"rendered":"ADULTOS MAYORES REACTIVAN ACTIVIDAD F\u00cdSICA CON PROGRAMA DE BAILE"},"content":{"rendered":"<p><em><strong><img loading=\"lazy\" decoding=\"async\" class=\"alignright  wp-image-6832\" src=\"https:\/\/www.buroperiodistico.com.mx\/wp-content\/uploads\/2022\/03\/Programa.jpeg\" alt=\"\" width=\"552\" height=\"304\" srcset=\"https:\/\/www.buroperiodistico.com.mx\/wp-content\/uploads\/2022\/03\/Programa.jpeg 1024w, https:\/\/www.buroperiodistico.com.mx\/wp-content\/uploads\/2022\/03\/Programa-300x165.jpeg 300w, https:\/\/www.buroperiodistico.com.mx\/wp-content\/uploads\/2022\/03\/Programa-768x423.jpeg 768w\" sizes=\"auto, (max-width: 552px) 100vw, 552px\" \/>Nuevo Laredo, Tam (26-Marzo-2022).-<\/strong><\/em> Dentro del marco a la conmemoraci\u00f3n del D\u00eda Internacional de la Mujer, se llev\u00f3 a cabo el programa \u201cMaster Class: Ritmos Latinos, \u00c9poca de Oro\u201d, donde 100 ciudadanos de la tercera edad pudieron disfrutar de m\u00fasica y baile, adem\u00e1s de activarse f\u00edsicamente.<\/p>\n<p>Este evento fue organizado por la Direcci\u00f3n de Cultura F\u00edsica y Deporte en coordinaci\u00f3n con el Sistema para el Desarrollo Integral de la Familia (DIF) en la Casa Club del Adulto Activo.<\/p>\n<p>El director de Cultura F\u00edsica y Deporte, Salom\u00f3n Valencia Hinojosa, explic\u00f3 que este evento se realiz\u00f3 en coordinaci\u00f3n con el DIF para fomentar la activaci\u00f3n f\u00edsica en los adultos mayores con una tem\u00e1tica de la \u00e9poca de oro.<\/p>\n<p>\u201cLa activaci\u00f3n f\u00edsica es algo que se debe trabajar en todas las edades ya que nos ayuda a tener buena salud tanto f\u00edsica como mental, estamos trabajando en beneficio de los adultos mayores y seguiremos haci\u00e9ndolo con el DIF para traerles futuros proyectos como tener instructores permanentes en esta rama y seguir con este tipo de actividades\u201d, se\u00f1al\u00f3.<\/p>\n<p>Por su parte, el director del Sistema DIF, Jos\u00e9 Luis Pintado Gamboa, expres\u00f3 que esta actividad es para que los adultos mayores tambi\u00e9n tengan actividades de esparcimiento y fomentar su movilizaci\u00f3n, as\u00ed como lograr la integraci\u00f3n social despu\u00e9s de la pandemia.<\/p>\n<p>\u201cEstamos muy contentos por traer este evento para los adultos mayores, fueron 15 maestras que participaron para dirigir el baile y est\u00e1n incorpor\u00e1ndose\u00a0 poco a poco con estas actividades que se hab\u00edan suspendido por la pandemia\u201d, detall\u00f3.<\/p>\n<p>Jes\u00fas Roberto Garc\u00eda Anzueta y su esposa Maurilia Guzm\u00e1n, participantes del Master Class, comentaron que este programa es un acierto y trajo alegr\u00eda a todos los adultos.<\/p>\n<p>\u201cEs un evento para divertirnos sanamente con tranquilidad y sentirnos a gusto, esto ayuda a todos los adultos y logra que uno se sienta m\u00e1s activo con la recreaci\u00f3n f\u00edsica\u201d, mencion\u00f3 Garc\u00eda Anzueta.<\/p>\n<p>A su vez, Leodanda Avalos, asistente del programa, dijo que esto beneficia en volver a tener movilidad e interacci\u00f3n social, ya que no se hab\u00edan podido reunir en un evento como este por temor a enfermarse de Covid-19.<\/p>\n<p>\u201cEsto es maravilloso, es para disfrutar, convivir y despejar lo vivido en el encierro por la pandemia, es muy bueno que traigan estas actividades a la casa club para pasarla bien\u201d, coment\u00f3.<\/p>\n<p>Durante el evento estuvieron presentes: el Secretario de Educaci\u00f3n, Cultura y Deporte, H\u00e9ctor Adolfo Mondrag\u00f3n Mass y la Presidenta Honoraria del Sistema DIF, Claudette Canturosas Villarreal.<\/p>\n<p><img loading=\"lazy\" decoding=\"async\" class=\"size-full wp-image-6829 aligncenter\" src=\"https:\/\/www.buroperiodistico.com.mx\/wp-content\/uploads\/2022\/03\/Programa-I.jpeg\" alt=\"\" width=\"640\" height=\"427\" srcset=\"https:\/\/www.buroperiodistico.com.mx\/wp-content\/uploads\/2022\/03\/Programa-I.jpeg 640w, https:\/\/www.buroperiodistico.com.mx\/wp-content\/uploads\/2022\/03\/Programa-I-300x200.jpeg 300w\" sizes=\"auto, (max-width: 640px) 100vw, 640px\" \/> <img loading=\"lazy\" decoding=\"async\" class=\"size-full wp-image-6830 aligncenter\" src=\"https:\/\/www.buroperiodistico.com.mx\/wp-content\/uploads\/2022\/03\/Programa-II.jpeg\" alt=\"\" width=\"640\" height=\"427\" srcset=\"https:\/\/www.buroperiodistico.com.mx\/wp-content\/uploads\/2022\/03\/Programa-II.jpeg 640w, https:\/\/www.buroperiodistico.com.mx\/wp-content\/uploads\/2022\/03\/Programa-II-300x200.jpeg 300w\" sizes=\"auto, (max-width: 640px) 100vw, 640px\" \/> <img loading=\"lazy\" decoding=\"async\" class=\"size-full wp-image-6831 aligncenter\" src=\"https:\/\/www.buroperiodistico.com.mx\/wp-content\/uploads\/2022\/03\/Programa-III.jpeg\" alt=\"\" width=\"640\" height=\"427\" srcset=\"https:\/\/www.buroperiodistico.com.mx\/wp-content\/uploads\/2022\/03\/Programa-III.jpeg 640w, https:\/\/www.buroperiodistico.com.mx\/wp-content\/uploads\/2022\/03\/Programa-III-300x200.jpeg 300w\" sizes=\"auto, (max-width: 640px) 100vw, 640px\" \/><\/p>\n<div style=\"width: 640px;\" class=\"wp-video\"><video class=\"wp-video-shortcode\" id=\"video-6828-1\" width=\"640\" height=\"360\" preload=\"metadata\" controls=\"controls\"><source type=\"video\/mp4\" src=\"https:\/\/www.buroperiodistico.com.mx\/wp-content\/uploads\/2022\/03\/25-DE-MARZO-MASTER-CLASS-TOMAS-DE-APOYO-.mp4?_=1\" \/><a href=\"https:\/\/www.buroperiodistico.com.mx\/wp-content\/uploads\/2022\/03\/25-DE-MARZO-MASTER-CLASS-TOMAS-DE-APOYO-.mp4\">https:\/\/www.buroperiodistico.com.mx\/wp-content\/uploads\/2022\/03\/25-DE-MARZO-MASTER-CLASS-TOMAS-DE-APOYO-.mp4<\/a><\/video><\/div>\n","protected":false},"excerpt":{"rendered":"<p>Nuevo Laredo, Tam (26-Marzo-2022).- Dentro del marco a la conmemoraci\u00f3n del D\u00eda Internacional de la&#8230;<\/p>\n","protected":false},"author":1,"featured_media":6832,"comment_status":"open","ping_status":"open","sticky":false,"template":"","format":"standard","meta":{"footnotes":"","jetpack_publicize_message":"","jetpack_publicize_feature_enabled":true,"jetpack_social_post_already_shared":false,"jetpack_social_options":{"image_generator_settings":{"template":"highway","default_image_id":0,"font":"","enabled":false},"version":2}},"categories":[16],"tags":[],"class_list":["post-6828","post","type-post","status-publish","format-standard","has-post-thumbnail","hentry","category-nuevolaredo"],"jetpack_publicize_connections":[],"_links":{"self":[{"href":"https:\/\/www.buroperiodistico.com.mx\/index.php?rest_route=\/wp\/v2\/posts\/6828","targetHints":{"allow":["GET"]}}],"collection":[{"href":"https:\/\/www.buroperiodistico.com.mx\/index.php?rest_route=\/wp\/v2\/posts"}],"about":[{"href":"https:\/\/www.buroperiodistico.com.mx\/index.php?rest_route=\/wp\/v2\/types\/post"}],"author":[{"embeddable":true,"href":"https:\/\/www.buroperiodistico.com.mx\/index.php?rest_route=\/wp\/v2\/users\/1"}],"replies":[{"embeddable":true,"href":"https:\/\/www.buroperiodistico.com.mx\/index.php?rest_route=%2Fwp%2Fv2%2Fcomments&post=6828"}],"version-history":[{"count":0,"href":"https:\/\/www.buroperiodistico.com.mx\/index.php?rest_route=\/wp\/v2\/posts\/6828\/revisions"}],"wp:featuredmedia":[{"embeddable":true,"href":"https:\/\/www.buroperiodistico.com.mx\/index.php?rest_route=\/wp\/v2\/media\/6832"}],"wp:attachment":[{"href":"https:\/\/www.buroperiodistico.com.mx\/index.php?rest_route=%2Fwp%2Fv2%2Fmedia&parent=6828"}],"wp:term":[{"taxonomy":"category","embeddable":true,"href":"https:\/\/www.buroperiodistico.com.mx\/index.php?rest_route=%2Fwp%2Fv2%2Fcategories&post=6828"},{"taxonomy":"post_tag","embeddable":true,"href":"https:\/\/www.buroperiodistico.com.mx\/index.php?rest_route=%2Fwp%2Fv2%2Ftags&post=6828"}],"curies":[{"name":"wp","href":"https:\/\/api.w.org\/{rel}","templated":true}]}}