{"id":6820,"date":"2022-03-26T11:43:01","date_gmt":"2022-03-26T17:43:01","guid":{"rendered":"https:\/\/www.buroperiodistico.com.mx\/?p=6820"},"modified":"2022-03-26T11:43:01","modified_gmt":"2022-03-26T17:43:01","slug":"entrega-nataly-garcia-diaz-reconocimientos-a-ciudadanos-distinguidos-en-el-inicio-de-las-fiestas-de-emancipacion","status":"publish","type":"post","link":"https:\/\/www.buroperiodistico.com.mx\/?p=6820","title":{"rendered":"ENTREGA NATALY GARC\u00cdA D\u00cdAZ RECONOCIMIENTOS A CIUDADANOS DISTINGUIDOS EN EL INICIO DE LAS FIESTAS DE EMANCIPACI\u00d3N"},"content":{"rendered":"<p><em><strong><img loading=\"lazy\" decoding=\"async\" class=\"alignright  wp-image-6826\" src=\"https:\/\/www.buroperiodistico.com.mx\/wp-content\/uploads\/2022\/03\/Nataly-1.jpeg\" alt=\"\" width=\"541\" height=\"316\" srcset=\"https:\/\/www.buroperiodistico.com.mx\/wp-content\/uploads\/2022\/03\/Nataly-1.jpeg 1024w, https:\/\/www.buroperiodistico.com.mx\/wp-content\/uploads\/2022\/03\/Nataly-1-300x175.jpeg 300w, https:\/\/www.buroperiodistico.com.mx\/wp-content\/uploads\/2022\/03\/Nataly-1-768x449.jpeg 768w\" sizes=\"auto, (max-width: 541px) 100vw, 541px\" \/>Gustavo D\u00edaz Ordaz, Tam (26-Marzo-2022).-<\/strong><\/em> Con un festival c\u00edvico cultural que se llev\u00f3 a cabo en un ambiente muy familiar y ameno, se pusieron en marcha los festejos del aniversario n\u00famero 54 de la Emancipaci\u00f3n Pol\u00edtica de este j\u00f3ven municipio.<\/p>\n<p>En el Marco de esta celebraci\u00f3n, la Alcaldesa Nataly Garc\u00eda D\u00edaz acompa\u00f1ada por integrantes del H. Cabildo y la Presidenta del DIF Nallely Garc\u00eda D\u00edaz, hizo entrega de merecidos reconocimientos a ciudadanos distinguidos que han sobresalido por su trabajo social, en el rubro de salud, emprendedores, en educaci\u00f3n y deportes.<\/p>\n<p>En su mensaje, la Alcaldesa dijo sentirse muy contenta de que personas distinguidas en diferentes contextos sean reconocidas, porque lo m\u00e1s importante no es de d\u00f3nde venimos, sino hacia d\u00f3nde vamos, por ello se han llenado estos festejos de cultura, de educaci\u00f3n, de mucha alegr\u00eda para que todos los D\u00edazordacenses nos instamos orgullosos de nuestras ra\u00edces.<\/p>\n<p>En la parte cultural, destac\u00f3 la participaci\u00f3n de alumnos de la Casa de Cultura, la Rondalla San Miguel y la participaci\u00f3n especial del ballet Mitoteliztli de Ciudad Reynosa, bajo la Direcci\u00f3n de la Maestra Viridiana Araujo.<\/p>\n<p>Toc\u00f3 al cronista de la ciudad David L\u00f3pez Hurtaza la rese\u00f1a hist\u00f3rica de la emancipaci\u00f3n de nuestro querido municipio el m\u00e1s joven, el n\u00famero 43 de Tamaulipas.<\/p>\n<p><img loading=\"lazy\" decoding=\"async\" class=\"size-full wp-image-6821 aligncenter\" src=\"https:\/\/www.buroperiodistico.com.mx\/wp-content\/uploads\/2022\/03\/Nataly-I.jpeg\" alt=\"\" width=\"640\" height=\"428\" srcset=\"https:\/\/www.buroperiodistico.com.mx\/wp-content\/uploads\/2022\/03\/Nataly-I.jpeg 640w, https:\/\/www.buroperiodistico.com.mx\/wp-content\/uploads\/2022\/03\/Nataly-I-300x201.jpeg 300w\" sizes=\"auto, (max-width: 640px) 100vw, 640px\" \/> <img loading=\"lazy\" decoding=\"async\" class=\"size-full wp-image-6822 aligncenter\" src=\"https:\/\/www.buroperiodistico.com.mx\/wp-content\/uploads\/2022\/03\/Nataly-II.jpeg\" alt=\"\" width=\"640\" height=\"428\" srcset=\"https:\/\/www.buroperiodistico.com.mx\/wp-content\/uploads\/2022\/03\/Nataly-II.jpeg 640w, https:\/\/www.buroperiodistico.com.mx\/wp-content\/uploads\/2022\/03\/Nataly-II-300x201.jpeg 300w\" sizes=\"auto, (max-width: 640px) 100vw, 640px\" \/> <img loading=\"lazy\" decoding=\"async\" class=\"size-full wp-image-6823 aligncenter\" src=\"https:\/\/www.buroperiodistico.com.mx\/wp-content\/uploads\/2022\/03\/Nataly-III.jpeg\" alt=\"\" width=\"640\" height=\"428\" srcset=\"https:\/\/www.buroperiodistico.com.mx\/wp-content\/uploads\/2022\/03\/Nataly-III.jpeg 640w, https:\/\/www.buroperiodistico.com.mx\/wp-content\/uploads\/2022\/03\/Nataly-III-300x201.jpeg 300w\" sizes=\"auto, (max-width: 640px) 100vw, 640px\" \/> <img loading=\"lazy\" decoding=\"async\" class=\"size-full wp-image-6825 aligncenter\" src=\"https:\/\/www.buroperiodistico.com.mx\/wp-content\/uploads\/2022\/03\/Nataly-IIIII.jpeg\" alt=\"\" width=\"640\" height=\"428\" srcset=\"https:\/\/www.buroperiodistico.com.mx\/wp-content\/uploads\/2022\/03\/Nataly-IIIII.jpeg 640w, https:\/\/www.buroperiodistico.com.mx\/wp-content\/uploads\/2022\/03\/Nataly-IIIII-300x201.jpeg 300w\" sizes=\"auto, (max-width: 640px) 100vw, 640px\" \/><\/p>\n","protected":false},"excerpt":{"rendered":"<p>Gustavo D\u00edaz Ordaz, Tam (26-Marzo-2022).- Con un festival c\u00edvico cultural que se llev\u00f3 a cabo&#8230;<\/p>\n","protected":false},"author":1,"featured_media":6826,"comment_status":"open","ping_status":"open","sticky":false,"template":"","format":"standard","meta":{"footnotes":"","jetpack_publicize_message":"","jetpack_publicize_feature_enabled":true,"jetpack_social_post_already_shared":false,"jetpack_social_options":{"image_generator_settings":{"template":"highway","default_image_id":0,"font":"","enabled":false},"version":2}},"categories":[15],"tags":[],"class_list":["post-6820","post","type-post","status-publish","format-standard","has-post-thumbnail","hentry","category-riberena"],"jetpack_publicize_connections":[],"_links":{"self":[{"href":"https:\/\/www.buroperiodistico.com.mx\/index.php?rest_route=\/wp\/v2\/posts\/6820","targetHints":{"allow":["GET"]}}],"collection":[{"href":"https:\/\/www.buroperiodistico.com.mx\/index.php?rest_route=\/wp\/v2\/posts"}],"about":[{"href":"https:\/\/www.buroperiodistico.com.mx\/index.php?rest_route=\/wp\/v2\/types\/post"}],"author":[{"embeddable":true,"href":"https:\/\/www.buroperiodistico.com.mx\/index.php?rest_route=\/wp\/v2\/users\/1"}],"replies":[{"embeddable":true,"href":"https:\/\/www.buroperiodistico.com.mx\/index.php?rest_route=%2Fwp%2Fv2%2Fcomments&post=6820"}],"version-history":[{"count":0,"href":"https:\/\/www.buroperiodistico.com.mx\/index.php?rest_route=\/wp\/v2\/posts\/6820\/revisions"}],"wp:featuredmedia":[{"embeddable":true,"href":"https:\/\/www.buroperiodistico.com.mx\/index.php?rest_route=\/wp\/v2\/media\/6826"}],"wp:attachment":[{"href":"https:\/\/www.buroperiodistico.com.mx\/index.php?rest_route=%2Fwp%2Fv2%2Fmedia&parent=6820"}],"wp:term":[{"taxonomy":"category","embeddable":true,"href":"https:\/\/www.buroperiodistico.com.mx\/index.php?rest_route=%2Fwp%2Fv2%2Fcategories&post=6820"},{"taxonomy":"post_tag","embeddable":true,"href":"https:\/\/www.buroperiodistico.com.mx\/index.php?rest_route=%2Fwp%2Fv2%2Ftags&post=6820"}],"curies":[{"name":"wp","href":"https:\/\/api.w.org\/{rel}","templated":true}]}}