{"id":6812,"date":"2022-03-26T11:37:17","date_gmt":"2022-03-26T17:37:17","guid":{"rendered":"https:\/\/www.buroperiodistico.com.mx\/?p=6812"},"modified":"2022-03-26T11:37:17","modified_gmt":"2022-03-26T17:37:17","slug":"empresas-confian-en-empleo-en-tu-colonia-para-cubrir-sus-vacantes","status":"publish","type":"post","link":"https:\/\/www.buroperiodistico.com.mx\/?p=6812","title":{"rendered":"EMPRESAS CONF\u00cdAN EN \u00abEMPLEO EN TU COLONIA\u00bb PARA CUBRIR SUS VACANTES"},"content":{"rendered":"<p><em><strong><img loading=\"lazy\" decoding=\"async\" class=\"alignright  wp-image-6814\" src=\"https:\/\/www.buroperiodistico.com.mx\/wp-content\/uploads\/2022\/03\/Vacantes.jpeg\" alt=\"\" width=\"496\" height=\"276\" srcset=\"https:\/\/www.buroperiodistico.com.mx\/wp-content\/uploads\/2022\/03\/Vacantes.jpeg 1024w, https:\/\/www.buroperiodistico.com.mx\/wp-content\/uploads\/2022\/03\/Vacantes-300x167.jpeg 300w, https:\/\/www.buroperiodistico.com.mx\/wp-content\/uploads\/2022\/03\/Vacantes-768x428.jpeg 768w\" sizes=\"auto, (max-width: 496px) 100vw, 496px\" \/>Nuevo Laredo, Tam (26-Marzo-2022).-<\/strong><\/em> Cerca de mil vacantes de 12 empresas del giro maquilador, comercial, transportista y de servicio, se ofertaron\u00a0 en la d\u00e9cimo cuarta edici\u00f3n de \u00abEmpleo en Tu Colonia\u00bb, que se llev\u00f3 a cabo en el estacionamiento de la tienda Chedraui, ubicada en Francisco Mungu\u00eda entre Per\u00fa y Venezuela, en la colonia Hip\u00f3dromo.<\/p>\n<p>Jaime Mireles, director de Comercio, Empleo, PYMES y Mejora Regulatoria, inform\u00f3 que desde que inici\u00f3 dicho programa municipal, se han contratado a 750 personas, para diversos puestos.<\/p>\n<p>\u00abLa firme intenci\u00f3n de &#8216;Empleo en Tu Colonia&#8217; es acercar las oportunidades de empleo a la gente, sabemos que muchos de los ciudadanos no tienen como transportarse a los parques industriales, o a las empresas, entre otros, por lo que la respuesta es positiva\u00bb, dijo Mireles.<\/p>\n<p>Entre algunas de las empresas que participaron en esta edici\u00f3n fueron Robertshaw, Controles Temex, Linamar, Coca-Coca, Coppel, Transportes Tr\u00e9bol, Chedraui, Grupo Seaone, Grupo Locsa, Gobierno Municipal y Medline.<\/p>\n<p>El funcionario mencion\u00f3 que entre las vacantes disponibles estaban operarios de producci\u00f3n, operarios de almac\u00e9n, obreros generales, promotores de autoservicio, montacarguistas, guardias de seguridad y otros m\u00e1s.<\/p>\n<p>Al respecto Myriam Gonz\u00e1lez, encargada del \u00e1rea de recursos humanos de Grupo Locsa, se\u00f1al\u00f3 que esta es la primera vez que participa en dicho programa municipal, la cual ve positivo, ya que a ellos les sirven mucho para captar m\u00e1s candidatos.<\/p>\n<p>\u00abSi para muchos es dif\u00edcil trasladarse hasta la empresa, ya que hemos llamado a la gente para una entrevista y nos han dicho que no tienen para el cami\u00f3n, por lo que acercarles las vacantes en un solo punto, se les facilita\u00bb, se\u00f1al\u00f3 Gonz\u00e1lez.<\/p>\n<p>Por su parte, el ciudadano Fernando D\u00edaz mencion\u00f3 \u00abes una oportunidad muy grande para todos los que estamos buscando empleo, as\u00ed que agradecidos por que lleven a cabo esta iniciativa\u00bb.<\/p>\n<p>Las dos siguientes ediciones de \u201cEmpleo en Tu Colonia\u201d ser\u00e1n el lunes 28 de marzo en la Plaza Hidalgo, ubicada en Avenida Guerrero, entre las calles Dr. Mi\u00e9r y Gonzalez, sector Centro y el jueves 31 de marzo ser\u00e1 nuevamente en el estacionamiento de la tienda Chedraui, con horario ambos d\u00edas de 9:00 de la ma\u00f1ana a 1:00 de la tarde.<\/p>\n<p><img loading=\"lazy\" decoding=\"async\" class=\"size-full wp-image-6813 aligncenter\" src=\"https:\/\/www.buroperiodistico.com.mx\/wp-content\/uploads\/2022\/03\/Vacantes-I.jpeg\" alt=\"\" width=\"640\" height=\"427\" srcset=\"https:\/\/www.buroperiodistico.com.mx\/wp-content\/uploads\/2022\/03\/Vacantes-I.jpeg 640w, https:\/\/www.buroperiodistico.com.mx\/wp-content\/uploads\/2022\/03\/Vacantes-I-300x200.jpeg 300w\" sizes=\"auto, (max-width: 640px) 100vw, 640px\" \/><\/p>\n<div style=\"width: 640px;\" class=\"wp-video\"><video class=\"wp-video-shortcode\" id=\"video-6812-1\" width=\"640\" height=\"360\" preload=\"metadata\" controls=\"controls\"><source type=\"video\/mp4\" src=\"https:\/\/www.buroperiodistico.com.mx\/wp-content\/uploads\/2022\/03\/24-DE-MARZO-EMPLEO-EN-TU-COLONIA-TOMAS-DE-APOYO-.mp4?_=1\" \/><a href=\"https:\/\/www.buroperiodistico.com.mx\/wp-content\/uploads\/2022\/03\/24-DE-MARZO-EMPLEO-EN-TU-COLONIA-TOMAS-DE-APOYO-.mp4\">https:\/\/www.buroperiodistico.com.mx\/wp-content\/uploads\/2022\/03\/24-DE-MARZO-EMPLEO-EN-TU-COLONIA-TOMAS-DE-APOYO-.mp4<\/a><\/video><\/div>\n","protected":false},"excerpt":{"rendered":"<p>Nuevo Laredo, Tam (26-Marzo-2022).- Cerca de mil vacantes de 12 empresas del giro maquilador, comercial,&#8230;<\/p>\n","protected":false},"author":1,"featured_media":6814,"comment_status":"open","ping_status":"open","sticky":false,"template":"","format":"standard","meta":{"footnotes":"","jetpack_publicize_message":"","jetpack_publicize_feature_enabled":true,"jetpack_social_post_already_shared":false,"jetpack_social_options":{"image_generator_settings":{"template":"highway","default_image_id":0,"font":"","enabled":false},"version":2}},"categories":[16],"tags":[],"class_list":["post-6812","post","type-post","status-publish","format-standard","has-post-thumbnail","hentry","category-nuevolaredo"],"jetpack_publicize_connections":[],"_links":{"self":[{"href":"https:\/\/www.buroperiodistico.com.mx\/index.php?rest_route=\/wp\/v2\/posts\/6812","targetHints":{"allow":["GET"]}}],"collection":[{"href":"https:\/\/www.buroperiodistico.com.mx\/index.php?rest_route=\/wp\/v2\/posts"}],"about":[{"href":"https:\/\/www.buroperiodistico.com.mx\/index.php?rest_route=\/wp\/v2\/types\/post"}],"author":[{"embeddable":true,"href":"https:\/\/www.buroperiodistico.com.mx\/index.php?rest_route=\/wp\/v2\/users\/1"}],"replies":[{"embeddable":true,"href":"https:\/\/www.buroperiodistico.com.mx\/index.php?rest_route=%2Fwp%2Fv2%2Fcomments&post=6812"}],"version-history":[{"count":0,"href":"https:\/\/www.buroperiodistico.com.mx\/index.php?rest_route=\/wp\/v2\/posts\/6812\/revisions"}],"wp:featuredmedia":[{"embeddable":true,"href":"https:\/\/www.buroperiodistico.com.mx\/index.php?rest_route=\/wp\/v2\/media\/6814"}],"wp:attachment":[{"href":"https:\/\/www.buroperiodistico.com.mx\/index.php?rest_route=%2Fwp%2Fv2%2Fmedia&parent=6812"}],"wp:term":[{"taxonomy":"category","embeddable":true,"href":"https:\/\/www.buroperiodistico.com.mx\/index.php?rest_route=%2Fwp%2Fv2%2Fcategories&post=6812"},{"taxonomy":"post_tag","embeddable":true,"href":"https:\/\/www.buroperiodistico.com.mx\/index.php?rest_route=%2Fwp%2Fv2%2Ftags&post=6812"}],"curies":[{"name":"wp","href":"https:\/\/api.w.org\/{rel}","templated":true}]}}