{"id":6805,"date":"2022-03-25T22:03:44","date_gmt":"2022-03-26T04:03:44","guid":{"rendered":"https:\/\/www.buroperiodistico.com.mx\/?p=6805"},"modified":"2022-03-25T22:03:44","modified_gmt":"2022-03-26T04:03:44","slug":"confirma-tamaulipas-72-pacientes-positivos-y-5-defunciones-por-covid-19","status":"publish","type":"post","link":"https:\/\/www.buroperiodistico.com.mx\/?p=6805","title":{"rendered":"Confirma Tamaulipas 72 pacientes positivos y 5 defunciones por Covid-19"},"content":{"rendered":"<p><em><strong><img loading=\"lazy\" decoding=\"async\" class=\"alignright size-full wp-image-6806\" src=\"https:\/\/www.buroperiodistico.com.mx\/wp-content\/uploads\/2022\/03\/Sematoro-I.jpg\" alt=\"\" width=\"640\" height=\"436\" srcset=\"https:\/\/www.buroperiodistico.com.mx\/wp-content\/uploads\/2022\/03\/Sematoro-I.jpg 640w, https:\/\/www.buroperiodistico.com.mx\/wp-content\/uploads\/2022\/03\/Sematoro-I-300x204.jpg 300w\" sizes=\"auto, (max-width: 640px) 100vw, 640px\" \/>Ciudad Victoria, Tamaulipas (25-Marzo-2022).-<\/strong><\/em> Luego de confirmar 72 positivos a COVID-19 y 5 fallecimientos asociados a \u00a0complicaciones graves por el virus, la Secretar\u00eda de Salud de Tamaulipas pidi\u00f3 a la poblaci\u00f3n atender en todo momento las recomendaciones ya conocidas \u00a0para mitigar el impacto de la pandemia, reducir casos, hospitalizaciones y defunciones.<\/p>\n<p>Precis\u00f3 que el uso del cubrebocas, la higiene de manos y la sana distancia son disposiciones que se deben atender de forma obligatoria en todos los espacios p\u00fablicos ya que representan la forma m\u00e1s efectiva y probada de cortar la cadena de transmisi\u00f3n de la enfermedad.<\/p>\n<p>La dependencia invit\u00f3 a la ciudadan\u00eda a completar el esquema de vacunaci\u00f3n anticovid, aplicarse la dosis de refuerzo, proteger a los m\u00e1s vulnerables y acudir a su unidad de salud ante s\u00edntomas de fiebre, tos, opresi\u00f3n en el pecho, cansancio, p\u00e9rdida del gusto o del olfato, dolor de garganta, principalmente.<\/p>\n","protected":false},"excerpt":{"rendered":"<p>Ciudad Victoria, Tamaulipas (25-Marzo-2022).- Luego de confirmar 72 positivos a COVID-19 y 5 fallecimientos asociados&#8230;<\/p>\n","protected":false},"author":1,"featured_media":6807,"comment_status":"open","ping_status":"open","sticky":false,"template":"","format":"standard","meta":{"footnotes":"","jetpack_publicize_message":"","jetpack_publicize_feature_enabled":true,"jetpack_social_post_already_shared":false,"jetpack_social_options":{"image_generator_settings":{"template":"highway","default_image_id":0,"font":"","enabled":false},"version":2}},"categories":[25,10],"tags":[],"class_list":["post-6805","post","type-post","status-publish","format-standard","has-post-thumbnail","hentry","category-portada","category-tamaulipas"],"jetpack_publicize_connections":[],"_links":{"self":[{"href":"https:\/\/www.buroperiodistico.com.mx\/index.php?rest_route=\/wp\/v2\/posts\/6805","targetHints":{"allow":["GET"]}}],"collection":[{"href":"https:\/\/www.buroperiodistico.com.mx\/index.php?rest_route=\/wp\/v2\/posts"}],"about":[{"href":"https:\/\/www.buroperiodistico.com.mx\/index.php?rest_route=\/wp\/v2\/types\/post"}],"author":[{"embeddable":true,"href":"https:\/\/www.buroperiodistico.com.mx\/index.php?rest_route=\/wp\/v2\/users\/1"}],"replies":[{"embeddable":true,"href":"https:\/\/www.buroperiodistico.com.mx\/index.php?rest_route=%2Fwp%2Fv2%2Fcomments&post=6805"}],"version-history":[{"count":0,"href":"https:\/\/www.buroperiodistico.com.mx\/index.php?rest_route=\/wp\/v2\/posts\/6805\/revisions"}],"wp:featuredmedia":[{"embeddable":true,"href":"https:\/\/www.buroperiodistico.com.mx\/index.php?rest_route=\/wp\/v2\/media\/6807"}],"wp:attachment":[{"href":"https:\/\/www.buroperiodistico.com.mx\/index.php?rest_route=%2Fwp%2Fv2%2Fmedia&parent=6805"}],"wp:term":[{"taxonomy":"category","embeddable":true,"href":"https:\/\/www.buroperiodistico.com.mx\/index.php?rest_route=%2Fwp%2Fv2%2Fcategories&post=6805"},{"taxonomy":"post_tag","embeddable":true,"href":"https:\/\/www.buroperiodistico.com.mx\/index.php?rest_route=%2Fwp%2Fv2%2Ftags&post=6805"}],"curies":[{"name":"wp","href":"https:\/\/api.w.org\/{rel}","templated":true}]}}