{"id":6797,"date":"2022-03-25T19:11:35","date_gmt":"2022-03-26T01:11:35","guid":{"rendered":"https:\/\/www.buroperiodistico.com.mx\/?p=6797"},"modified":"2022-03-25T19:11:35","modified_gmt":"2022-03-26T01:11:35","slug":"supervisa-gobernador-cabeza-de-vaca-los-trabajos-para-sofocar-el-incendio-en-la-reserva-de-la-biosfera-el-cielo","status":"publish","type":"post","link":"https:\/\/www.buroperiodistico.com.mx\/?p=6797","title":{"rendered":"Supervisa Gobernador Cabeza de Vaca los trabajos para sofocar el incendio en la Reserva de la Bi\u00f3sfera El Cielo"},"content":{"rendered":"<p><strong><em><img loading=\"lazy\" decoding=\"async\" class=\"alignright  wp-image-6801\" src=\"https:\/\/www.buroperiodistico.com.mx\/wp-content\/uploads\/2022\/03\/Supervisax.jpg\" alt=\"\" width=\"537\" height=\"323\" srcset=\"https:\/\/www.buroperiodistico.com.mx\/wp-content\/uploads\/2022\/03\/Supervisax.jpg 1024w, https:\/\/www.buroperiodistico.com.mx\/wp-content\/uploads\/2022\/03\/Supervisax-300x180.jpg 300w, https:\/\/www.buroperiodistico.com.mx\/wp-content\/uploads\/2022\/03\/Supervisax-768x462.jpg 768w\" sizes=\"auto, (max-width: 537px) 100vw, 537px\" \/>G\u00f3mez Farias, Tamaulipas (25-Marzo-2022).-<\/em><\/strong> Este viernes, el Gobernador Francisco Garc\u00eda Cabeza de Vaca, sostuvo una reuni\u00f3n de trabajo en el Parque Ecol\u00f3gico Biosfera el Cielo (antes CIE) con autoridades estatales, federales, municipales y voluntarios para dar seguimiento a la estrategia y trabajo conjunto implementado para sofocar el incendio que se registra en la zona .<\/p>\n<p>\u201cLa idea es darle seguimiento a la problem\u00e1tica que se est\u00e1 viviendo aqu\u00ed, sabemos que en muchas partes del pa\u00eds, lamentablemente las fuertes sequ\u00edas se han detectado varios incendios, se han unido esfuerzos, capacidades y experiencia que tienen las personas de diferentes niveles de gobierno\u201d, apunt\u00f3 el mandatario estatal.<\/p>\n<p>El Gobernador Cabeza de Vaca, inform\u00f3 que los trabajos se realizan al momento con 250 personas del Ej\u00e9rcito Mexicano, Guardia Nacional, CONAFOR, Protecci\u00f3n Civil del Estado, brigadistas de Protecci\u00f3n Civil de Ocampo, Jaumave, Mante y voluntarios que se unieron a los trabajos de contenci\u00f3n.<\/p>\n<p>\u201cNo se pretende bajo ninguna circunstancia minimizar, estos eventos de esta naturaleza, cualquier incendio del tama\u00f1o que sea es relevante y tiene que ser atendido\u201d, apunt\u00f3 el Gobernador.<\/p>\n<p>Por su parte, el General Elpidio Canales, destac\u00f3 el trabajo conjunto y coordinado entre los tres \u00f3rdenes de gobierno y voluntarios.<\/p>\n<p>Dijo que el Ej\u00e9rcito Mexicano realiz\u00f3 reconocimiento por v\u00eda terrestre y \u00e1rea. Para atender este siniestro se cuenta con 2 helic\u00f3pteros, uno de la Fuerza \u00c1rea y uno m\u00e1s de la Guardia Nacional, entre ambos han realizado 13 descargas. En las pr\u00f3ximas horas se suma un helic\u00f3ptero del Gobierno de Tamaulipas.<\/p>\n<p>Cabe destacar que el incendio se origin\u00f3 en \u00e9l \u00e1rea conocida como Joya de Manantiales, el 16 de marzo, un incendio de piso, sin afectaci\u00f3n al \u00e1rbol adulto, da\u00f1ando hasta el momento 333 hect\u00e1reas con un porcentaje de control cercano al 50 por ciento.<\/p>\n<p>Los trabajos est\u00e1n siendo dirigidos por personal de CONAFOR quienes son expertos en la materia.<\/p>\n<p>Carlos Argueta Esp\u00edndola, titular de la Promotora de Desarrollo Forestal en el estado, anunci\u00f3 que se incorporan a este control de siniestro las brigadas de San Luis Potos\u00ed y Coahuila.<\/p>\n<p>Hasta el momento no se han registrado personas o viviendas afectadas por el fuego.<\/p>\n<p>En la reuni\u00f3n de evaluaci\u00f3n participaron el Secretario General de Gobierno, Gerardo Pe\u00f1a Flores, el Secretario de SEDUMA, Gilberto Estrella Hern\u00e1ndez, el Alcalde de G\u00f3mez Farias, Frank De Le\u00f3n \u00c1vila, el coordinador estatal de Protecci\u00f3n Civil, Pedro Granados, y los representantes de las distintas instancias del gobierno federal que participan conjuntamente en las tareas para controlar el incendio.<\/p>\n<p><img loading=\"lazy\" decoding=\"async\" class=\"size-full wp-image-6798 aligncenter\" src=\"https:\/\/www.buroperiodistico.com.mx\/wp-content\/uploads\/2022\/03\/Supervisax-I.jpg\" alt=\"\" width=\"640\" height=\"426\" srcset=\"https:\/\/www.buroperiodistico.com.mx\/wp-content\/uploads\/2022\/03\/Supervisax-I.jpg 640w, https:\/\/www.buroperiodistico.com.mx\/wp-content\/uploads\/2022\/03\/Supervisax-I-300x200.jpg 300w\" sizes=\"auto, (max-width: 640px) 100vw, 640px\" \/> <img loading=\"lazy\" decoding=\"async\" class=\"size-full wp-image-6800 aligncenter\" src=\"https:\/\/www.buroperiodistico.com.mx\/wp-content\/uploads\/2022\/03\/Supervisax-III.jpg\" alt=\"\" width=\"640\" height=\"426\" srcset=\"https:\/\/www.buroperiodistico.com.mx\/wp-content\/uploads\/2022\/03\/Supervisax-III.jpg 640w, https:\/\/www.buroperiodistico.com.mx\/wp-content\/uploads\/2022\/03\/Supervisax-III-300x200.jpg 300w\" sizes=\"auto, (max-width: 640px) 100vw, 640px\" \/> <img loading=\"lazy\" decoding=\"async\" class=\"size-full wp-image-6799 aligncenter\" src=\"https:\/\/www.buroperiodistico.com.mx\/wp-content\/uploads\/2022\/03\/Supervisax-II.jpg\" alt=\"\" width=\"564\" height=\"480\" srcset=\"https:\/\/www.buroperiodistico.com.mx\/wp-content\/uploads\/2022\/03\/Supervisax-II.jpg 564w, https:\/\/www.buroperiodistico.com.mx\/wp-content\/uploads\/2022\/03\/Supervisax-II-300x255.jpg 300w\" sizes=\"auto, (max-width: 564px) 100vw, 564px\" \/><\/p>\n","protected":false},"excerpt":{"rendered":"<p>G\u00f3mez Farias, Tamaulipas (25-Marzo-2022).- Este viernes, el Gobernador Francisco Garc\u00eda Cabeza de Vaca, sostuvo una&#8230;<\/p>\n","protected":false},"author":1,"featured_media":6801,"comment_status":"open","ping_status":"open","sticky":false,"template":"","format":"standard","meta":{"footnotes":"","jetpack_publicize_message":"","jetpack_publicize_feature_enabled":true,"jetpack_social_post_already_shared":false,"jetpack_social_options":{"image_generator_settings":{"template":"highway","default_image_id":0,"font":"","enabled":false},"version":2}},"categories":[25,10],"tags":[],"class_list":["post-6797","post","type-post","status-publish","format-standard","has-post-thumbnail","hentry","category-portada","category-tamaulipas"],"jetpack_publicize_connections":[],"_links":{"self":[{"href":"https:\/\/www.buroperiodistico.com.mx\/index.php?rest_route=\/wp\/v2\/posts\/6797","targetHints":{"allow":["GET"]}}],"collection":[{"href":"https:\/\/www.buroperiodistico.com.mx\/index.php?rest_route=\/wp\/v2\/posts"}],"about":[{"href":"https:\/\/www.buroperiodistico.com.mx\/index.php?rest_route=\/wp\/v2\/types\/post"}],"author":[{"embeddable":true,"href":"https:\/\/www.buroperiodistico.com.mx\/index.php?rest_route=\/wp\/v2\/users\/1"}],"replies":[{"embeddable":true,"href":"https:\/\/www.buroperiodistico.com.mx\/index.php?rest_route=%2Fwp%2Fv2%2Fcomments&post=6797"}],"version-history":[{"count":0,"href":"https:\/\/www.buroperiodistico.com.mx\/index.php?rest_route=\/wp\/v2\/posts\/6797\/revisions"}],"wp:featuredmedia":[{"embeddable":true,"href":"https:\/\/www.buroperiodistico.com.mx\/index.php?rest_route=\/wp\/v2\/media\/6801"}],"wp:attachment":[{"href":"https:\/\/www.buroperiodistico.com.mx\/index.php?rest_route=%2Fwp%2Fv2%2Fmedia&parent=6797"}],"wp:term":[{"taxonomy":"category","embeddable":true,"href":"https:\/\/www.buroperiodistico.com.mx\/index.php?rest_route=%2Fwp%2Fv2%2Fcategories&post=6797"},{"taxonomy":"post_tag","embeddable":true,"href":"https:\/\/www.buroperiodistico.com.mx\/index.php?rest_route=%2Fwp%2Fv2%2Ftags&post=6797"}],"curies":[{"name":"wp","href":"https:\/\/api.w.org\/{rel}","templated":true}]}}