{"id":6795,"date":"2022-03-25T19:02:17","date_gmt":"2022-03-26T01:02:17","guid":{"rendered":"https:\/\/www.buroperiodistico.com.mx\/?p=6795"},"modified":"2022-03-25T19:02:17","modified_gmt":"2022-03-26T01:02:17","slug":"en-concreto-por-angel-a-guerra-55","status":"publish","type":"post","link":"https:\/\/www.buroperiodistico.com.mx\/?p=6795","title":{"rendered":"EN CONCRETO\/ Por: \u00c1ngel A. Guerra"},"content":{"rendered":"<p style=\"text-align: center;\"><strong><em>Am\u00e9rico, 49.1; \u2018Truko\u2019, 20.5<\/em><\/strong><\/p>\n<ul>\n<li><strong><em>Delegado de Morena avizora el triunfo de Am\u00e9rico<\/em><\/strong><\/li>\n<li><strong><em>\u2018Vamos 2-1, no hay duda; estamos arriba\u2019, enfatiza<\/em><\/strong><\/li>\n<li><strong><em>Ex diputado panista se suma al proyecto de Am\u00e9rico<\/em><\/strong><\/li>\n<li><strong><em>Prolongan la \u2018agon\u00eda\u2019 del gobernador, al 1 de abril<\/em><\/strong><\/li>\n<li><strong><em>SCJN convoca a involucrados en el juicio vs CdeV<\/em><\/strong><\/li>\n<\/ul>\n<p>El Delegado de Morena en Tamaulipas cit\u00f3 un recurrente modismo de nuestro florido lenguaje, para enfatizar el \u201cestatus\u201d de su partido y su precandidato, Dr. AM\u00c9RICO VILLARREAL ANAYA, frente a las elecciones de junio:<\/p>\n<p>\u201cVamos en caballo de hacienda\u201d, ilustr\u00f3.<\/p>\n<p>MANUEL MU\u00d1OZ CANO, dirigente estatal del Verde Ecologista y quien le sabe al manejo de las encuestas, terci\u00f3 en la entrevista del Delegado\u00a0 y calific\u00f3 de \u201cirresponsables\u201d, a las empresas encuestadoras que manejan n\u00fameros y porcentajes alejados de la realidad pol\u00edtica de la entidad.<\/p>\n<p>Y el Delegado ERNESTO PALACIOS CORDERO se fue a los hechos, al refrendar que las compa\u00f1\u00edas ser\u00edas, las que disfrutan de credibilidad y se han ganado el respeto social por presentar panoramas objetivos y verificables, sostienen que, en este momento, Morena y el Dr. AM\u00c9RICO VILLARREAL ANAYA \u201cest\u00e1n arriba\u201d.<\/p>\n<p>Y que ganar\u00edan la elecci\u00f3n en un porcentaje de 2 a 1.<\/p>\n<p><strong>(-Massive Caller,<\/strong> por cierto, inform\u00f3 que en su m\u00e1s reciente sondeo de opini\u00f3n en Tamaulipas para conocer la intenci\u00f3n del voto frente a la elecci\u00f3n de gobernador, el Dr. AM\u00c9RICO VILLARREAL ANAYA, precandidato de la coalici\u00f3n Morena-PVEM-PT a la gubernatura, obtuvo 49.1 %, frente a un 20.5 de su m\u00e1s cercano adversario, C\u00c9SAR AUGUSTO VER\u00c1STEGUI OSTOS, de la alianza PAN-PRI-PRD<strong>-).<\/strong><\/p>\n<p>No es el caso \u00a1por supuesto!, de encuestadoras \u201ccentaveras\u201d que caen en el juego de intereses y valores entendidos de sus clientes al difundir n\u00fameros falsos que solo enga\u00f1an a quienes los contratan, pues la realidad de la calle, la que percibimos usted y yo en el mercado, en el micro, en el caf\u00e9, en la chamba y las amas de casa en el S\u00faper y en las lavander\u00edas, es radicalmente opuesta al triunfalismo de los hombres de gobierno.<\/p>\n<p>Porque la realidad que usted y yo conocemos por nuestro contacto directo y permanente con la sociedad productiva, la que impulsa con su trabajo la econom\u00eda de la entidad, es radicalmente opuesta, pues el gobierno panista se convirti\u00f3 en una pesadilla para los tamaulipecos, que alcanzaron a creer en los enjundiosos discursos de campa\u00f1a de su gobernador, FRANCISCO N, hoy procesado por delincuencia organizada, uso de recursos de procedencia il\u00edcita y defraudaci\u00f3n fiscal equiparada.<\/p>\n<p>Es decir, si quisi\u00e9ramos establecer un rango de comparaci\u00f3n entre los ex gobernadores y \u00e9ste, que ya se va, dir\u00edamos con toda certidumbre que \u201csali\u00f3 peor que los dem\u00e1s\u201d, porque FRANCISCO N \u201cencapsul\u00f3\u201d el ejercicio del Poder en unas cuantas manos, y en su primer c\u00edrculo no hubo nadie mejor que \u00e9l.<\/p>\n<p>En este sentido, el megal\u00f3mano MANUEL CAVAZOS LERMA qued\u00f3 como ni\u00f1o de biber\u00f3n frente a FRANCISCO N, en tanto que cuando la Fiscal\u00eda General de la Rep\u00fablica y la Unidad de Inteligencia Financiera ventilen ante la Suprema Corte de Justicia de la Naci\u00f3n las pruebas de los cargos que le imputan al gobernador, veremos que quiz\u00e1 TOM\u00c1S YARRINGTON quede como \u201casaltante de barriada\u201d frente al presumible perfil delictivo del gobernador en turno.<\/p>\n<p>De EGIDIO TORRE no hablamos porque es probable que tambi\u00e9n tenga que ocupe en su oportunidad el banquillo de los acusados, y en el caso de EUGENIO HERN\u00c1NDEZ FLORES &#8211;el mejor gobernador que ha tenido Tamaulipas en las \u00faltimas d\u00e9cadas&#8211;, todo mundo sabe que su estancia en prisi\u00f3n obedece a una de las venganzas viscerales de FRANCISCO N, tal como sucede con el caso de CARLOS ENRIQUE CANTUROSAS VILLARREAL, a quien FRANCISCO N tiene p\u00e1nico y envidia por las cualidades intr\u00ednsecas de su perfil pol\u00edtico.<\/p>\n<p>FRANCISCO le envidia a CARLOS ENRIQUE \u2013primer\u00edsimamente&#8211;, su carisma, su inteligencia pol\u00edtica, su facilidad con la que se gana la confianza ciudadana, su cualidad de hombre de palabra y de hechos, pues a FRANCISCO N le frustra no tener ninguna de esas cualidades.<\/p>\n<p>De ah\u00ed que frente a la realidad pol\u00edtica de Tamaulipas, No-Hay-Ninguna-Duda de que el saldo de negativos que hereda FRANCISCO N al precandidato de su partido, provocar\u00e1 su ca\u00edda vertical en el \u00e1nimo ciudadano, pues aunque la propuesta del PAN sea v\u00e1lida y seria \u2013es decir, hay que concederle el beneficio de la duda&#8211;, el solo hecho de pensar que vienen otros seis a\u00f1os similares a los que est\u00e1 por cumplir FRANCISCO N, causan terror a la ciudadan\u00eda tamaulipeca, porque quiz\u00e1 No-Vuelva-A-Haber un gobierno peor que este.<\/p>\n<p>\u2026 Pero si el\u00a0 que sigue lo pone \u00e9l.<\/p>\n<p>No podemos meternos a la mente del Delegado de Morena, pero presumimos que las persecuciones pol\u00edticas que enderez\u00f3 el gobierno de FRANCISCO N contra sus adversarios pol\u00edticos \u2013que hoy gobiernan el 70 por ciento de los tamaulipecos radicados en las ciudades m\u00e1s importantes de la entidad&#8211;, entran al inventario de \u201chaberes\u201d de Morena y su precandidato AM\u00c9RICO VILLARREAL ANAYA, pues es un hecho que los alcaldes CARLOS PE\u00d1A ORTIZ, \u00a0MARIO L\u00d3PEZ HERN\u00c1NDEZ, CARMEN LILIA CANTUROSAS VILLARREAL, H\u00c9CTOR JOEL VILLEGAS GONZ\u00c1LEZ, EDUARDO GATT\u00c1S y ADRI\u00c1N OSEGUERA KERNION, quienes sufrieron persecuci\u00f3n policiaca y ministerial cabecista en sus campa\u00f1as pol\u00edticas, pero hoy \u00a0gobiernan Reynosa, Matamoros, Nuevo Laredo, R\u00edo Bravo, ciudad Victoria y Madero, formar\u00e1n una \u201cBarrera-Anti-Cabeza\u201d para impedir que, as\u00ed sea a trav\u00e9s de \u201cun propio\u201d, su reelija literalmente en Tamaulipas.<\/p>\n<p>Todo este balance de hechos seguramente figuran en el escenario virtual del Delegado de Morena, para que asegure que su partido y su precandidato a la gubernatura, AM\u00c9RICO VILLARREAL ANAYA, van \u201cEn-Caballo-De-Hacienda\u201d rumbo a las elecciones de junio.<\/p>\n<p>Claro que FRANCISCO N se resiste, pues el solo desafuero en puerta lo coloca en una posici\u00f3n legal cr\u00edtica, en tanto que al dejar de ser gobernador, tendr\u00e1 que rendir cuentas ante la pr\u00f3xima Administraci\u00f3n \u2013eventualmente, de Morena&#8211;, particularmente por la deuda bancaria de casi 18 mil millones de pesos, que contrat\u00f3 con la Banca privada a lo largo de sus primeros cinco a\u00f1os de gobierno.<\/p>\n<p>FRANCISCO N tendr\u00e1 que explicar la ruta de ese dinero y debe hacerse una auditor\u00eda t\u00e9cnica para corroborar la calidad de las obras, si es que se hicieron, pues ya ve usted que no se ve mucha acci\u00f3n presupuestal en los municipios de Tamaulipas.<\/p>\n<p>Pero, bueno, aqu\u00ed en ciudad Victoria ya se escucha el pegajoso tum.tum.tum-tum de la batucada, que anuncia la inminencia de la justa electoral en territorio, cuerpo a cuerpo, como en las batallas medievales, para ver qui\u00e9n convence m\u00e1s al electorado.<\/p>\n<p>Pronto haremos el an\u00e1lisis del perfil de los aspirantes, para que nuestros lectores sepan con quien van a tratar los siguientes seis a\u00f1os.<\/p>\n<p>\u2026 Despu\u00e9s de que termine esta pesadilla.<\/p>\n<p><strong>(-Entrepar\u00e9ntesis:<\/strong> Para desahogar la segunda controversia (70\/2021), el ministro GONZ\u00c1LEZ ALC\u00c1NTARA CARRANC\u00c1 cit\u00f3 el 1o de abril, a las 11:00 horas, en una audiencia virtual a trav\u00e9s de la plataforma Zoom. A ambas audiencias fueron convocados funcionarios de la FGR, C\u00e1mara de Diputados, Congreso de Tamaulipas y el Poder Ejecutivo estatal<strong>-).<\/strong><\/p>\n<p style=\"text-align: center;\"><strong><em>MATAMOROS CELEBRA <\/em><em>\u201cRIGO ES AMOR 2022\u201d<\/em><\/strong><\/p>\n<p>Mientras que Matamoros celebrar\u00e1 el festejo \u201cRigo es Amor 2022\u201d, para homenajear al celeb\u00e9rrimo cantautor matamorense, este 29 de marzo, e iniciar\u00e1 a las diez de la ma\u00f1ana con la ceremonia de Ma\u00f1anitas con Mariachi y la colocaci\u00f3n de ofrenda a RIGO TOVAR,\u00a0 y la presentaci\u00f3n musical de L\u00c1ZARO CAMPOS y sus teclados, frente al monumento al cantante, ubicado en la avenida Rigo Tovar y 1\u00ba de mayo.<\/p>\n<p>Posteriormente, a las seis de la tarde, se llevar\u00e1 a cabo el cierre del Festival \u201cRigo es Amor 2022\u201d, con la presentaci\u00f3n musical de Karmelo y Cia, Ezzencia y su cantante Lola Herrera, Gibr\u00e1n Tovar, hijo de Rigo Tovar y el conjunto Costa Azul de C\u00e9sar Alejandro Herrera con el mariachi Gala de M\u00e9xico y tr\u00edo de guitarras, a celebrarse en la Plaza Principal Miguel Hidalgo.<\/p>\n<p>Estos eventos est\u00e1n a cargo de la Secretar\u00eda de Educaci\u00f3n, Cultura y Deporte, en coordinaci\u00f3n con el Museo Rigo Tovar.<\/p>\n<p>Esto comprender\u00e1 la celebraci\u00f3n de \u201c50 A\u00f1os Tropical\u00edsimo\u201d.<\/p>\n<p style=\"text-align: center;\"><strong><em>NLD IMPULSAR\u00c1 EMPLEOS <\/em><em>Y DESARROLLO ECON\u00d3MICO<\/em><\/strong><\/p>\n<p>Desde otra perspectiva y con el prop\u00f3sito de brindar mano de obra calificada a las empresas e impulsar la industria en Nuevo Laredo, iniciar\u00e1 de forma gratuita el Programa Municipal para la Capacitaci\u00f3n Industrial por parte de la Secretar\u00eda de Desarrollo Econ\u00f3mico este s\u00e1bado 26 de marzo en las instalaciones del Colegio de Educaci\u00f3n Profesional T\u00e9cnica 246 (CONALEP).<\/p>\n<p>Este primer curso se realizar\u00e1 durante cuatro s\u00e1bados, se impartir\u00e1n capacitaciones a 45 neolaredenses en las \u00e1reas de electricidad, soldadura y montacarguista, que son las primeras necesidades del sector industrial.<\/p>\n<p>\u201cEl gobierno municipal y la industria maquiladora estamos trabajando de la mano para fortalecer el desarrollo econ\u00f3mico de la ciudad que genera beneficio a la ciudadan\u00eda con ofertas laborales, con esta capacitaci\u00f3n industrial prepararemos a las personas para que est\u00e9n certificados\u00a0 para obtener un empleo dentro de este sector\u201d, mencion\u00f3 la alcaldesa CARMEN LILIA CANTUROSAS VILLARREAL.<\/p>\n<p>Destac\u00f3 el acercamiento que ha habido con la industria maquiladora, a la que le est\u00e1n ofreciendo mano de obra calificada, previo estudio realizado respecto a las necesidades de cada empresa y con el apoyo del CONALEP que se encarga de la capacitaci\u00f3n.<\/p>\n<p>La alcaldesa CARMEN LILIA CANTUROSAS VILLARREAL tiene el firme compromiso de hacer crecer Nuevo Laredo en materia econ\u00f3mica y desarrollar a los ciudadanos, es por eso que les brindamos estas herramientas para que puedan crecer en lo laboral y familiar, trabajamos para facilitar el acceso al empleo y al impulso industrial.<\/p>\n<p style=\"text-align: center;\"><strong><em>MANUEL CANALES: \u2018LA \u00daNICA OPCI\u00d3N <\/em><em>PARA TAMAULIPAS ES AM\u00c9RICO\u2019<\/em><\/strong><\/p>\n<p>De otro lado y para que vean que en Morena tambi\u00e9n hace aire, s\u00e9pase que el ex diputado local del PAN, MANUEL CANALES BERMEA se sum\u00f3 al proyecto de AM\u00c9RICO VILLARREAL ANAYA, pues considera al doctor como la \u00fanica opci\u00f3n para lograr la transformaci\u00f3n de Tamaulipas.<\/p>\n<p>\u201cEstoy convencido que la mejor opci\u00f3n para Tamaulipas es AM\u00c9RICO VILLARREAL. Se necesita transformar al Estado, que tenga rumbo, pues se ha perdido en los \u00faltimos a\u00f1os\u201d, dijo.<\/p>\n<p>CANALES BERMEA form\u00f3 parte del Congreso de Tamaulipas en la LXIV legislatura, representando al distrito 1 de Nuevo Laredo por el Partido Acci\u00f3n Nacional.<\/p>\n<p>En el Congreso del Estado fungi\u00f3 como presidente de la Comisi\u00f3n de Desarrollo Rural y Secretario de la Comisi\u00f3n de Asuntos Migratorios y Fronterizos, en el periodo 2018-2021.<\/p>\n<p>Ser\u00e1 en las pr\u00f3ximas horas cuando MANUEL CANALES abandone la militancia del PAN para integrarse formalmente al proyecto de AM\u00c9RICO VILLARREAL.<\/p>\n<p style=\"text-align: center;\"><strong><em>ANUNCIAN LAS FIESTAS <\/em><em>DE ABRIL TAMPICO 2022<\/em><\/strong><\/p>\n<p>Luego de que la pandemia por Covid impidiera la celebraci\u00f3n de las Fiestas de Abril en Tampico durante los \u00faltimos dos a\u00f1os, este viernes el Presidente Municipal CHUCHO NADER dio a conocer que del 8 al 25 de abril se llevar\u00e1 al cabo el tradicional evento en los terrenos del nuevo recinto ferial donde se presentar\u00e1 una atractiva cartelera de artistas de talla nacional e internacional.<\/p>\n<p>El Jefe de la comuna se\u00f1al\u00f3 que durante la contingencia sanitaria, su administraci\u00f3n, con el respaldo del Gobierno del Estado, construy\u00f3 una nueva y moderna infraestructura en los terrenos aleda\u00f1os a la Laguna del Carpintero, para que las familias tampique\u00f1as, visitantes y habitantes de la regi\u00f3n huasteca disfrutar\u00e1n un recinto ferial a la altura de los mejores del pa\u00eds.<\/p>\n<p>\u00abTras dos a\u00f1os de suspensi\u00f3n de eventos masivos, nos da mucho gusto anunciar una serie de actividades tur\u00edsticas y recreativas que, sin duda, significar\u00e1n una gran oportunidad para que los tampique\u00f1os y la poblaci\u00f3n de la zona conurbada nos reencontremos con la tradici\u00f3n y alegr\u00eda de las fiestas de abril, y confirmar as\u00ed, el por qu\u00e9 Tampico est\u00e1 de moda\u00bb, mencion\u00f3.<\/p>\n<p>\u00abTan solo, en este momento se desarrolla en la ciudad el Congreso Internacional de la Ruta de Santiago; el d\u00eda de ma\u00f1ana tendremos un partido de exhibici\u00f3n de los Sultanes de Monterrey de la Liga Mexicana de Beisbol en la Unidad Deportiva y por la tarde daremos inicio con el tradicional carnaval de Tampico 2022, una fiesta donde esperamos la asistencia de miles de familias de la zona conurbada\u00bb, detall\u00f3.<\/p>\n<p>El alcalde a\u00f1adi\u00f3 que el 12 de abril se realizar\u00e1n los festejos del 19 aniversario de la fundaci\u00f3n de Tampico; adem\u00e1s de la Convenci\u00f3n Nacional de Ganado Ceb\u00fa programada para el 21 de abril; as\u00ed como las exposiciones de ganado Brahma y Brangus que se llevar\u00e1n a cabo del 15 al 24 de abril y del 27 de abril al 4 de mayo, respectivamente.<\/p>\n<p>Por su parte MICHEL RIVERO de la empresa \u00abEspectaculares Garc\u00eda\u00bb dio a conocer que dentro de la cartelera de artistas a presentar en el Teatro del Pueblo destacan; La Sonora Santanera, R\u00edo Roma, Kumbia Kings, Los Acosta, La Arrolladora, La Maldita Vecindad, y Bronco, ente otros.<\/p>\n<p>Precis\u00f3 que el evento contar\u00e1 adem\u00e1s con Circo, Foro para artistas locales, \u00e1rea de juegos gratis para ni\u00f1os, 45 juegos mec\u00e1nicos, zona de restaurantes y muchos atractivos adicionales.<\/p>\n<p style=\"text-align: center;\"><strong><em>RECIBE C\u00c9SAR VER\u00c1STEGUI <\/em><em>RESPALDO DE CA\u00d1EROS<\/em><\/strong><\/p>\n<p>En otro tema, productores ca\u00f1eros de la regi\u00f3n de Mante coinciden en que C\u00c9SAR AUGUSTO VER\u00c1STEGUI OSTOS es la mejor opci\u00f3n para gobernar Tamaulipas, \u00a0y con respecto a la actividad que realizan, se\u00f1alan que tiene a su favor que conoce a fondo a este sector econ\u00f3mico y cu\u00e1les son los mecanismos que se necesitan para \u00a0impulsar el desarrollo de su actividad.<\/p>\n<p>Para la se\u00f1ora ANA MAR\u00cdA CASTILLO, productora ca\u00f1era de ciudad Mante, le llena de orgullo saber que el Truko, puede ser el pr\u00f3ximo gobernador de Tamaulipas y a quien le reconoce la calidad humanitaria que lo antecede.<\/p>\n<p>En este mismo sentido, el tambi\u00e9n productor ca\u00f1ero SANS\u00d3N LARA JIM\u00c9NEZ, dijo que est\u00e1n trabajando por el proyecto que encabeza C\u00c9SAR VER\u00c1STEGUI OSTOS porque tienen confianza de que es \u00e9l quien puede sacar adelante a Tamaulipas, porque es una persona que sabe entrarle a los problemas.<\/p>\n<p style=\"text-align: center;\">\u00a0<strong><em>CONSTAT\u00d3 RECTOR DE LA UAT <\/em><em>TRABAJO DEL HOSPITAL VETERINARIO <\/em><\/strong><\/p>\n<p>Por \u00faltimo, como parte de los recorridos que est\u00e1 realizando por instalaciones universitarias, el C. P. GUILLERMO MENDOZA CAVAZOS, Rector de la Universidad Aut\u00f3noma de Tamaulipas (UAT), visit\u00f3 el Hospital Veterinario para Peque\u00f1as Especies \u201cDr. Norberto Trevi\u00f1o Zapata\u201d, ubicado en Ciudad Victoria.<\/p>\n<p>En su visita a esta dependencia universitaria de la Facultad de Medicina Veterinaria y Zootecnia (FMVZ), el Rector constat\u00f3 el funcionamiento de los diferentes servicios y \u00e1reas especializadas con las que se cuenta, mismas que permiten brindar una atenci\u00f3n de calidad para el cuidado de la salud de las razas peque\u00f1as.<\/p>\n<p>Correspondi\u00f3 al Dr. CARLOS HERMAN LARA CAMPOS, Director del Hospital Veterinario, conducir el recorrido en donde particip\u00f3 el personal m\u00e9dico y administrativo a cargo de las distintas \u00e1reas y secciones.<\/p>\n<p>Se explic\u00f3 la capacidad de servicios y atenci\u00f3n de la salud de las especies menores, tales como consulta externa, medicina interna, urgencias m\u00e9dicas, hospitalizaci\u00f3n, unidad de terapia intensiva, imagenolog\u00eda con rayos X y ultrasonido, laboratorio cl\u00ednico, as\u00ed como farmacia, quir\u00f3fanos, espacios para cuidados ortop\u00e9dicos, est\u00e9tica de peque\u00f1as especies, \u00a0aulas para clases y conferencias.<\/p>\n<p>El\u00a0 Rector GUILLERMO MENDOZA CAVAZOS, quien estuvo acompa\u00f1ado del Dr. FLAVIANO BENAVIDES GONZ\u00c1LEZ, Director de la FMVZ, constat\u00f3 la participaci\u00f3n de los estudiantes de veterinaria que realizan materias de pr\u00e1ctica cl\u00ednica, adem\u00e1s de ser un espacio para las pr\u00e1cticas profesionales, servicio social, estancias e internados.<\/p>\n<p>Por hoy es todo, nos leemos el s\u00e1bado.<\/p>\n","protected":false},"excerpt":{"rendered":"<p>Am\u00e9rico, 49.1; \u2018Truko\u2019, 20.5 Delegado de Morena avizora el triunfo de Am\u00e9rico \u2018Vamos 2-1, no&#8230;<\/p>\n","protected":false},"author":1,"featured_media":168,"comment_status":"open","ping_status":"open","sticky":false,"template":"","format":"standard","meta":{"footnotes":"","jetpack_publicize_message":"","jetpack_publicize_feature_enabled":true,"jetpack_social_post_already_shared":false,"jetpack_social_options":{"image_generator_settings":{"template":"highway","default_image_id":0,"font":"","enabled":false},"version":2}},"categories":[23],"tags":[],"class_list":["post-6795","post","type-post","status-publish","format-standard","has-post-thumbnail","hentry","category-columnas"],"jetpack_publicize_connections":[],"_links":{"self":[{"href":"https:\/\/www.buroperiodistico.com.mx\/index.php?rest_route=\/wp\/v2\/posts\/6795","targetHints":{"allow":["GET"]}}],"collection":[{"href":"https:\/\/www.buroperiodistico.com.mx\/index.php?rest_route=\/wp\/v2\/posts"}],"about":[{"href":"https:\/\/www.buroperiodistico.com.mx\/index.php?rest_route=\/wp\/v2\/types\/post"}],"author":[{"embeddable":true,"href":"https:\/\/www.buroperiodistico.com.mx\/index.php?rest_route=\/wp\/v2\/users\/1"}],"replies":[{"embeddable":true,"href":"https:\/\/www.buroperiodistico.com.mx\/index.php?rest_route=%2Fwp%2Fv2%2Fcomments&post=6795"}],"version-history":[{"count":0,"href":"https:\/\/www.buroperiodistico.com.mx\/index.php?rest_route=\/wp\/v2\/posts\/6795\/revisions"}],"wp:featuredmedia":[{"embeddable":true,"href":"https:\/\/www.buroperiodistico.com.mx\/index.php?rest_route=\/wp\/v2\/media\/168"}],"wp:attachment":[{"href":"https:\/\/www.buroperiodistico.com.mx\/index.php?rest_route=%2Fwp%2Fv2%2Fmedia&parent=6795"}],"wp:term":[{"taxonomy":"category","embeddable":true,"href":"https:\/\/www.buroperiodistico.com.mx\/index.php?rest_route=%2Fwp%2Fv2%2Fcategories&post=6795"},{"taxonomy":"post_tag","embeddable":true,"href":"https:\/\/www.buroperiodistico.com.mx\/index.php?rest_route=%2Fwp%2Fv2%2Ftags&post=6795"}],"curies":[{"name":"wp","href":"https:\/\/api.w.org\/{rel}","templated":true}]}}