{"id":6792,"date":"2022-03-25T17:17:46","date_gmt":"2022-03-25T23:17:46","guid":{"rendered":"https:\/\/www.buroperiodistico.com.mx\/?p=6792"},"modified":"2022-03-25T17:17:46","modified_gmt":"2022-03-25T23:17:46","slug":"aqui-rio-bravo-por-daniel-enrique-romero-aleman-45","status":"publish","type":"post","link":"https:\/\/www.buroperiodistico.com.mx\/?p=6792","title":{"rendered":"AQU\u00cd R\u00cdO BRAVO\/\u00a0Por Daniel Enrique ROMERO ALEM\u00c1N\u00a0"},"content":{"rendered":"<p style=\"text-align: center;\"><strong><em>\u201cEL TRUKO\u201d, RECUERDA CON CARI\u00d1O A RODOLFO\u00a0<\/em><\/strong><\/p>\n<p>Como dos grandes amigas, como si conocieran de toda la vida, as\u00ed se vio el trato entre la Primera Trabajadora Social de Tamaulipas MARIANA G\u00d3MEZ, y la Primera Trabajadora Social de Suelo Riobravense MAR\u00cdA ELENA RODELA.<\/p>\n<p>\u201cSe vio de inmediato la buena qu\u00edmica entre ambas\u201d, me dijeron algunos personajes que estuvieron muy cerquita.<\/p>\n<p>La se\u00f1ora G\u00f3mez, visit\u00f3 mi querido y adorado pueblo este viernes para encabezar la jornada de asistencial-social en el fraccionamiento \u201cAzteca\u201d, en donde al lado de la se\u00f1ora Rodela, entreg\u00f3 m\u00faltiples beneficios a las familias de ese populoso sector.<\/p>\n<p>Se beneficiaron las familias con apoyos alimentarios, consultas m\u00e9dicas, descuentos en licencias de conducir, ex\u00e1menes de la vista, entrega de lentes gratis, cortes de cabello, recepci\u00f3n de peticiones para campa\u00f1as m\u00e9dicas, por mencionar tan solo algunos.<\/p>\n<p>La se\u00f1ora Rodela coment\u00f3: \u201cCon esta brigada, nuestro objetivo principal es poner a su disposici\u00f3n los servicios m\u00e1s importantes del Gobierno en temas de salud: educaci\u00f3n y tr\u00e1mites administrativos; quisimos aprovechar esta jornada para traer apoyos especiales, con los que buscamos contribuir a mejorar su calidad de vida, me refiero a aparatos auditivos, apoyos para el autoempleo\u201d.<\/p>\n<p>Presentes los funcionarios de corte estatal como CARLOS GONZ\u00c1LEZ del Registro Civil, EDGAR OLVERA de la Comisi\u00f3n Municipal de Agua Potable y Alcantarillado; el delegado regional de Bienestar Social RA\u00daL GARC\u00cdA VIVI\u00c1N, tan solo algunos.<\/p>\n<p>En serio, es una distinci\u00f3n a todas luces de primera por parte del Gobierno del Estado, y en espacial por parte de la Primera Trabajadora Social de Tamaulipas; que no se da en otros municipios y que deja bien claro que la se\u00f1ora Rodela y su esposo el presidente municipal H\u00c9CTOR JOEL VILLEGAS GONZ\u00c1LEZ, est\u00e1n haciendo muy bien las cosas; sin politiquer\u00edas, solo trabajo, y m\u00e1s trabajo.<\/p>\n<p>Por cierto, la se\u00f1ora Mariana orden\u00f3 que se hiciera el tr\u00e1mite de correcci\u00f3n de algunos documentos para unas personas y que no tengan que viajar a la capital del estado, y aqu\u00ed entr\u00f3 al quite Carlos, quien tendr\u00e1 esa comisi\u00f3n.<\/p>\n<p>PREVIO a su registro como candidato de la coalici\u00f3n \u201cVa por Tamaulipas\u201d (PRI-PAN-PRD), C\u00c9SAR VER\u00c1STEGUI OSTOS, se reuni\u00f3 con la joven PAULINA TORRE, hija del nunca olvido Rodolfo Torre Cant\u00fa.<\/p>\n<p>Paulina le obsequi\u00f3 un libro de su autor\u00eda \u201cSi a Vivir\u201d, y dentro de los muchos temas que trat\u00f3 con Ver\u00e1stegui fue lo referente a salud mental, y por supuesto de su se\u00f1or padre, y del impacto que tuvo \u201clo que mi familia y yo vivimos y mi inter\u00e9s de que nadie m\u00e1s lo pase, de que contemos con los recursos para afrontar una p\u00e9rdida\u201d.<\/p>\n<p>Sobre c\u00f3mo se dio est\u00e1 interesante charla dijo: \u201cSu equipo entr\u00f3 en comunicaci\u00f3n conmigo inmediatamente; me se\u00f1alaron que \u201cEl Truko\u201d, estaba muy interesado en platicar, en conocerme, en ver estos temas que son fundamentales para las familias, particularmente en un momento en que la sociedad necesita ajustarse emocionalmente tras la pandemia del Covid, que dej\u00f3 en la gente temores tras el confinamiento y p\u00e9rdidas como empleos, su din\u00e1mica de vida o la de un ser querido\u201d.<\/p>\n<p>Coment\u00f3 adem\u00e1s que tambi\u00e9n hablaron de su padre, de la visi\u00f3n que ten\u00eda para el Estado, de sus proyectos y de los lamentables hechos que marcaron a ella, a su familia y a millones de Tamaulipecos aquel 28 de junio del 2010.<\/p>\n<p>Adelant\u00f3 que pondr\u00e1 a disposici\u00f3n de todos los candidatos ya iniciado el proceso electoral, un compromiso sobre qui\u00e9n resulte gobernador, se comprometa a llevar la importancia de la salud mental al siguiente nivel y apostarle mucho a la prevenci\u00f3n de la misma, esperando que Ver\u00e1stegui se una.<\/p>\n<p>ES EN SERIO, una organizaci\u00f3n muy seria, tan seria que se le ocurri\u00f3 hacer la petici\u00f3n para que la fecha de nacimiento del presidente de la rep\u00fablica ANDR\u00c9S MANUEL L\u00d3PEZ OBRADOR, sea declarada como descanso obligatorio, o sea d\u00eda festivo.<\/p>\n<p>Yo por mi encantado, de por si ya muchos mexicanos se est\u00e1n haciendo bien flojos debido a lo apoyos sociales que reciben y darle un d\u00eda de descanso m\u00e1s no ser\u00eda para ellos mala onda.<\/p>\n<p>PARECE que se empieza a convertir en operador pol\u00edtico el expresidente municipal de Suelo Riobravense CARLOS ULIVARRI L\u00d3PEZ.<\/p>\n<p>Lo vimos cabildear en conocido restaurante de Suelo Reynosense, a donde llegamos a comer tacos de cabrito, pero ya no los tienen en el men\u00fa.<\/p>\n<p>Pero si hay cabrito.<\/p>\n<p>Carlos, es uno de los personajes que le tiene gran confianza C\u00c9SAR VER\u00c1STGUI OSTOS, de ah\u00ed que le encomendaron la tarea de llevar un buen contingente a Suelo Victorense para lo del registro.<\/p>\n<p>EL BUEN amigo director regional de la pol\u00edtica social de Tamaulipas RA\u00daL GARC\u00cdA VIVI\u00c1N, bien que aprovech\u00f3 su visita a Suelo Riobravense para despacharse un buen taco en el restaurante de ROBERTO GARZA, y de paso saludar a buenos amigos como ISMAEL ZAPATA.<\/p>\n<p>Ismael sigue bateando duro, pues esta por abrir una sucursal m\u00e1s de su exitoso restaurante de pizzas.<\/p>\n<p>Qu\u00e9 bueno.<\/p>\n<p>ESTO ESCRIBI\u00d3 en el peri\u00f3dico \u201cEl Universal\u201d la columnista SANDRA ROMANDIA, sobre el nuevo pleito que agarr\u00f3 el presidente de la rep\u00fablica ANDR\u00c9S MANUEL L\u00d3PEZ OBRADOR, con actores y actrices que criticaron su proyecto del \u201cTren Maya\u201d, y a los que les dijo vendidos.<\/p>\n<p>Va, sin quitarle ni ponerle: \u201cOjal\u00e1 tuvi\u00e9ramos dinero para hacer una campa\u00f1a grande y pagar, pero no tenemos, es la verdad\u201d, me coment\u00f3 una de las actrices.<\/p>\n<p>\u201cUna vez m\u00e1s, con un simple reporteo de unas horas, se demuestra que lo que desacredita\u00a0L\u00f3pez Obrador\u00a0lo dice sin fundamentos, sin datos; sin la curiosidad, siquiera, de averiguar antes de denostar, se\u00f1alar y mandar \u201ca la hoguera\u201d a quienes le incomodan\u201d.<\/p>\n<p>Y EUGENIO DERBEZ respondi\u00f3 duro y a la cabeza:<\/p>\n<p>\u201cA estas alturas de mi carrera no tengo necesidad de que venga alguien a darme unos pesos para apoyar a un partido; al contrario, soy apartidista; pero el le\u00f3n cree que todos son de su condici\u00f3n; no soy yo quien recibe sobres amarillos\u201d.<\/p>\n<p>AUNQUE SOLO es el registro, va a ser un d\u00eda en que todo mundo estar\u00e1 atento para ver quien es quien en poder de convocatoria.<\/p>\n<p>El favorito en las encuestas sigue siendo AM\u00c9RICO VILLARREAL ANAYA que va por la coalici\u00f3n \u201cJuntos Haremos Historia en Tamaulipas\u201d (Morena-PT-PVEM), que tendr\u00e1 su registro a las tres y media de la tarde, cuando el sol este calando a plomo, as\u00ed que caliente ser\u00e1 su registro ante el \u00e1rbitro electoral.<\/p>\n<p>Han gustado sus slogans como ese de \u201cLa Transformaci\u00f3n de Tamaulipas inicia\u201d, o bien, \u201cVamos juntos desde el lado correcta de la historia\u201d.<\/p>\n<p>Por all\u00e1 andaremos, aunque nos duela ver a la capital del estado como un verdadero muladar.<\/p>\n<p>ANDUVO a todo lo que da por Suelo Riobravense, y hasta le toc\u00f3 a la Villa de Nuevo Progreso, el diputado federal TOM\u00c1S GLORIA REQUENA, este viernes todo el d\u00eda.<\/p>\n<p>De eso les pasamos el video completo en la siguiente entrega informativa.<\/p>\n<p>Tom\u00e1s anda desatado, como que est\u00e1 tomando muchas capsulas de \u201cBeyodecta\u201d, o como si anduviera en campa\u00f1a; pero as\u00ed es \u00e9l, siempre cumplidor con su gente.<\/p>\n<p>LOS CHINGADAZOS est\u00e1n a todo lo que da en el Congreso del Estado, y no por el zipizape que armaron en tribuna en donde hubo mordidas y ara\u00f1azos; sino por los serios se\u00f1alamientos que se dieron en contra de la pastora del reba\u00f1o guinda \u00daRSULA PATRICIA SALAZAR MOJICA, por pedir a un proveedor que infle las facturas.<\/p>\n<p>Se dio a conocer el audio en donde pide est\u00e1 acci\u00f3n corrupta la legisladora local de Morena.<\/p>\n<p>As\u00ed se las gasta la sobrina del presidente de la rep\u00fablica ANDR\u00c9S MANUEL L\u00d3PEZ OBRADOR, ella seguramente para desmentir esa versi\u00f3n argumentar\u00e1 que todo es culpa de los conservadores, fif\u00eds y periodistas vendidos, igual que su t\u00edo.<\/p>\n<p>PORQUE a\u00fan hay tiempo no se le pase felicitar este viernes con motivo de su cumplea\u00f1os al siempre inquieto JORGE ALBERTO P\u00c9REZ, y al galeno de mi pueblo JOS\u00c9 LUIS GONZ\u00c1LEZ JIM\u00c9NEZ.<\/p>\n<p>El s\u00e1bado les toca a MARCO ESQUIVEL, JUAN MACHUCA VALENZUELA, y ALEJANDRO CASTRELL\u00d3N.<\/p>\n<p>Es el aniversario de bodas de COPITZY HERN\u00c1NDEZ, primero las damas, y JACOBO GARZA CHAPA.<\/p>\n<p>Un monumental abrazo y que vengan muchos m\u00e1s.<\/p>\n<p>TERMINAMOS, PERO VOLVEREMOS\u2026D\u2026M\u2026<\/p>\n<p>Correo electr\u00f3nico: barre283@hotmail.com<\/p>\n","protected":false},"excerpt":{"rendered":"<p>\u201cEL TRUKO\u201d, RECUERDA CON CARI\u00d1O A RODOLFO\u00a0 Como dos grandes amigas, como si conocieran de&#8230;<\/p>\n","protected":false},"author":1,"featured_media":375,"comment_status":"open","ping_status":"open","sticky":false,"template":"","format":"standard","meta":{"footnotes":"","jetpack_publicize_message":"","jetpack_publicize_feature_enabled":true,"jetpack_social_post_already_shared":false,"jetpack_social_options":{"image_generator_settings":{"template":"highway","default_image_id":0,"font":"","enabled":false},"version":2}},"categories":[23],"tags":[],"class_list":["post-6792","post","type-post","status-publish","format-standard","has-post-thumbnail","hentry","category-columnas"],"jetpack_publicize_connections":[],"_links":{"self":[{"href":"https:\/\/www.buroperiodistico.com.mx\/index.php?rest_route=\/wp\/v2\/posts\/6792","targetHints":{"allow":["GET"]}}],"collection":[{"href":"https:\/\/www.buroperiodistico.com.mx\/index.php?rest_route=\/wp\/v2\/posts"}],"about":[{"href":"https:\/\/www.buroperiodistico.com.mx\/index.php?rest_route=\/wp\/v2\/types\/post"}],"author":[{"embeddable":true,"href":"https:\/\/www.buroperiodistico.com.mx\/index.php?rest_route=\/wp\/v2\/users\/1"}],"replies":[{"embeddable":true,"href":"https:\/\/www.buroperiodistico.com.mx\/index.php?rest_route=%2Fwp%2Fv2%2Fcomments&post=6792"}],"version-history":[{"count":0,"href":"https:\/\/www.buroperiodistico.com.mx\/index.php?rest_route=\/wp\/v2\/posts\/6792\/revisions"}],"wp:featuredmedia":[{"embeddable":true,"href":"https:\/\/www.buroperiodistico.com.mx\/index.php?rest_route=\/wp\/v2\/media\/375"}],"wp:attachment":[{"href":"https:\/\/www.buroperiodistico.com.mx\/index.php?rest_route=%2Fwp%2Fv2%2Fmedia&parent=6792"}],"wp:term":[{"taxonomy":"category","embeddable":true,"href":"https:\/\/www.buroperiodistico.com.mx\/index.php?rest_route=%2Fwp%2Fv2%2Fcategories&post=6792"},{"taxonomy":"post_tag","embeddable":true,"href":"https:\/\/www.buroperiodistico.com.mx\/index.php?rest_route=%2Fwp%2Fv2%2Ftags&post=6792"}],"curies":[{"name":"wp","href":"https:\/\/api.w.org\/{rel}","templated":true}]}}