{"id":6786,"date":"2022-03-25T17:12:29","date_gmt":"2022-03-25T23:12:29","guid":{"rendered":"https:\/\/www.buroperiodistico.com.mx\/?p=6786"},"modified":"2022-03-25T17:12:29","modified_gmt":"2022-03-25T23:12:29","slug":"convoca-agricultura-al-premio-nacional-de-sanidad-vegetal-2022","status":"publish","type":"post","link":"https:\/\/www.buroperiodistico.com.mx\/?p=6786","title":{"rendered":"Convoca Agricultura al Premio Nacional de Sanidad Vegetal 2022"},"content":{"rendered":"<p><em><strong>\u2022 Senasica reconoce cada a\u00f1o a profesionales que han contribuido en la prevenci\u00f3n, control y erradicaci\u00f3n de plagas y enfermedades vegetales en M\u00e9xico.<\/strong><\/em><\/p>\n<p><em><strong>\u2022 Los aspirantes al Premio Nacional de Sanidad Vegetal deben ser mexicanos y contar con 25 a\u00f1os de experiencia en temas fitosanitarios.<\/strong><\/em><\/p>\n<p><strong><img loading=\"lazy\" decoding=\"async\" class=\"alignright  wp-image-6787\" src=\"https:\/\/www.buroperiodistico.com.mx\/wp-content\/uploads\/2022\/03\/Senasi.jpeg\" alt=\"\" width=\"606\" height=\"361\" srcset=\"https:\/\/www.buroperiodistico.com.mx\/wp-content\/uploads\/2022\/03\/Senasi.jpeg 1024w, https:\/\/www.buroperiodistico.com.mx\/wp-content\/uploads\/2022\/03\/Senasi-300x179.jpeg 300w, https:\/\/www.buroperiodistico.com.mx\/wp-content\/uploads\/2022\/03\/Senasi-768x458.jpeg 768w\" sizes=\"auto, (max-width: 606px) 100vw, 606px\" \/>Ciudad de M\u00e9xico (25-Marzo-2022).-<\/strong> La Secretar\u00eda de Agricultura y Desarrollo Rural invit\u00f3 a las instituciones oficiales y privadas, as\u00ed como a docentes y agrupaciones del sector productivo relacionadas con la actividad agr\u00edcola, a postular candidatos para el Premio Nacional de Sanidad Vegetal 2022, el cual reconoce a profesionales que han contribuido en la prevenci\u00f3n, control y erradicaci\u00f3n de plagas y enfermedades de los vegetales en M\u00e9xico.<\/p>\n<p>La convocatoria, publicada por el Servicio Nacional de Sanidad, Inocuidad y Calidad Agroalimentaria (Senasica) en el Diario Oficial de la Federaci\u00f3n (DOF), establece que los aspirantes deben tener nacionalidad mexicana y experiencia m\u00ednima de 25 a\u00f1os en labores fitosanitarias.<\/p>\n<p>El premio consta de dos categor\u00edas: la primera reconoce la Labor Cient\u00edfica, en la que pueden participar todos los profesionales fitosanitarios que por su trabajo y dedicaci\u00f3n en el \u00e1rea de investigaci\u00f3n cient\u00edfica hayan logrado resultados satisfactorios para favorecer el estatus fitosanitario del pa\u00eds.<\/p>\n<p>La segunda categor\u00eda reconoce el M\u00e9rito Fitosanitario de profesionales que por su trabajo hayan obtenido logros en el mejoramiento de la sanidad vegetal de alguna regi\u00f3n productora del pa\u00eds, en capacitaci\u00f3n o formaci\u00f3n de personal t\u00e9cnico fitosanitario bajo sistemas no escolarizados o en la organizaci\u00f3n de productores agr\u00edcolas para la atenci\u00f3n de problemas sanitarios en las regiones.<\/p>\n<p>Las instituciones postulantes deben presentar el curr\u00edculum vitae detallado del candidato y s\u00edntesis de sus m\u00e9ritos, la cual debe ser clasificada en los rubros de prevenci\u00f3n, control y erradicaci\u00f3n de las plagas y enfermedades de los vegetales en la Rep\u00fablica Mexicana.<\/p>\n<p>Las propuestas deben dirigirse al titular de la Direcci\u00f3n General de Sanidad Vegetal del Senasica, con la leyenda \u00abPremio Nacional de Sanidad Vegetal 2022\u00bb e identificar claramente en cu\u00e1l de las dos categor\u00edas debe ser considerado el candidato.<\/p>\n<p>La fecha l\u00edmite para presentar las candidaturas es el 16 de mayo del presente a\u00f1o, en la Direcci\u00f3n General de Sanidad Vegetal, ubicada en Avenida Insurgentes Sur n\u00famero 489, piso 7, colonia Hip\u00f3dromo, alcald\u00eda Cuauht\u00e9moc, c\u00f3digo postal 06100, Ciudad de M\u00e9xico.<\/p>\n<p>Para la selecci\u00f3n del ganador del Premio Nacional de Sanidad Vegetal, se contar\u00e1 con un jurado calificador, integrado por especialistas en materia fitosanitaria, presidido por el Director General de Sanidad Vegetal, quien en caso de empate tendr\u00e1 el voto de calidad.<\/p>\n<p>Una vez emitido el dictamen, el cual ser\u00e1 de car\u00e1cter irrevocable, se notificar\u00e1 al galardonado y el resultado se har\u00e1 del conocimiento p\u00fablico, a trav\u00e9s de la p\u00e1gina electr\u00f3nica del Senasica.<\/p>\n<p>El premio otorgado para cada categor\u00eda consta de una medalla, reconocimiento firmado por el secretario de Agricultura y Desarrollo Rural, V\u00edctor Villalobos Ar\u00e1mbula, y una gratificaci\u00f3n econ\u00f3mica.<\/p>\n<p>El acto de premiaci\u00f3n se llevar\u00e1 a cabo el 1 de julio, durante la conmemoraci\u00f3n del D\u00eda Nacional de la Sanidad Vegetal.<\/p>\n","protected":false},"excerpt":{"rendered":"<p>\u2022 Senasica reconoce cada a\u00f1o a profesionales que han contribuido en la prevenci\u00f3n, control y&#8230;<\/p>\n","protected":false},"author":1,"featured_media":6787,"comment_status":"open","ping_status":"open","sticky":false,"template":"","format":"standard","meta":{"footnotes":"","jetpack_publicize_message":"","jetpack_publicize_feature_enabled":true,"jetpack_social_post_already_shared":false,"jetpack_social_options":{"image_generator_settings":{"template":"highway","default_image_id":0,"font":"","enabled":false},"version":2}},"categories":[11],"tags":[],"class_list":["post-6786","post","type-post","status-publish","format-standard","has-post-thumbnail","hentry","category-nacional"],"jetpack_publicize_connections":[],"_links":{"self":[{"href":"https:\/\/www.buroperiodistico.com.mx\/index.php?rest_route=\/wp\/v2\/posts\/6786","targetHints":{"allow":["GET"]}}],"collection":[{"href":"https:\/\/www.buroperiodistico.com.mx\/index.php?rest_route=\/wp\/v2\/posts"}],"about":[{"href":"https:\/\/www.buroperiodistico.com.mx\/index.php?rest_route=\/wp\/v2\/types\/post"}],"author":[{"embeddable":true,"href":"https:\/\/www.buroperiodistico.com.mx\/index.php?rest_route=\/wp\/v2\/users\/1"}],"replies":[{"embeddable":true,"href":"https:\/\/www.buroperiodistico.com.mx\/index.php?rest_route=%2Fwp%2Fv2%2Fcomments&post=6786"}],"version-history":[{"count":0,"href":"https:\/\/www.buroperiodistico.com.mx\/index.php?rest_route=\/wp\/v2\/posts\/6786\/revisions"}],"wp:featuredmedia":[{"embeddable":true,"href":"https:\/\/www.buroperiodistico.com.mx\/index.php?rest_route=\/wp\/v2\/media\/6787"}],"wp:attachment":[{"href":"https:\/\/www.buroperiodistico.com.mx\/index.php?rest_route=%2Fwp%2Fv2%2Fmedia&parent=6786"}],"wp:term":[{"taxonomy":"category","embeddable":true,"href":"https:\/\/www.buroperiodistico.com.mx\/index.php?rest_route=%2Fwp%2Fv2%2Fcategories&post=6786"},{"taxonomy":"post_tag","embeddable":true,"href":"https:\/\/www.buroperiodistico.com.mx\/index.php?rest_route=%2Fwp%2Fv2%2Ftags&post=6786"}],"curies":[{"name":"wp","href":"https:\/\/api.w.org\/{rel}","templated":true}]}}