{"id":6780,"date":"2022-03-25T17:11:21","date_gmt":"2022-03-25T23:11:21","guid":{"rendered":"https:\/\/www.buroperiodistico.com.mx\/?p=6780"},"modified":"2022-03-25T17:11:21","modified_gmt":"2022-03-25T23:11:21","slug":"realizan-guardia-de-honor-en-memoria-de-la-coronela","status":"publish","type":"post","link":"https:\/\/www.buroperiodistico.com.mx\/?p=6780","title":{"rendered":"REALIZAN GUARDIA DE HONOR EN MEMORIA DE \u00abLA CORONELA\u00bb"},"content":{"rendered":"<p><em><strong><img loading=\"lazy\" decoding=\"async\" class=\"alignright  wp-image-6783\" src=\"https:\/\/www.buroperiodistico.com.mx\/wp-content\/uploads\/2022\/03\/Guadia.jpeg\" alt=\"\" width=\"536\" height=\"314\" srcset=\"https:\/\/www.buroperiodistico.com.mx\/wp-content\/uploads\/2022\/03\/Guadia.jpeg 1024w, https:\/\/www.buroperiodistico.com.mx\/wp-content\/uploads\/2022\/03\/Guadia-300x175.jpeg 300w, https:\/\/www.buroperiodistico.com.mx\/wp-content\/uploads\/2022\/03\/Guadia-768x449.jpeg 768w\" sizes=\"auto, (max-width: 536px) 100vw, 536px\" \/>Nuevo Laredo, Tam (25-Marzo-2022).-<\/strong><\/em> Con el fin de recordar a mujeres destacadas en Nuevo Laredo, este viernes 25 de marzo se llev\u00f3 a cabo una guardia de honor en memoria de Mar\u00eda de Jes\u00fas de la Rosa \u00abLa Coronela\u00bb, en el Pante\u00f3n Municipal Antiguo, cuyos restos yacen ah\u00ed.<\/p>\n<p>Como parte de las actividades del marco del D\u00eda Internacional de la Mujer, la ceremonia fue llevada a cabo por el Instituto Municipal de la Mujer (INMUJER), cuya directora es Cynthia Rodr\u00edguez Leija, quien se\u00f1alo que Mar\u00eda de Jes\u00fas, es un ejemplo a seguir para las mujeres de luchar por sus ideales.<\/p>\n<p>\u00abElla fue una mujer maravillosa, que estuvo viviendo sus \u00faltimos a\u00f1os aqu\u00ed en Nuevo Laredo, pero no solamente eso, sino que fue una mujer muy activa, por lo que nos da mucho gusto poder iniciar con esta serie de homenajes a mujeres, ya que considero que es importante de mencionarles y a la vez recordarlas\u00bb, dijo Rodr\u00edguez Leija.<\/p>\n<p>Por su parte, Linda Gonzalez, coordinadora de proyectos especiales de INMUJER, dio lectura a la biograf\u00eda de \u00abLa Coronela\u00bb, quien naci\u00f3 el 1 de enero de 1885 en Parras de la Fuente, Coahuila, para a\u00f1os despu\u00e9s mudarse a Nuevo Laredo.<\/p>\n<p>Se cas\u00f3 con el Capit\u00e1n Primero de Caballer\u00eda Felipe Garza Jasso, donde al estallar la Revoluci\u00f3n de 1910, muri\u00f3 en combate a los 47 a\u00f1os.<\/p>\n<p>Jes\u00fas de la Rosa particip\u00f3 en las batallas de Palo Alto, recorri\u00f3 durante la Revoluci\u00f3n los estados de Nuevo Le\u00f3n, Coahuila y Tamaulipas.<\/p>\n<p>\u00abJam\u00e1s se supo su origen y sus antecedentes personales, ni c\u00f3mo inici\u00f3 el mote de \u00abCoronela\u00bb, es de suponerse que su sobrenombre se deriva del hombre que fue su marido y que llevaba ese grado de militar\u00bb, mencion\u00f3 Gonz\u00e1lez.<\/p>\n<p>En sus \u00faltimos a\u00f1os de su vida don\u00f3 el amplio terreno que constitu\u00eda su \u00fanica propiedad, para la construcci\u00f3n de la escuela primaria que lleva su nombre, la cual est\u00e1 ubicada en las avenidas General Reynaldo Garza y General Lucio Blanco y las calles Francisco I. Madero e Independencia en la colonia Militar.<\/p>\n<p>Al t\u00e9rmino de la lectura, los presentes realizaron un minuto de silencio y depositaron una ofrenda floral encima de su tumba.<\/p>\n<p>En la guardia de honor asistieron Adolfo Mondrag\u00f3n Mass, secretario de Educaci\u00f3n, Cultura y Deporte; Marcos Rodr\u00edguez Leija, director de Arte y Cultura; Francisco Javier Altamirano Carrasco, director de Educaci\u00f3n Municipal y Liliana Arjona, directora de Salud Municipal.<\/p>\n<p><img loading=\"lazy\" decoding=\"async\" class=\"size-full wp-image-6781 aligncenter\" src=\"https:\/\/www.buroperiodistico.com.mx\/wp-content\/uploads\/2022\/03\/Guadia-I.jpeg\" alt=\"\" width=\"640\" height=\"427\" srcset=\"https:\/\/www.buroperiodistico.com.mx\/wp-content\/uploads\/2022\/03\/Guadia-I.jpeg 640w, https:\/\/www.buroperiodistico.com.mx\/wp-content\/uploads\/2022\/03\/Guadia-I-300x200.jpeg 300w\" sizes=\"auto, (max-width: 640px) 100vw, 640px\" \/> <img loading=\"lazy\" decoding=\"async\" class=\"size-full wp-image-6782 aligncenter\" src=\"https:\/\/www.buroperiodistico.com.mx\/wp-content\/uploads\/2022\/03\/Guadia-II.jpeg\" alt=\"\" width=\"640\" height=\"427\" srcset=\"https:\/\/www.buroperiodistico.com.mx\/wp-content\/uploads\/2022\/03\/Guadia-II.jpeg 640w, https:\/\/www.buroperiodistico.com.mx\/wp-content\/uploads\/2022\/03\/Guadia-II-300x200.jpeg 300w\" sizes=\"auto, (max-width: 640px) 100vw, 640px\" \/><\/p>\n<div style=\"width: 640px;\" class=\"wp-video\"><video class=\"wp-video-shortcode\" id=\"video-6780-1\" width=\"640\" height=\"360\" preload=\"metadata\" controls=\"controls\"><source type=\"video\/mp4\" src=\"https:\/\/www.buroperiodistico.com.mx\/wp-content\/uploads\/2022\/03\/25-DE-MARZO-DIRECTORA-DE-INMUJER-CYNITHIA-RODRIGUEZ-LEIJA-GUARDIA-DE-HONOR-A-LA-CORONELA.mp4?_=1\" \/><a href=\"https:\/\/www.buroperiodistico.com.mx\/wp-content\/uploads\/2022\/03\/25-DE-MARZO-DIRECTORA-DE-INMUJER-CYNITHIA-RODRIGUEZ-LEIJA-GUARDIA-DE-HONOR-A-LA-CORONELA.mp4\">https:\/\/www.buroperiodistico.com.mx\/wp-content\/uploads\/2022\/03\/25-DE-MARZO-DIRECTORA-DE-INMUJER-CYNITHIA-RODRIGUEZ-LEIJA-GUARDIA-DE-HONOR-A-LA-CORONELA.mp4<\/a><\/video><\/div>\n","protected":false},"excerpt":{"rendered":"<p>Nuevo Laredo, Tam (25-Marzo-2022).- Con el fin de recordar a mujeres destacadas en Nuevo Laredo,&#8230;<\/p>\n","protected":false},"author":1,"featured_media":6783,"comment_status":"open","ping_status":"open","sticky":false,"template":"","format":"standard","meta":{"footnotes":"","jetpack_publicize_message":"","jetpack_publicize_feature_enabled":true,"jetpack_social_post_already_shared":false,"jetpack_social_options":{"image_generator_settings":{"template":"highway","default_image_id":0,"font":"","enabled":false},"version":2}},"categories":[16],"tags":[],"class_list":["post-6780","post","type-post","status-publish","format-standard","has-post-thumbnail","hentry","category-nuevolaredo"],"jetpack_publicize_connections":[],"_links":{"self":[{"href":"https:\/\/www.buroperiodistico.com.mx\/index.php?rest_route=\/wp\/v2\/posts\/6780","targetHints":{"allow":["GET"]}}],"collection":[{"href":"https:\/\/www.buroperiodistico.com.mx\/index.php?rest_route=\/wp\/v2\/posts"}],"about":[{"href":"https:\/\/www.buroperiodistico.com.mx\/index.php?rest_route=\/wp\/v2\/types\/post"}],"author":[{"embeddable":true,"href":"https:\/\/www.buroperiodistico.com.mx\/index.php?rest_route=\/wp\/v2\/users\/1"}],"replies":[{"embeddable":true,"href":"https:\/\/www.buroperiodistico.com.mx\/index.php?rest_route=%2Fwp%2Fv2%2Fcomments&post=6780"}],"version-history":[{"count":0,"href":"https:\/\/www.buroperiodistico.com.mx\/index.php?rest_route=\/wp\/v2\/posts\/6780\/revisions"}],"wp:featuredmedia":[{"embeddable":true,"href":"https:\/\/www.buroperiodistico.com.mx\/index.php?rest_route=\/wp\/v2\/media\/6783"}],"wp:attachment":[{"href":"https:\/\/www.buroperiodistico.com.mx\/index.php?rest_route=%2Fwp%2Fv2%2Fmedia&parent=6780"}],"wp:term":[{"taxonomy":"category","embeddable":true,"href":"https:\/\/www.buroperiodistico.com.mx\/index.php?rest_route=%2Fwp%2Fv2%2Fcategories&post=6780"},{"taxonomy":"post_tag","embeddable":true,"href":"https:\/\/www.buroperiodistico.com.mx\/index.php?rest_route=%2Fwp%2Fv2%2Ftags&post=6780"}],"curies":[{"name":"wp","href":"https:\/\/api.w.org\/{rel}","templated":true}]}}