{"id":6762,"date":"2022-03-25T15:19:18","date_gmt":"2022-03-25T21:19:18","guid":{"rendered":"https:\/\/www.buroperiodistico.com.mx\/?p=6762"},"modified":"2022-03-25T15:19:18","modified_gmt":"2022-03-25T21:19:18","slug":"celebran-estudiantes-llegada-de-la-primavera-y-aprenden-de-cultura-vial","status":"publish","type":"post","link":"https:\/\/www.buroperiodistico.com.mx\/?p=6762","title":{"rendered":"CELEBRAN ESTUDIANTES LLEGADA DE LA PRIMAVERA Y APRENDEN DE CULTURA VIAL"},"content":{"rendered":"<p><em><strong><img loading=\"lazy\" decoding=\"async\" class=\"alignright  wp-image-6767\" src=\"https:\/\/www.buroperiodistico.com.mx\/wp-content\/uploads\/2022\/03\/Cultura-1.jpeg\" alt=\"\" width=\"477\" height=\"269\" srcset=\"https:\/\/www.buroperiodistico.com.mx\/wp-content\/uploads\/2022\/03\/Cultura-1.jpeg 1024w, https:\/\/www.buroperiodistico.com.mx\/wp-content\/uploads\/2022\/03\/Cultura-1-300x169.jpeg 300w, https:\/\/www.buroperiodistico.com.mx\/wp-content\/uploads\/2022\/03\/Cultura-1-768x434.jpeg 768w\" sizes=\"auto, (max-width: 477px) 100vw, 477px\" \/>Nuevo Laredo, Tam (25-Marzo-2022).-<\/strong><\/em> Para fomentar desde temprana edad la cultura de la vialidad, la Direcci\u00f3n de Tr\u00e1nsito y Vialidad (DTyV), junto con el Jard\u00edn de Ni\u00f1os \u201cMis Primeros Pasos\u201d participaron en el Festival de Primavera del centro escolar dentro del \u00e1rea\u00a0 de Educaci\u00f3n Vial, del Parque Viveros, donde instruyeron a 80 infantes de dicha escuela.<\/p>\n<p>El director de DTyV, Ren\u00e9 Karg Villarreal, indic\u00f3 que este evento es el inicio para retomar la responsabilidad de instruir la cultura de la vialidad, tanto en sector educativo como el empresarial y tener un mayor alcance en la difusi\u00f3n del reglamento de tr\u00e1nsito en las vialidades hasta la aplicaci\u00f3n de las infracciones.<\/p>\n<p>\u201cLos vamos adaptando a que conozcan los se\u00f1alamientos con sus carros de juguete sabiendo que en alg\u00fan momento conducir\u00e1n un veh\u00edculo y as\u00ed lleven la esencia de lo que es la cultura de la vialidad, es para que est\u00e9n aptos, desde c\u00f3mo conducir y como ser un peat\u00f3n responsable\u201d, se\u00f1al\u00f3.<\/p>\n<p>Por su parte, la directora del Jard\u00edn de Ni\u00f1os \u201cMis Primeros Pasos\u201d, Cristina Gabriela Garc\u00eda Calder\u00f3n, destac\u00f3 que es un evento que han realizado durante 13 a\u00f1os consecutivos y que tuvieron que posponer 2 a\u00f1os por la pandemia, adem\u00e1s de que se realiza con el fin de adentrar a los menores en el mundo de la vialidad y reforzar el conocimiento de los padres de familia.<\/p>\n<p>\u201cPrincipalmente lo hacemos para educar a los ni\u00f1os en la vialidad y reforzar esta cultura que debe empezar desde el seno familiar, es nuestra misi\u00f3n como maestras el aportar un granito de arena a esta causa\u201d, coment\u00f3.<\/p>\n<p>Marabelia Espa\u00f1a Landa, madre de familia, reconoci\u00f3 que esta actividad es importante para que a temprana edad,\u00a0 los ni\u00f1os conozcan los se\u00f1alamientos y colorizaci\u00f3n del sem\u00e1foro.<\/p>\n<p>\u201cPor mi parte yo le he ense\u00f1ado un poco a mi hijo cuando conduzco, todos los menores deber\u00edan conocer la cultura real y esta idea es muy importante, es una manera para que los ni\u00f1os aprendan divirti\u00e9ndose\u201d, mencion\u00f3.<\/p>\n<p>A su vez, Dami\u00e1n Haro, coment\u00f3 que es importante que los padres instruyan a sus hijos constantemente cuando conducen y que los instructores de la Direcci\u00f3n de Tr\u00e1nsito est\u00e1n capacitados para dar esta clase.<\/p>\n<p>\u201cMe gust\u00f3 mucho como explicaron los se\u00f1alamientos, la informaci\u00f3n fue clara y se nota el compromiso para ense\u00f1ar la cultura de la vialidad\u201d, dijo.<\/p>\n<p>Durante el Festival de Primavera estuvieron presentes: El Tercer Regidor y Presidente de la Comisi\u00f3n de Tr\u00e1nsito y Vialidad, Jos\u00e9 Fidencio Cant\u00fa y el director de Protecci\u00f3n Civil y Bomberos, Humberto Fernandez Diez de Pinos<\/p>\n<p>Los instructores de educaci\u00f3n vial que atendieron a los menores fueron: Ana Isabel Arevalo L\u00f3pez, Oscar Gonz\u00e1lez Garc\u00eda y Silviano Salda\u00f1a Esquivel.<\/p>\n<p>Para solicitar este espacio educativo se puede solicitar a trav\u00e9s del Centro Integral de Atenci\u00f3n Ciudadana (CIGA) comunic\u00e1ndose al 867 711 3513 o directamente en el edificio de Tr\u00e1nsito con un oficio, en ambos casos con anticipaci\u00f3n.<\/p>\n<p><img loading=\"lazy\" decoding=\"async\" class=\"size-full wp-image-6763 aligncenter\" src=\"https:\/\/www.buroperiodistico.com.mx\/wp-content\/uploads\/2022\/03\/Cultura-I-1.jpeg\" alt=\"\" width=\"640\" height=\"427\" srcset=\"https:\/\/www.buroperiodistico.com.mx\/wp-content\/uploads\/2022\/03\/Cultura-I-1.jpeg 640w, https:\/\/www.buroperiodistico.com.mx\/wp-content\/uploads\/2022\/03\/Cultura-I-1-300x200.jpeg 300w\" sizes=\"auto, (max-width: 640px) 100vw, 640px\" \/> <img loading=\"lazy\" decoding=\"async\" class=\"size-full wp-image-6764 aligncenter\" src=\"https:\/\/www.buroperiodistico.com.mx\/wp-content\/uploads\/2022\/03\/Cultura-II.jpeg\" alt=\"\" width=\"640\" height=\"427\" srcset=\"https:\/\/www.buroperiodistico.com.mx\/wp-content\/uploads\/2022\/03\/Cultura-II.jpeg 640w, https:\/\/www.buroperiodistico.com.mx\/wp-content\/uploads\/2022\/03\/Cultura-II-300x200.jpeg 300w\" sizes=\"auto, (max-width: 640px) 100vw, 640px\" \/> <img loading=\"lazy\" decoding=\"async\" class=\"size-full wp-image-6765 aligncenter\" src=\"https:\/\/www.buroperiodistico.com.mx\/wp-content\/uploads\/2022\/03\/Cultura-III.jpeg\" alt=\"\" width=\"640\" height=\"427\" srcset=\"https:\/\/www.buroperiodistico.com.mx\/wp-content\/uploads\/2022\/03\/Cultura-III.jpeg 640w, https:\/\/www.buroperiodistico.com.mx\/wp-content\/uploads\/2022\/03\/Cultura-III-300x200.jpeg 300w\" sizes=\"auto, (max-width: 640px) 100vw, 640px\" \/> <img loading=\"lazy\" decoding=\"async\" class=\"size-full wp-image-6766 aligncenter\" src=\"https:\/\/www.buroperiodistico.com.mx\/wp-content\/uploads\/2022\/03\/Cultura-IIII.jpeg\" alt=\"\" width=\"640\" height=\"427\" srcset=\"https:\/\/www.buroperiodistico.com.mx\/wp-content\/uploads\/2022\/03\/Cultura-IIII.jpeg 640w, https:\/\/www.buroperiodistico.com.mx\/wp-content\/uploads\/2022\/03\/Cultura-IIII-300x200.jpeg 300w\" sizes=\"auto, (max-width: 640px) 100vw, 640px\" \/><\/p>\n<div style=\"width: 640px;\" class=\"wp-video\"><video class=\"wp-video-shortcode\" id=\"video-6762-1\" width=\"640\" height=\"360\" preload=\"metadata\" controls=\"controls\"><source type=\"video\/mp4\" src=\"https:\/\/www.buroperiodistico.com.mx\/wp-content\/uploads\/2022\/03\/25-DE-MARZO-DIRECTOR-DE-TRANSITO-Y-VIALIDAD-RENE-KARG-VILLAREAL-EDUCACION-VIAL.mp4?_=1\" \/><a href=\"https:\/\/www.buroperiodistico.com.mx\/wp-content\/uploads\/2022\/03\/25-DE-MARZO-DIRECTOR-DE-TRANSITO-Y-VIALIDAD-RENE-KARG-VILLAREAL-EDUCACION-VIAL.mp4\">https:\/\/www.buroperiodistico.com.mx\/wp-content\/uploads\/2022\/03\/25-DE-MARZO-DIRECTOR-DE-TRANSITO-Y-VIALIDAD-RENE-KARG-VILLAREAL-EDUCACION-VIAL.mp4<\/a><\/video><\/div>\n","protected":false},"excerpt":{"rendered":"<p>Nuevo Laredo, Tam (25-Marzo-2022).- Para fomentar desde temprana edad la cultura de la vialidad, la&#8230;<\/p>\n","protected":false},"author":1,"featured_media":6767,"comment_status":"open","ping_status":"open","sticky":false,"template":"","format":"standard","meta":{"footnotes":"","jetpack_publicize_message":"","jetpack_publicize_feature_enabled":true,"jetpack_social_post_already_shared":false,"jetpack_social_options":{"image_generator_settings":{"template":"highway","default_image_id":0,"font":"","enabled":false},"version":2}},"categories":[16],"tags":[],"class_list":["post-6762","post","type-post","status-publish","format-standard","has-post-thumbnail","hentry","category-nuevolaredo"],"jetpack_publicize_connections":[],"_links":{"self":[{"href":"https:\/\/www.buroperiodistico.com.mx\/index.php?rest_route=\/wp\/v2\/posts\/6762","targetHints":{"allow":["GET"]}}],"collection":[{"href":"https:\/\/www.buroperiodistico.com.mx\/index.php?rest_route=\/wp\/v2\/posts"}],"about":[{"href":"https:\/\/www.buroperiodistico.com.mx\/index.php?rest_route=\/wp\/v2\/types\/post"}],"author":[{"embeddable":true,"href":"https:\/\/www.buroperiodistico.com.mx\/index.php?rest_route=\/wp\/v2\/users\/1"}],"replies":[{"embeddable":true,"href":"https:\/\/www.buroperiodistico.com.mx\/index.php?rest_route=%2Fwp%2Fv2%2Fcomments&post=6762"}],"version-history":[{"count":0,"href":"https:\/\/www.buroperiodistico.com.mx\/index.php?rest_route=\/wp\/v2\/posts\/6762\/revisions"}],"wp:featuredmedia":[{"embeddable":true,"href":"https:\/\/www.buroperiodistico.com.mx\/index.php?rest_route=\/wp\/v2\/media\/6767"}],"wp:attachment":[{"href":"https:\/\/www.buroperiodistico.com.mx\/index.php?rest_route=%2Fwp%2Fv2%2Fmedia&parent=6762"}],"wp:term":[{"taxonomy":"category","embeddable":true,"href":"https:\/\/www.buroperiodistico.com.mx\/index.php?rest_route=%2Fwp%2Fv2%2Fcategories&post=6762"},{"taxonomy":"post_tag","embeddable":true,"href":"https:\/\/www.buroperiodistico.com.mx\/index.php?rest_route=%2Fwp%2Fv2%2Ftags&post=6762"}],"curies":[{"name":"wp","href":"https:\/\/api.w.org\/{rel}","templated":true}]}}