{"id":6725,"date":"2022-03-25T10:37:30","date_gmt":"2022-03-25T16:37:30","guid":{"rendered":"https:\/\/www.buroperiodistico.com.mx\/?p=6725"},"modified":"2022-03-25T10:37:30","modified_gmt":"2022-03-25T16:37:30","slug":"cambios-de-adscripcion-de-estado-a-estado","status":"publish","type":"post","link":"https:\/\/www.buroperiodistico.com.mx\/?p=6725","title":{"rendered":"Cambios de Adscripci\u00f3n de Estado a Estado"},"content":{"rendered":"<p><em><strong>Ciudad Victoria, Tam (25-Marzo-2022).-<\/strong><\/em> Se convoca al personal con funciones docentes, t\u00e9cnico docentes, de asesor\u00eda t\u00e9cnica pedag\u00f3gica, directivas o de supervisi\u00f3n, as\u00ed como al personal de apoyo y asistencia a la Educaci\u00f3n B\u00e1sica, que desee solicitar Cambio de Adscripci\u00f3n de Estado a Estado 2022-2023, conforme a los requisitos para participar, mismos que se pueden consultar en: https:\/\/www.tamaulipas.gob.mx\/educacion\/convocatoria\/cambios-de-adscripcion-de-estado-a-estado-2022-2023\/<\/p>\n<p><img loading=\"lazy\" decoding=\"async\" class=\"size-full wp-image-6726 aligncenter\" src=\"https:\/\/www.buroperiodistico.com.mx\/wp-content\/uploads\/2022\/03\/Camvbio.jpeg\" alt=\"\" width=\"1024\" height=\"549\" srcset=\"https:\/\/www.buroperiodistico.com.mx\/wp-content\/uploads\/2022\/03\/Camvbio.jpeg 1024w, https:\/\/www.buroperiodistico.com.mx\/wp-content\/uploads\/2022\/03\/Camvbio-300x161.jpeg 300w, https:\/\/www.buroperiodistico.com.mx\/wp-content\/uploads\/2022\/03\/Camvbio-768x412.jpeg 768w\" sizes=\"auto, (max-width: 1024px) 100vw, 1024px\" \/><\/p>\n","protected":false},"excerpt":{"rendered":"<p>Ciudad Victoria, Tam (25-Marzo-2022).- Se convoca al personal con funciones docentes, t\u00e9cnico docentes, de asesor\u00eda&#8230;<\/p>\n","protected":false},"author":1,"featured_media":6726,"comment_status":"open","ping_status":"open","sticky":false,"template":"","format":"standard","meta":{"footnotes":"","jetpack_publicize_message":"","jetpack_publicize_feature_enabled":true,"jetpack_social_post_already_shared":false,"jetpack_social_options":{"image_generator_settings":{"template":"highway","default_image_id":0,"font":"","enabled":false},"version":2}},"categories":[10],"tags":[],"class_list":["post-6725","post","type-post","status-publish","format-standard","has-post-thumbnail","hentry","category-tamaulipas"],"jetpack_publicize_connections":[],"_links":{"self":[{"href":"https:\/\/www.buroperiodistico.com.mx\/index.php?rest_route=\/wp\/v2\/posts\/6725","targetHints":{"allow":["GET"]}}],"collection":[{"href":"https:\/\/www.buroperiodistico.com.mx\/index.php?rest_route=\/wp\/v2\/posts"}],"about":[{"href":"https:\/\/www.buroperiodistico.com.mx\/index.php?rest_route=\/wp\/v2\/types\/post"}],"author":[{"embeddable":true,"href":"https:\/\/www.buroperiodistico.com.mx\/index.php?rest_route=\/wp\/v2\/users\/1"}],"replies":[{"embeddable":true,"href":"https:\/\/www.buroperiodistico.com.mx\/index.php?rest_route=%2Fwp%2Fv2%2Fcomments&post=6725"}],"version-history":[{"count":0,"href":"https:\/\/www.buroperiodistico.com.mx\/index.php?rest_route=\/wp\/v2\/posts\/6725\/revisions"}],"wp:featuredmedia":[{"embeddable":true,"href":"https:\/\/www.buroperiodistico.com.mx\/index.php?rest_route=\/wp\/v2\/media\/6726"}],"wp:attachment":[{"href":"https:\/\/www.buroperiodistico.com.mx\/index.php?rest_route=%2Fwp%2Fv2%2Fmedia&parent=6725"}],"wp:term":[{"taxonomy":"category","embeddable":true,"href":"https:\/\/www.buroperiodistico.com.mx\/index.php?rest_route=%2Fwp%2Fv2%2Fcategories&post=6725"},{"taxonomy":"post_tag","embeddable":true,"href":"https:\/\/www.buroperiodistico.com.mx\/index.php?rest_route=%2Fwp%2Fv2%2Ftags&post=6725"}],"curies":[{"name":"wp","href":"https:\/\/api.w.org\/{rel}","templated":true}]}}