{"id":6723,"date":"2022-03-25T10:22:07","date_gmt":"2022-03-25T16:22:07","guid":{"rendered":"https:\/\/www.buroperiodistico.com.mx\/?p=6723"},"modified":"2022-03-25T10:22:07","modified_gmt":"2022-03-25T16:22:07","slug":"al-vuelo-por-pegaso-40","status":"publish","type":"post","link":"https:\/\/www.buroperiodistico.com.mx\/?p=6723","title":{"rendered":"AL VUELO\/ Por Pegaso"},"content":{"rendered":"<p style=\"text-align: center;\"><strong><em>Feria<\/em><\/strong><\/p>\n<p>En Reynosa se extra\u00f1a la verdadera Feria y Exposici\u00f3n, la que se hac\u00eda entre los meses de julio y agosto para celebrar la abundante cosecha de algod\u00f3n, ma\u00edz y sorgo.<\/p>\n<p>Empezaban a repuntar las maquiladoras y la poblaci\u00f3n de veracruzanos crec\u00eda exponencialmente.<\/p>\n<p>En el terreno ubicado frente al parque Adolfo L\u00f3pez Materos, el cual llegaba hasta donde est\u00e1 actualmente el bulevar Del Maestro, se colocaban bien ordenaditos los stands de artesan\u00edas, el de exhibici\u00f3n de ganado, el de PEMEX, el del Municipio y el del Gobierno del Estado, las fondas al aire libre, los merolicos, el Teatro del Pueblo, el \u00e1rea de juegos mec\u00e1nicos y el palenque.<\/p>\n<p>Durante varios a\u00f1os se trajo el show de los voladores de Papantla, que en aquel tiempo eran cuatro tipos que se sub\u00edan a un palo muy alto, se amarraban una cuerda de los pies y se dejaban caer poco a poco, conforme la plataforma superior daba las 52 vueltas que marca el ritual. En tanto un quinto hombre tocaba r\u00edtmicamente un tamborcito y una flautita de ca\u00f1a, todos vestidos con trajes t\u00edpicos de la regi\u00f3n. Ahora, creo que ya son inal\u00e1mbricos o wi fi, porque ya no necesitan la cuerda.<\/p>\n<p>En el Teatro del Pueblo se presentaban los artistas m\u00e1s populares. Pero los exclusivos, los que cobraban un buen billete por su presentaci\u00f3n, esos actuaban en el palenque.<\/p>\n<p>La gente se divert\u00eda sanamente, no ten\u00edan malicia. El recorrido empezaba nom\u00e1s trasponer las taquillas, donde se cobraba un precio simb\u00f3lico. Conforme avanzaba por la avenida principal, iban encontrando a los vecinos, al compadre, a la comadre, a los compa\u00f1eros del trabajo y casi todos se conoc\u00edan.<\/p>\n<p>Era imperdible la visita al stand ganadero. Generalmente ven\u00eda el Gobernador, acompa\u00f1ado por el Alcalde, que era de su propio partido y ambos cortaban el list\u00f3n inaugural, agarraditos de la mano.<\/p>\n<p>Luego recorr\u00edan los espacios dedicados a la exhibici\u00f3n de fotograf\u00edas del Municipio y el Estado, donde se mostraban las obras realizadas durante el \u00faltimo a\u00f1o.<\/p>\n<p>La comitiva se iba despu\u00e9s al Teatro del Pueblo. El Gobernador y el Alcalde se sentaban a mero adelante, mientras que el maestro de ceremonias, que sol\u00eda ser el Gerente de la Feria, don \u00c1ngel Tito Rodr\u00edguez o en ocasiones, el profe Mart\u00edn Sol\u00eds Guajardo, presentaban a la reina, la princesa y la duquesa.<\/p>\n<p>Las autoridades sub\u00edan al templete, en medio de los aplausos del respetable, y colocaban la banda y corona a la soberana, en medio del j\u00fabilo y la algarab\u00eda.<\/p>\n<p>Despu\u00e9s de la ceremonia, se daba por concluido el evento y generalmente todos se iban a repostar al palenque, donde muchos apostaban a su gallo preferido.<\/p>\n<p>Era el preludio para la presentaci\u00f3n estelar de Chente Fren\u00e1ndez, Juanga Briel o Lupita D\u2019Arrecio.<\/p>\n<p>Ya a altas horas de la madrugada, cuando todo terminaba, se iban a su casa haciendo eses y cantando las pegajosas canciones del artista.<\/p>\n<p>A lo mucho, lo m\u00e1s que tem\u00edan los reynosenses de aquel entonces era a los tr\u00e1nsitos mordelones, que se pon\u00edan en las esquinas en espera de incautos, o de repente, alg\u00fan agarr\u00f3n que se daban los pistoleros famosos, como Chito Cano y Chuy \u201cLa Sombra\u201d, entre otros valientes gatilleros.<\/p>\n<p>Pero todo se vino al traste aquel aciago 25 de noviembre del 2006, cuando asesinaron al \u201cGallo de Or\u00e9gano\u201d, Calcet\u00edn Elizcalde.<\/p>\n<p>Desde entonces, se hicieron varios intentos por revivir el evento, sin que alguno tuviera el \u00e9xito de antes.<\/p>\n<p>Como que no sab\u00edan a tradici\u00f3n, como que se perdi\u00f3 algo muy importante en el camino.<\/p>\n<p>Hoy tenemos una feria muy politizada. Un evento que perdi\u00f3 el esp\u00edritu original de ser un escaparate de muestra para los productos agr\u00edcolas, comerciales, industriales y artesanales de la regi\u00f3n.<\/p>\n<p>En lugar de eso, se ha organizado para tratar de enderezar la de por s\u00ed maltrecha figura del Gobernador del Estado y, \u00bfpor qu\u00e9 no? como una forma burda de clientelismo electoral, previo a las elecciones.<\/p>\n<p>Como reza el viejo y conocido refr\u00e1n: \u201cAl pueblo, pan y circo\u201d.<\/p>\n<p>Termino mi colaboraci\u00f3n de hoy con el dicho al estilo Pegaso: \u201cLa totalidad de los individuos se expresan de conformidad con el trato que se les proporciona en la festividad popular\u201d. (Todos hablan de acuerdo a como les va en la feria).<\/p>\n","protected":false},"excerpt":{"rendered":"<p>Feria En Reynosa se extra\u00f1a la verdadera Feria y Exposici\u00f3n, la que se hac\u00eda entre&#8230;<\/p>\n","protected":false},"author":1,"featured_media":144,"comment_status":"open","ping_status":"open","sticky":false,"template":"","format":"standard","meta":{"footnotes":"","jetpack_publicize_message":"","jetpack_publicize_feature_enabled":true,"jetpack_social_post_already_shared":false,"jetpack_social_options":{"image_generator_settings":{"template":"highway","default_image_id":0,"font":"","enabled":false},"version":2}},"categories":[23],"tags":[],"class_list":["post-6723","post","type-post","status-publish","format-standard","has-post-thumbnail","hentry","category-columnas"],"jetpack_publicize_connections":[],"_links":{"self":[{"href":"https:\/\/www.buroperiodistico.com.mx\/index.php?rest_route=\/wp\/v2\/posts\/6723","targetHints":{"allow":["GET"]}}],"collection":[{"href":"https:\/\/www.buroperiodistico.com.mx\/index.php?rest_route=\/wp\/v2\/posts"}],"about":[{"href":"https:\/\/www.buroperiodistico.com.mx\/index.php?rest_route=\/wp\/v2\/types\/post"}],"author":[{"embeddable":true,"href":"https:\/\/www.buroperiodistico.com.mx\/index.php?rest_route=\/wp\/v2\/users\/1"}],"replies":[{"embeddable":true,"href":"https:\/\/www.buroperiodistico.com.mx\/index.php?rest_route=%2Fwp%2Fv2%2Fcomments&post=6723"}],"version-history":[{"count":0,"href":"https:\/\/www.buroperiodistico.com.mx\/index.php?rest_route=\/wp\/v2\/posts\/6723\/revisions"}],"wp:featuredmedia":[{"embeddable":true,"href":"https:\/\/www.buroperiodistico.com.mx\/index.php?rest_route=\/wp\/v2\/media\/144"}],"wp:attachment":[{"href":"https:\/\/www.buroperiodistico.com.mx\/index.php?rest_route=%2Fwp%2Fv2%2Fmedia&parent=6723"}],"wp:term":[{"taxonomy":"category","embeddable":true,"href":"https:\/\/www.buroperiodistico.com.mx\/index.php?rest_route=%2Fwp%2Fv2%2Fcategories&post=6723"},{"taxonomy":"post_tag","embeddable":true,"href":"https:\/\/www.buroperiodistico.com.mx\/index.php?rest_route=%2Fwp%2Fv2%2Ftags&post=6723"}],"curies":[{"name":"wp","href":"https:\/\/api.w.org\/{rel}","templated":true}]}}