{"id":6714,"date":"2022-03-25T00:50:25","date_gmt":"2022-03-25T06:50:25","guid":{"rendered":"https:\/\/www.buroperiodistico.com.mx\/?p=6714"},"modified":"2022-03-25T00:50:25","modified_gmt":"2022-03-25T06:50:25","slug":"ante-escenarios-dificiles-sector-primario-debe-fortalecer-produccion-de-alimentos-agricultura","status":"publish","type":"post","link":"https:\/\/www.buroperiodistico.com.mx\/?p=6714","title":{"rendered":"Ante escenarios dif\u00edciles, sector primario debe fortalecer producci\u00f3n de alimentos: Agricultura"},"content":{"rendered":"<p><em><strong>\u2022 El mundo enfrenta coyunturas por la pandemia, eventos climatol\u00f3gicos, geopol\u00edticos y econ\u00f3micos, por lo que los sectores p\u00fablico, privado y social, deben mantener la unidad y responsabilidad en la producci\u00f3n de alimentos, se\u00f1al\u00f3 la Secretar\u00eda de Agricultura y Desarrollo Rural.<\/strong><\/em><\/p>\n<p><em><strong>\u2022 Sinaloa se ubica en el primer lugar nacional en producci\u00f3n de at\u00fan, garbanzo, ma\u00edz y tomate rojo, el segundo en ajonjol\u00ed, camar\u00f3n, c\u00e1rtamo, chile verde y frijol, y el tercer lugar nacional en cacahuate, sardina, sorgo y trigo.<\/strong><\/em><\/p>\n<p><strong><img loading=\"lazy\" decoding=\"async\" class=\"alignright  wp-image-6715\" src=\"https:\/\/www.buroperiodistico.com.mx\/wp-content\/uploads\/2022\/03\/Gira-1.jpeg\" alt=\"\" width=\"528\" height=\"315\" srcset=\"https:\/\/www.buroperiodistico.com.mx\/wp-content\/uploads\/2022\/03\/Gira-1.jpeg 1024w, https:\/\/www.buroperiodistico.com.mx\/wp-content\/uploads\/2022\/03\/Gira-1-300x179.jpeg 300w, https:\/\/www.buroperiodistico.com.mx\/wp-content\/uploads\/2022\/03\/Gira-1-768x458.jpeg 768w\" sizes=\"auto, (max-width: 528px) 100vw, 528px\" \/>Ahome, Los Mochis, Sinaloa (25-Marzo-2022).-<\/strong> En tiempos dif\u00edciles como los que ha propiciado el actual escenario internacional, el sector primario mexicano debe fortalecer su productividad, optimizar costos y cuidar el ambiente, a trav\u00e9s de buenas pr\u00e1cticas agropecuarias y pesqueras, afirm\u00f3 la Secretar\u00eda de Agricultura y Desarrollo Rural.<\/p>\n<p>El mundo enfrenta coyunturas por la contingencia sanitaria, imponderables climatol\u00f3gicos y eventos geopol\u00edticos y econ\u00f3micos, por lo que los sectores p\u00fablico, privado y social, deben mantener la unidad y responsabilidad en la producci\u00f3n de alimentos para evitar una futura escasez, se\u00f1al\u00f3 el titular de la dependencia federal, V\u00edctor Villalobos Ar\u00e1mbula.<\/p>\n<p>En el marco de la inauguraci\u00f3n de la Expoceres 2022, en el municipio de Ahome, Los Mochis, Sinaloa, llam\u00f3 al sector a evitar el ego\u00edsmo y el reclamo, compartir conocimiento e innovaci\u00f3n y buscar en conjunto la eficiencia y eficacia de las cadenas productivas, adem\u00e1s de optimizar el recurso agua y mejorar los suelos.<\/p>\n<p>Es necesario, dijo, llevar a cabo buenas pr\u00e1cticas de enmiendas, subsuelo, drenes, labranza de conservaci\u00f3n y uso de material gen\u00e9tico apropiado, entre otros, para mantener el cuidado del ambiente.<\/p>\n<p>Acompa\u00f1ado por el gobernador Rub\u00e9n Rocha Moya y autoridades estatales y municipales, el titular de Agricultura destac\u00f3 que M\u00e9xico es un jugador importante en producci\u00f3n y exportaci\u00f3n de alimentos, por lo que debe aprovechar las oportunidades que se presentan para continuar en esta posici\u00f3n mundial.<\/p>\n<p>Expuso que ante las coyunturas, el campo mexicano no se detiene y sigue con el ritmo de producci\u00f3n de agroalimentos de alta calidad, nutritivos e inocuos para los mercados local y el de exportaci\u00f3n.<\/p>\n<p>Confi\u00f3 en que la Expoceres 2022 ser\u00e1 en beneficio y provecho del campo de Sinaloa y de M\u00e9xico y, con ello, para el bienestar de todas las familias productoras y los diferentes eslabones productivos.<\/p>\n<p>Ante funcionarios, acad\u00e9micos, investigadores, proveedores y agricultores, Villalobos Ar\u00e1mbula reconoci\u00f3 a los h\u00e9roes de la alimentaci\u00f3n: productoras y productores que con su trabajo, dedicaci\u00f3n y empe\u00f1o, logran que el campo no se detenga a pesar de las adversidades.<\/p>\n<p>Exhort\u00f3 a los presentes a aprovechar las innovaciones que se presentan en la expo, a que intercambien experiencias y concreten negocios para impulsar la productividad, en un foro que se lleva a cabo desde hace 28 a\u00f1os, en beneficio de los agricultores del estado y la regi\u00f3n.<\/p>\n<p>Estamos en el coraz\u00f3n de una rica regi\u00f3n agr\u00edcola y, como muestra, s\u00f3lo este municipio de Ahome representa aproximadamente el 20 por ciento de la producci\u00f3n de ma\u00edz y el 34 por ciento de toda la producci\u00f3n agr\u00edcola en la entidad, destac\u00f3.<\/p>\n<p>Resalt\u00f3 que Sinaloa ocupa el primer lugar nacional en producci\u00f3n de at\u00fan, garbanzo, ma\u00edz y tomate rojo; el segundo en ajonjol\u00ed, camar\u00f3n, c\u00e1rtamo, chile verde y frijol; y tercer sitio nacional en cacahuate, sardina, sorgo y trigo.<\/p>\n<p>En su mensaje, el gobernador Rub\u00e9n Rocha Moya destac\u00f3 que es imperativo incorporar los avances tecnol\u00f3gicos a los procesos productivos, sobre todo en la agricultura, como es el esp\u00edritu de esta Expoceres, la cual se celebrar\u00e1 desde este jueves 24 y hasta el s\u00e1bado 26 con la exhibici\u00f3n de maquinaria y sus adelantos en innovaciones, la impartici\u00f3n de conferencias, talleres y ventanas de agronegocios con la participaci\u00f3n de 500 empresas para la b\u00fasqueda de mercados.<\/p>\n<p>Destac\u00f3 que para su gobierno es fundamental la agricultura comercial, como la que realizan los grandes productores hort\u00edcolas y graneros de esta regi\u00f3n del estado, pues aporta 40 mil millones de pesos para dinamizar la econom\u00eda estatal.<\/p>\n<p>Para su gobierno, refiri\u00f3, tambi\u00e9n son importantes los peque\u00f1os productores de temporal, los que se dedican a la siembra de c\u00e1rtamo, ajonjol\u00ed, sorgo y cacahuate.<\/p>\n<p>Tambi\u00e9n asistieron el director general de Fomento a la Agricultura y encargado de la Oficina de la Coordinaci\u00f3n General de Agricultura, Santiago Arg\u00fcello Campos, y el director general de la sede de Agricultura en Ciudad Obreg\u00f3n, Ram\u00f3n Osuna Quevedo, as\u00ed como los secretarios estatales de Agricultura y Ganader\u00eda, Jos\u00e9 Jaime Montes Salar; y de Econom\u00eda, Javier Gaxiola Coppel, e invitados especiales, las diputadas locales Elizabeth Ch\u00eda y Fel\u00edcitas Robles, adem\u00e1s de los presidentes municipales de El Fuerte, Guasave, Salvador Alvarado y Culiac\u00e1n.<\/p>\n","protected":false},"excerpt":{"rendered":"<p>\u2022 El mundo enfrenta coyunturas por la pandemia, eventos climatol\u00f3gicos, geopol\u00edticos y econ\u00f3micos, por lo&#8230;<\/p>\n","protected":false},"author":1,"featured_media":6715,"comment_status":"open","ping_status":"open","sticky":false,"template":"","format":"standard","meta":{"footnotes":"","jetpack_publicize_message":"","jetpack_publicize_feature_enabled":true,"jetpack_social_post_already_shared":false,"jetpack_social_options":{"image_generator_settings":{"template":"highway","default_image_id":0,"font":"","enabled":false},"version":2}},"categories":[11],"tags":[],"class_list":["post-6714","post","type-post","status-publish","format-standard","has-post-thumbnail","hentry","category-nacional"],"jetpack_publicize_connections":[],"_links":{"self":[{"href":"https:\/\/www.buroperiodistico.com.mx\/index.php?rest_route=\/wp\/v2\/posts\/6714","targetHints":{"allow":["GET"]}}],"collection":[{"href":"https:\/\/www.buroperiodistico.com.mx\/index.php?rest_route=\/wp\/v2\/posts"}],"about":[{"href":"https:\/\/www.buroperiodistico.com.mx\/index.php?rest_route=\/wp\/v2\/types\/post"}],"author":[{"embeddable":true,"href":"https:\/\/www.buroperiodistico.com.mx\/index.php?rest_route=\/wp\/v2\/users\/1"}],"replies":[{"embeddable":true,"href":"https:\/\/www.buroperiodistico.com.mx\/index.php?rest_route=%2Fwp%2Fv2%2Fcomments&post=6714"}],"version-history":[{"count":0,"href":"https:\/\/www.buroperiodistico.com.mx\/index.php?rest_route=\/wp\/v2\/posts\/6714\/revisions"}],"wp:featuredmedia":[{"embeddable":true,"href":"https:\/\/www.buroperiodistico.com.mx\/index.php?rest_route=\/wp\/v2\/media\/6715"}],"wp:attachment":[{"href":"https:\/\/www.buroperiodistico.com.mx\/index.php?rest_route=%2Fwp%2Fv2%2Fmedia&parent=6714"}],"wp:term":[{"taxonomy":"category","embeddable":true,"href":"https:\/\/www.buroperiodistico.com.mx\/index.php?rest_route=%2Fwp%2Fv2%2Fcategories&post=6714"},{"taxonomy":"post_tag","embeddable":true,"href":"https:\/\/www.buroperiodistico.com.mx\/index.php?rest_route=%2Fwp%2Fv2%2Ftags&post=6714"}],"curies":[{"name":"wp","href":"https:\/\/api.w.org\/{rel}","templated":true}]}}