{"id":6709,"date":"2022-03-24T22:07:24","date_gmt":"2022-03-25T04:07:24","guid":{"rendered":"https:\/\/www.buroperiodistico.com.mx\/?p=6709"},"modified":"2022-03-24T22:07:24","modified_gmt":"2022-03-25T04:07:24","slug":"sst-confirmo-74-nuevos-casos-y-4-fallecimientos-por-covid-19","status":"publish","type":"post","link":"https:\/\/www.buroperiodistico.com.mx\/?p=6709","title":{"rendered":"SST confirm\u00f3 74 nuevos casos y 4 fallecimientos por Covid-19"},"content":{"rendered":"<p><em><strong><img loading=\"lazy\" decoding=\"async\" class=\"alignright size-full wp-image-6710\" src=\"https:\/\/www.buroperiodistico.com.mx\/wp-content\/uploads\/2022\/03\/Zemaforou-I.jpg\" alt=\"\" width=\"640\" height=\"434\" srcset=\"https:\/\/www.buroperiodistico.com.mx\/wp-content\/uploads\/2022\/03\/Zemaforou-I.jpg 640w, https:\/\/www.buroperiodistico.com.mx\/wp-content\/uploads\/2022\/03\/Zemaforou-I-300x203.jpg 300w\" sizes=\"auto, (max-width: 640px) 100vw, 640px\" \/>Ciudad Victoria, Tamaulipas (24-Marzo-2022).-<\/strong><\/em> Las medidas de seguridad sanitaria como el uso del cubrebocas , la higiene de manos y la sana distancia en todos los espacios p\u00fablicos, centros de trabajo e instituciones educativas son de car\u00e1cter obligatorio en Tamaulipas y contin\u00faan activas, se\u00f1al\u00f3 hoy la Secretar\u00eda de Salud luego de advertir que la emergencia sanitaria no ha concluido.<\/p>\n<p>Aunque el estado se encuentra en sem\u00e1foro epidemiol\u00f3gico color verde y se han reactivado las actividades no esenciales, existe el riesgo de contagios o de rebrotes de la enfermedad como est\u00e1 sucediendo en otros pa\u00edses, por lo que pidi\u00f3 no bajar la guardia e insisti\u00f3 en su llamado a los propietarios de establecimientos comerciales y de servicios a respetar las medidas de prevenci\u00f3n.<\/p>\n<p>Al presentar el reporte diario, la SST confirm\u00f3 74 nuevos casos y 4 fallecimientos por complicaciones graves, de ah\u00ed la importancia de proteger a los m\u00e1s vulnerables, completar el esquema de vacunaci\u00f3n contra COVID-19, aplicarse la dosis de refuerzo y atender todas las medidas que emita el Gobierno de Tamaulipas para seguir enfrentando la pandemia.<\/p>\n","protected":false},"excerpt":{"rendered":"<p>Ciudad Victoria, Tamaulipas (24-Marzo-2022).- Las medidas de seguridad sanitaria como el uso del cubrebocas ,&#8230;<\/p>\n","protected":false},"author":1,"featured_media":6711,"comment_status":"open","ping_status":"open","sticky":false,"template":"","format":"standard","meta":{"footnotes":"","jetpack_publicize_message":"","jetpack_publicize_feature_enabled":true,"jetpack_social_post_already_shared":false,"jetpack_social_options":{"image_generator_settings":{"template":"highway","default_image_id":0,"font":"","enabled":false},"version":2}},"categories":[10],"tags":[],"class_list":["post-6709","post","type-post","status-publish","format-standard","has-post-thumbnail","hentry","category-tamaulipas"],"jetpack_publicize_connections":[],"_links":{"self":[{"href":"https:\/\/www.buroperiodistico.com.mx\/index.php?rest_route=\/wp\/v2\/posts\/6709","targetHints":{"allow":["GET"]}}],"collection":[{"href":"https:\/\/www.buroperiodistico.com.mx\/index.php?rest_route=\/wp\/v2\/posts"}],"about":[{"href":"https:\/\/www.buroperiodistico.com.mx\/index.php?rest_route=\/wp\/v2\/types\/post"}],"author":[{"embeddable":true,"href":"https:\/\/www.buroperiodistico.com.mx\/index.php?rest_route=\/wp\/v2\/users\/1"}],"replies":[{"embeddable":true,"href":"https:\/\/www.buroperiodistico.com.mx\/index.php?rest_route=%2Fwp%2Fv2%2Fcomments&post=6709"}],"version-history":[{"count":0,"href":"https:\/\/www.buroperiodistico.com.mx\/index.php?rest_route=\/wp\/v2\/posts\/6709\/revisions"}],"wp:featuredmedia":[{"embeddable":true,"href":"https:\/\/www.buroperiodistico.com.mx\/index.php?rest_route=\/wp\/v2\/media\/6711"}],"wp:attachment":[{"href":"https:\/\/www.buroperiodistico.com.mx\/index.php?rest_route=%2Fwp%2Fv2%2Fmedia&parent=6709"}],"wp:term":[{"taxonomy":"category","embeddable":true,"href":"https:\/\/www.buroperiodistico.com.mx\/index.php?rest_route=%2Fwp%2Fv2%2Fcategories&post=6709"},{"taxonomy":"post_tag","embeddable":true,"href":"https:\/\/www.buroperiodistico.com.mx\/index.php?rest_route=%2Fwp%2Fv2%2Ftags&post=6709"}],"curies":[{"name":"wp","href":"https:\/\/api.w.org\/{rel}","templated":true}]}}