{"id":6706,"date":"2022-03-24T21:37:58","date_gmt":"2022-03-25T03:37:58","guid":{"rendered":"https:\/\/www.buroperiodistico.com.mx\/?p=6706"},"modified":"2022-03-24T21:37:58","modified_gmt":"2022-03-25T03:37:58","slug":"avanza-control-del-incendio-en-el-cielo","status":"publish","type":"post","link":"https:\/\/www.buroperiodistico.com.mx\/?p=6706","title":{"rendered":"Avanza control del incendio en \u00abEl Cielo\u00bb"},"content":{"rendered":"<p><em><strong><img loading=\"lazy\" decoding=\"async\" class=\"alignright  wp-image-6707\" src=\"https:\/\/www.buroperiodistico.com.mx\/wp-content\/uploads\/2022\/03\/Avanza.jpeg\" alt=\"\" width=\"514\" height=\"276\" srcset=\"https:\/\/www.buroperiodistico.com.mx\/wp-content\/uploads\/2022\/03\/Avanza.jpeg 1024w, https:\/\/www.buroperiodistico.com.mx\/wp-content\/uploads\/2022\/03\/Avanza-300x161.jpeg 300w, https:\/\/www.buroperiodistico.com.mx\/wp-content\/uploads\/2022\/03\/Avanza-768x413.jpeg 768w\" sizes=\"auto, (max-width: 514px) 100vw, 514px\" \/>Ciudad Victoria, Tamaulipas (24-Marzo-2022).-<\/strong><\/em> Con la coordinaci\u00f3n y trabajo conjunto de personal de las tres instancias de gobierno y pobladores de la zona, avanza el control del incendio que se registra en la Reserva de la Biosfera \u201cEl Cielo\u201d en el municipio de G\u00f3mez Far\u00edas, Tamaulipas.<\/p>\n<p>Actualmente son un promedio de 220 personas que participan en las tareas de control al fuego, que presenta al momento una agresividad baja, ya que consume hojas secas y matorrales bajos sin afectaci\u00f3n a los \u00e1rboles que conforman el bosque, lo que com\u00fanmente se conoce como un incendio de copa.<\/p>\n<p>En la acci\u00f3n de control, participan personal de Protecci\u00f3n Civil Tamaulipas, SEDENA, SEDUMA, CONAFOR, la Procuradur\u00eda Ambiental, del Gobierno Municipal, Protecci\u00f3n Civil de Ciudad Mante, Brigadas rurales de Ocampo y Jaumave y G\u00f3mez Far\u00edas, as\u00ed como personal voluntario.<\/p>\n<p>Gracias a esta coordinaci\u00f3n con trabajos hechos tambi\u00e9n pie a tierra, se ha logrado avances significativos en el combate al siniestro y se avanza en su control, que actualmente supera al 55%; el incendio ha afectado principalmente la zona alta del municipio de G\u00f3mez Far\u00edas y se prev\u00e9 que en los pr\u00f3ximos d\u00edas, si las condiciones del clima lo permiten, quedar\u00eda completamente controlado.<\/p>\n<p>El Gobierno del estado, hace un p\u00fablico agradecimiento a los pobladores de la zona que se han sumado a las tareas para controlar el fuego.<\/p>\n<p>Asimismo, se exhorta a la poblaci\u00f3n a extremar las precauciones al usar fuego en zonas susceptibles de incendio y con ello, evitar siniestros como el que actualmente se registra en G\u00f3mez Far\u00edas.<\/p>\n","protected":false},"excerpt":{"rendered":"<p>Ciudad Victoria, Tamaulipas (24-Marzo-2022).- Con la coordinaci\u00f3n y trabajo conjunto de personal de las tres&#8230;<\/p>\n","protected":false},"author":1,"featured_media":6707,"comment_status":"open","ping_status":"open","sticky":false,"template":"","format":"standard","meta":{"footnotes":"","jetpack_publicize_message":"","jetpack_publicize_feature_enabled":true,"jetpack_social_post_already_shared":false,"jetpack_social_options":{"image_generator_settings":{"template":"highway","default_image_id":0,"font":"","enabled":false},"version":2}},"categories":[10],"tags":[],"class_list":["post-6706","post","type-post","status-publish","format-standard","has-post-thumbnail","hentry","category-tamaulipas"],"jetpack_publicize_connections":[],"_links":{"self":[{"href":"https:\/\/www.buroperiodistico.com.mx\/index.php?rest_route=\/wp\/v2\/posts\/6706","targetHints":{"allow":["GET"]}}],"collection":[{"href":"https:\/\/www.buroperiodistico.com.mx\/index.php?rest_route=\/wp\/v2\/posts"}],"about":[{"href":"https:\/\/www.buroperiodistico.com.mx\/index.php?rest_route=\/wp\/v2\/types\/post"}],"author":[{"embeddable":true,"href":"https:\/\/www.buroperiodistico.com.mx\/index.php?rest_route=\/wp\/v2\/users\/1"}],"replies":[{"embeddable":true,"href":"https:\/\/www.buroperiodistico.com.mx\/index.php?rest_route=%2Fwp%2Fv2%2Fcomments&post=6706"}],"version-history":[{"count":0,"href":"https:\/\/www.buroperiodistico.com.mx\/index.php?rest_route=\/wp\/v2\/posts\/6706\/revisions"}],"wp:featuredmedia":[{"embeddable":true,"href":"https:\/\/www.buroperiodistico.com.mx\/index.php?rest_route=\/wp\/v2\/media\/6707"}],"wp:attachment":[{"href":"https:\/\/www.buroperiodistico.com.mx\/index.php?rest_route=%2Fwp%2Fv2%2Fmedia&parent=6706"}],"wp:term":[{"taxonomy":"category","embeddable":true,"href":"https:\/\/www.buroperiodistico.com.mx\/index.php?rest_route=%2Fwp%2Fv2%2Fcategories&post=6706"},{"taxonomy":"post_tag","embeddable":true,"href":"https:\/\/www.buroperiodistico.com.mx\/index.php?rest_route=%2Fwp%2Fv2%2Ftags&post=6706"}],"curies":[{"name":"wp","href":"https:\/\/api.w.org\/{rel}","templated":true}]}}