{"id":67042,"date":"2023-07-13T20:05:55","date_gmt":"2023-07-14T02:05:55","guid":{"rendered":"https:\/\/www.buroperiodistico.com.mx\/?p=67042"},"modified":"2023-07-13T20:05:55","modified_gmt":"2023-07-14T02:05:55","slug":"cronicas-politicas-por-alberto-guerra-salazar-174","status":"publish","type":"post","link":"https:\/\/www.buroperiodistico.com.mx\/?p=67042","title":{"rendered":"CRONICAS POLITICAS\/ Por Alberto Guerra Salazar"},"content":{"rendered":"<p><em><strong>(13-Julio-2023)<\/strong><\/em><\/p>\n<p style=\"text-align: center;\"><strong><em>Ya le toca a Reynosa<\/em><\/strong><\/p>\n<p>CIUDAD VICTORIA, (ASI).\u2014 Faltando menos de un a\u00f1o para que se produzcan en Tamaulipas, elecciones generales (excepto para Gobernador), MORENA introdujo ayer un nuevo elementos de crispaci\u00f3n al retirarle su confianza al Tribunal Electoral del Poder Judicial de Tamaulipas.<\/p>\n<p>En conferencia de prensa, la presidenta estatal del partido fundado por L\u00f3pez Obrador, Yuridia Iturbe V\u00e1zquez, se pronunci\u00f3 contra los magistrados del TEPJT por haber resuelto regresarle a la bancada del PAN el manejo del Congreso local.<\/p>\n<p>Como se sabe, Cabeza de Vaca ejerce el control de la bancada panista a larga distancia pues \u00e9l permanece exiliado para impedir su aprehensi\u00f3n y encarcelamiento, y maneja a los diputados de su partido a su antojo, a trav\u00e9s del Cachorro Cant\u00fa y del Moyo Garc\u00eda Aguiar.<\/p>\n<p>Yuridia Iturbe V\u00e1zquez rompi\u00f3 los v\u00ednculos de confianza con el \u00f3rgano electoral que arbitrar\u00e1 las elecciones del a\u00f1o 2024 e insin\u00faa en su declaraci\u00f3n a la prensa, que los magistrados est\u00e1n canteados, inclinados o proclives a los intereses del PAN y de su manager itinerante.<\/p>\n<p>Anunci\u00f3 Yuridia que en MORENA tienen prendidos los focos rojos y que mantendr\u00e1n una postura de estrecha vigilancia del desempe\u00f1o del Tribunal Electoral tamaulipeco, para descubrir cuando los magistrados incurran en irregularidades.<\/p>\n<p>Y lo dicen con todas sus letras: el Tribunal Electoral no est\u00e1 en buenas manos.<\/p>\n<p>Adem\u00e1s, predijo que los ciudadanos castigar\u00e1n en las urnas las malas conductas del PAN y de los funcionarios emanados de ese partido, votando por candidatos postulados por otros partidos.<\/p>\n<p>Una buena noticia es que el Gobernador Am\u00e9rico Villarreal Anaya visit\u00f3 Reynosa para anunciar una fabulosa inversi\u00f3n en un programa de obras que cambiar\u00e1 el rostro urbano de la ciudad m\u00e1s grande de Tamaulipas.<\/p>\n<p>Acompa\u00f1ado por autoridades locales, inclusive el presidente municipal Carlos Pe\u00f1a Ortiz, Makito, que sali\u00f3 de su escondrijo para atender al ilustre visitante, Am\u00e9rico dio cuenta del gasto autorizado de cinco mil ochocientos millones de pesos.<\/p>\n<p>Las obras m\u00e1s importantes son la reubicaci\u00f3n del gasoducto (l\u00ednea del gas, le llaman); obras de vialidades que incluye un puente vehicular; rehabilitaci\u00f3n del Parque Cultural que tiene apenas una antig\u00fcedad de 13 a\u00f1os pues lo construy\u00f3 el Gobernador Eugenio Hern\u00e1ndez Flores y se inaugur\u00f3 en agosto de 2010.<\/p>\n<p>Se tienen reservados 90 millones de pesos para gastarlos en rehabilitaci\u00f3n y pavimentaci\u00f3n de calles.<\/p>\n<p>Am\u00e9rico se reuni\u00f3 con empresarios de la industria maquiladora de Reynosa que emplea a m\u00e1s de 140 mil operarios y produce una derrama econ\u00f3mica superior a los tres mil millones de pesos.<\/p>\n<p>En ese encuentro, el mandatario estatal conoci\u00f3 las vicisitudes que sufren los empresarios para desarrollar su actividad, principalmente en materia de inseguridad p\u00fablica.<\/p>\n<p>La carretera Reynosa-Matamoros en el tramo del poblado Palo Blanco, establecido en los l\u00edmites de Reynosa y R\u00edo Bravo, est\u00e1 identificada como punto rojo por la frecuencia con la que ocurren robos, accidentes y desapariciones de carga comercial.<\/p>\n<p>En su Foro INDEX 2023, los empresarios expresaron su reconocimiento a la gesti\u00f3n del m\u00e9dico Villarreal Anaya, pero tambi\u00e9n lo emplazaron a mejorar los niveles de seguridad para el mejor cumplimiento de su funci\u00f3n.<\/p>\n<p>Otra buena noticia, es que el gobierno de Ciudad Victoria encabezado por Eduardo Gattas B\u00e1ez se adhiri\u00f3 al convenio del gobierno del Estado con una empresa de B\u00e9lgica, para descarbonizar la producci\u00f3n de hidr\u00f3geno a partir de aguas negras.<\/p>\n<p>Es un programa que busca reducir emisiones contaminantes para procurar la protecci\u00f3n al medio ambiente, aunque requiere de una cuantiosa inversi\u00f3n en infraestructura.<\/p>\n<p>En fecha reciente, el gobierno de la capital de Tamaulipas compr\u00f3 un parque vehicular con unidades modernas, para mejorar en calidad y en cantidad el servicio de recolecci\u00f3n de basura.<\/p>\n<p>Cumpli\u00f3 a\u00f1os el abogado y periodista Luz Guti\u00e9rrez de Matamoros, y tambi\u00e9n erotro colega, Oscar Pineda, victorense.<\/p>\n<p>En la Ciudad de M\u00e9xico dej\u00f3 de existir Jorge Berry, especializado en espect\u00e1culos deportivos, perteneci\u00f3 un tiempo a la casa Televisa. Ten\u00eda 72 a\u00f1os de edad, con una antig\u00fcedad de 50 a\u00f1os en el ejercicio period\u00edstico.<\/p>\n<p>Correo electr\u00f3nico: albertoguerra65@hotmail.com<\/p>\n","protected":false},"excerpt":{"rendered":"<p>(13-Julio-2023) Ya le toca a Reynosa CIUDAD VICTORIA, (ASI).\u2014 Faltando menos de un a\u00f1o para&#8230;<\/p>\n","protected":false},"author":1,"featured_media":26790,"comment_status":"closed","ping_status":"closed","sticky":false,"template":"","format":"standard","meta":{"footnotes":"","jetpack_publicize_message":"","jetpack_publicize_feature_enabled":true,"jetpack_social_post_already_shared":false,"jetpack_social_options":{"image_generator_settings":{"template":"highway","default_image_id":0,"font":"","enabled":false},"version":2}},"categories":[23],"tags":[],"class_list":["post-67042","post","type-post","status-publish","format-standard","has-post-thumbnail","hentry","category-columnas"],"jetpack_publicize_connections":[],"_links":{"self":[{"href":"https:\/\/www.buroperiodistico.com.mx\/index.php?rest_route=\/wp\/v2\/posts\/67042","targetHints":{"allow":["GET"]}}],"collection":[{"href":"https:\/\/www.buroperiodistico.com.mx\/index.php?rest_route=\/wp\/v2\/posts"}],"about":[{"href":"https:\/\/www.buroperiodistico.com.mx\/index.php?rest_route=\/wp\/v2\/types\/post"}],"author":[{"embeddable":true,"href":"https:\/\/www.buroperiodistico.com.mx\/index.php?rest_route=\/wp\/v2\/users\/1"}],"replies":[{"embeddable":true,"href":"https:\/\/www.buroperiodistico.com.mx\/index.php?rest_route=%2Fwp%2Fv2%2Fcomments&post=67042"}],"version-history":[{"count":0,"href":"https:\/\/www.buroperiodistico.com.mx\/index.php?rest_route=\/wp\/v2\/posts\/67042\/revisions"}],"wp:featuredmedia":[{"embeddable":true,"href":"https:\/\/www.buroperiodistico.com.mx\/index.php?rest_route=\/wp\/v2\/media\/26790"}],"wp:attachment":[{"href":"https:\/\/www.buroperiodistico.com.mx\/index.php?rest_route=%2Fwp%2Fv2%2Fmedia&parent=67042"}],"wp:term":[{"taxonomy":"category","embeddable":true,"href":"https:\/\/www.buroperiodistico.com.mx\/index.php?rest_route=%2Fwp%2Fv2%2Fcategories&post=67042"},{"taxonomy":"post_tag","embeddable":true,"href":"https:\/\/www.buroperiodistico.com.mx\/index.php?rest_route=%2Fwp%2Fv2%2Ftags&post=67042"}],"curies":[{"name":"wp","href":"https:\/\/api.w.org\/{rel}","templated":true}]}}