{"id":67038,"date":"2023-07-13T20:04:17","date_gmt":"2023-07-14T02:04:17","guid":{"rendered":"https:\/\/www.buroperiodistico.com.mx\/?p=67038"},"modified":"2023-07-13T20:04:17","modified_gmt":"2023-07-14T02:04:17","slug":"recorre-secretario-general-de-gobierno-oficinas-del-registro-civil-en-reynosa","status":"publish","type":"post","link":"https:\/\/www.buroperiodistico.com.mx\/?p=67038","title":{"rendered":"Recorre secretario general de Gobierno Oficinas del Registro Civil en Reynosa"},"content":{"rendered":"<p><em><strong><img loading=\"lazy\" decoding=\"async\" class=\" wp-image-67040 alignright\" src=\"https:\/\/www.buroperiodistico.com.mx\/wp-content\/uploads\/2023\/07\/SGx-1.jpg\" alt=\"\" width=\"603\" height=\"326\" srcset=\"https:\/\/www.buroperiodistico.com.mx\/wp-content\/uploads\/2023\/07\/SGx-1.jpg 1110w, https:\/\/www.buroperiodistico.com.mx\/wp-content\/uploads\/2023\/07\/SGx-1-300x162.jpg 300w, https:\/\/www.buroperiodistico.com.mx\/wp-content\/uploads\/2023\/07\/SGx-1-1024x554.jpg 1024w, https:\/\/www.buroperiodistico.com.mx\/wp-content\/uploads\/2023\/07\/SGx-1-768x415.jpg 768w\" sizes=\"auto, (max-width: 603px) 100vw, 603px\" \/>Reynosa, Tamaulipas (13-Julio-2023).-<\/strong><\/em> En su visita a la ciudad fronteriza de Reynosa, el secretario general de Gobierno, H\u00e9ctor Joel Villegas Gonz\u00e1lez, efectu\u00f3 un recorrido en las oficinas del Registro Civil.<\/p>\n<p>El objetivo principal fue conocer de primera mano las operaciones y el funcionamiento de la instituci\u00f3n, as\u00ed como fortalecer el compromiso del gobierno estatal con la mejora continua de los servicios que se ofrecen a las y los ciudadanos.<\/p>\n<p>Durante su estancia en el Registro Civil, el secretario general de Gobierno fue recibido por el personal directivo, quienes le brindaron una c\u00e1lida bienvenida, ante lo cual agradeci\u00f3 la hospitalidad,\u00a0 reconoci\u00f3 el compromiso del personal del Registro Civil en Reynosa y reiter\u00f3 el apoyo constante del gobierno estatal en su labor diaria.<\/p>\n<p>El funcionario estatal destac\u00f3 el inter\u00e9s del Gobierno del Estado por mantener una estrecha comunicaci\u00f3n con todas las instituciones y as\u00ed trabajar de manera conjunta en beneficio de la ciudadan\u00eda.<\/p>\n<p>Las acciones realizadas por parte de la Coordinaci\u00f3n Estatal de Registro Civil, refrenda el compromiso del gobernador\u00a0 Am\u00e9rico Villarreal Anaya de transformar los procedimientos en las diversas oficial\u00edas con la firme convicci\u00f3n de llegar a quien mas lo necesita.<\/p>\n<p><img loading=\"lazy\" decoding=\"async\" class=\"aligncenter size-full wp-image-67039\" src=\"https:\/\/www.buroperiodistico.com.mx\/wp-content\/uploads\/2023\/07\/SGx-I.jpg\" alt=\"\" width=\"623\" height=\"480\" srcset=\"https:\/\/www.buroperiodistico.com.mx\/wp-content\/uploads\/2023\/07\/SGx-I.jpg 623w, https:\/\/www.buroperiodistico.com.mx\/wp-content\/uploads\/2023\/07\/SGx-I-300x231.jpg 300w\" sizes=\"auto, (max-width: 623px) 100vw, 623px\" \/><\/p>\n","protected":false},"excerpt":{"rendered":"<p>Reynosa, Tamaulipas (13-Julio-2023).- En su visita a la ciudad fronteriza de Reynosa, el secretario general&#8230;<\/p>\n","protected":false},"author":1,"featured_media":67040,"comment_status":"closed","ping_status":"closed","sticky":false,"template":"","format":"standard","meta":{"footnotes":"","jetpack_publicize_message":"","jetpack_publicize_feature_enabled":true,"jetpack_social_post_already_shared":false,"jetpack_social_options":{"image_generator_settings":{"template":"highway","default_image_id":0,"font":"","enabled":false},"version":2}},"categories":[10],"tags":[],"class_list":["post-67038","post","type-post","status-publish","format-standard","has-post-thumbnail","hentry","category-tamaulipas"],"jetpack_publicize_connections":[],"_links":{"self":[{"href":"https:\/\/www.buroperiodistico.com.mx\/index.php?rest_route=\/wp\/v2\/posts\/67038","targetHints":{"allow":["GET"]}}],"collection":[{"href":"https:\/\/www.buroperiodistico.com.mx\/index.php?rest_route=\/wp\/v2\/posts"}],"about":[{"href":"https:\/\/www.buroperiodistico.com.mx\/index.php?rest_route=\/wp\/v2\/types\/post"}],"author":[{"embeddable":true,"href":"https:\/\/www.buroperiodistico.com.mx\/index.php?rest_route=\/wp\/v2\/users\/1"}],"replies":[{"embeddable":true,"href":"https:\/\/www.buroperiodistico.com.mx\/index.php?rest_route=%2Fwp%2Fv2%2Fcomments&post=67038"}],"version-history":[{"count":0,"href":"https:\/\/www.buroperiodistico.com.mx\/index.php?rest_route=\/wp\/v2\/posts\/67038\/revisions"}],"wp:featuredmedia":[{"embeddable":true,"href":"https:\/\/www.buroperiodistico.com.mx\/index.php?rest_route=\/wp\/v2\/media\/67040"}],"wp:attachment":[{"href":"https:\/\/www.buroperiodistico.com.mx\/index.php?rest_route=%2Fwp%2Fv2%2Fmedia&parent=67038"}],"wp:term":[{"taxonomy":"category","embeddable":true,"href":"https:\/\/www.buroperiodistico.com.mx\/index.php?rest_route=%2Fwp%2Fv2%2Fcategories&post=67038"},{"taxonomy":"post_tag","embeddable":true,"href":"https:\/\/www.buroperiodistico.com.mx\/index.php?rest_route=%2Fwp%2Fv2%2Ftags&post=67038"}],"curies":[{"name":"wp","href":"https:\/\/api.w.org\/{rel}","templated":true}]}}