{"id":67029,"date":"2023-07-13T19:07:52","date_gmt":"2023-07-14T01:07:52","guid":{"rendered":"https:\/\/www.buroperiodistico.com.mx\/?p=67029"},"modified":"2023-07-13T19:07:52","modified_gmt":"2023-07-14T01:07:52","slug":"participa-pemex-en-la-semana-de-salud-materno-infantil-en-beneficio-de-sus-derechohabientes","status":"publish","type":"post","link":"https:\/\/www.buroperiodistico.com.mx\/?p=67029","title":{"rendered":"Participa PEMEX en la Semana de Salud Materno Infantil en beneficio de sus derechohabientes"},"content":{"rendered":"<p><em><strong><img loading=\"lazy\" decoding=\"async\" class=\"size-full wp-image-67030 alignright\" src=\"https:\/\/www.buroperiodistico.com.mx\/wp-content\/uploads\/2023\/07\/Pemexz-I.jpg\" alt=\"\" width=\"480\" height=\"553\" srcset=\"https:\/\/www.buroperiodistico.com.mx\/wp-content\/uploads\/2023\/07\/Pemexz-I.jpg 480w, https:\/\/www.buroperiodistico.com.mx\/wp-content\/uploads\/2023\/07\/Pemexz-I-260x300.jpg 260w\" sizes=\"auto, (max-width: 480px) 100vw, 480px\" \/>Reynosa, Tam (13-Julio-2023).-<\/strong><\/em> Con el fin de brindar una atenci\u00f3n especializada antes, durante y despu\u00e9s del parto en beneficio de sus derechohabientes, trabajadoras y sus familias, Petr\u00f3leos Mexicanos (PEMEX) participa en la Semana de Salud Materno Infantil que se lleva a cabo del 11 al 14 de julio.<\/p>\n<p>Durante el transcurso de esta semana, un grupo de m\u00e9dicos especializados del Hospital Regional Reynosa proporciona informaci\u00f3n con el objetivo de contribuir al cuidado de la salud materno infantil, a trav\u00e9s de acciones de promoci\u00f3n de estilos de vida saludables y prevenci\u00f3n de enfermedades, desde los primeros a\u00f1os de vida, as\u00ed como para evitar la violencia de g\u00e9nero dentro de la instituci\u00f3n.<\/p>\n<p>Adem\u00e1s, se completan los esquemas de vacunaci\u00f3n en la poblaci\u00f3n infantil por grupos de edad, as\u00ed como en mujeres embarazadas. Tambi\u00e9n se suministra vitamina A, para ni\u00f1as y ni\u00f1os de seis a 59 meses de edad. Asimismo, se imparten pl\u00e1ticas informativas sobre la prevenci\u00f3n de enfermedades diarreicas y respiratorias.<\/p>\n<p>PEMEX reafirma una atenci\u00f3n de calidad y calidez en sus Servicios de Salud\u00a0 para el bienestar de sus derechohabientes.<\/p>\n","protected":false},"excerpt":{"rendered":"<p>Reynosa, Tam (13-Julio-2023).- Con el fin de brindar una atenci\u00f3n especializada antes, durante y despu\u00e9s&#8230;<\/p>\n","protected":false},"author":1,"featured_media":67031,"comment_status":"closed","ping_status":"closed","sticky":false,"template":"","format":"standard","meta":{"footnotes":"","jetpack_publicize_message":"","jetpack_publicize_feature_enabled":true,"jetpack_social_post_already_shared":false,"jetpack_social_options":{"image_generator_settings":{"template":"highway","default_image_id":0,"font":"","enabled":false},"version":2}},"categories":[9],"tags":[],"class_list":["post-67029","post","type-post","status-publish","format-standard","has-post-thumbnail","hentry","category-reynosa"],"jetpack_publicize_connections":[],"_links":{"self":[{"href":"https:\/\/www.buroperiodistico.com.mx\/index.php?rest_route=\/wp\/v2\/posts\/67029","targetHints":{"allow":["GET"]}}],"collection":[{"href":"https:\/\/www.buroperiodistico.com.mx\/index.php?rest_route=\/wp\/v2\/posts"}],"about":[{"href":"https:\/\/www.buroperiodistico.com.mx\/index.php?rest_route=\/wp\/v2\/types\/post"}],"author":[{"embeddable":true,"href":"https:\/\/www.buroperiodistico.com.mx\/index.php?rest_route=\/wp\/v2\/users\/1"}],"replies":[{"embeddable":true,"href":"https:\/\/www.buroperiodistico.com.mx\/index.php?rest_route=%2Fwp%2Fv2%2Fcomments&post=67029"}],"version-history":[{"count":0,"href":"https:\/\/www.buroperiodistico.com.mx\/index.php?rest_route=\/wp\/v2\/posts\/67029\/revisions"}],"wp:featuredmedia":[{"embeddable":true,"href":"https:\/\/www.buroperiodistico.com.mx\/index.php?rest_route=\/wp\/v2\/media\/67031"}],"wp:attachment":[{"href":"https:\/\/www.buroperiodistico.com.mx\/index.php?rest_route=%2Fwp%2Fv2%2Fmedia&parent=67029"}],"wp:term":[{"taxonomy":"category","embeddable":true,"href":"https:\/\/www.buroperiodistico.com.mx\/index.php?rest_route=%2Fwp%2Fv2%2Fcategories&post=67029"},{"taxonomy":"post_tag","embeddable":true,"href":"https:\/\/www.buroperiodistico.com.mx\/index.php?rest_route=%2Fwp%2Fv2%2Ftags&post=67029"}],"curies":[{"name":"wp","href":"https:\/\/api.w.org\/{rel}","templated":true}]}}