{"id":67027,"date":"2023-07-13T19:01:36","date_gmt":"2023-07-14T01:01:36","guid":{"rendered":"https:\/\/www.buroperiodistico.com.mx\/?p=67027"},"modified":"2023-07-13T19:01:36","modified_gmt":"2023-07-14T01:01:36","slug":"en-concreto-por-angel-a-guerra-371","status":"publish","type":"post","link":"https:\/\/www.buroperiodistico.com.mx\/?p=67027","title":{"rendered":"EN CONCRETO\/ Por: \u00c1ngel A. Guerra"},"content":{"rendered":"<p><em><strong>(13-Julio-2023)<\/strong><\/em><\/p>\n<p style=\"text-align: center;\"><strong><em>Am\u00e9rico, frutos<\/em><\/strong><\/p>\n<ul>\n<li><strong><em>\u2018Muy productiva\u2019, entrevista del Gobernador con Industriales<\/em><\/strong><\/li>\n<li><strong><em>Sientan las bases para detonar m\u00e1s inveersiones y empleos<\/em><\/strong><\/li>\n<li><strong><em>Presidi\u00f3 alcalde Carlos Pe\u00f1a Graduaci\u00f3n de ni\u00f1os de CAIC<\/em><\/strong><\/li>\n<li><strong><em>Ex gobernador pr\u00f3fugo escapa a cerco policiaco en el norte<\/em><\/strong><\/li>\n<li><strong><em>Alertan por la presencia del polvo del desierto del Sahara<\/em><\/strong><\/li>\n<\/ul>\n<p>La reuni\u00f3n que tuvo el gobernador AM\u00c9RICO VILLARREAL ANAYA con empresarios de la industria maquiladora y manufacturera, el mi\u00e9rcoles en Reynosa, fue muy productiva; de ah\u00ed surgieron compromisos y se definieron acciones que ayudar\u00e1n a mejorar la seguridad en la frontera tamaulipeca e impulsar\u00e1n su desarrollo.<\/p>\n<p>Estos hombres de empresa con los que dialog\u00f3 AM\u00c9RICO, generan 140 mil empleos en la regi\u00f3n y una derrama de 3 mil millones de pesos anuales, lo que nos da una idea de la importancia de esta fuerte y din\u00e1mica industria, vital para la zona fronteriza.<\/p>\n<p>Por eso es de gran relevancia lo que se dijo en una reuni\u00f3n privada en el marco del Foro INDEX 2023, donde los empresarios estuvieron encabezados por RA\u00daL SETI\u00c9N CASTILLO. \u00c9ste reconoci\u00f3 el inter\u00e9s de AVA al aceptar dicho encuentro, donde le expusieran sus inquietudes y demandas y reconocieron que \u201csu presencia va a traer bienestar a la regi\u00f3n\u201d, por lo que comprometieron su respaldo a la transformaci\u00f3n de Tamaulipas.<\/p>\n<p>SETI\u00c9N le dijo al mandatario que en el municipio no hay robos al transporte de carga, ni se ha reportado ning\u00fan caso en los nueve meses de la actual administraci\u00f3n, lo que s\u00ed es un grave problema en otros estados.<\/p>\n<p>ALFREDO GUAJARDO, vicepresidente de Weldex Industries, le agradeci\u00f3 a AVA su presencia porque eso los fortalece. Y explic\u00f3 porqu\u00e9: Lo mejor de la reuni\u00f3n es la foto, porque la van a ver en EU y van a saber que ahora s\u00ed tenemos atenci\u00f3n del gobierno y estamos dispuestos a cooperar y a seguir facilitando su trabajo.<\/p>\n<p>JES\u00daS CABALLERO, director de gesti\u00f3n de riesgos de INDEX Reynosa puso mucho \u00e9nfasis en la seguridad, y solicit\u00f3 m\u00e1s polic\u00edas en el corredor Palo Blanco, ubicado entre R\u00edo Bravo y Reynosa, tramo donde m\u00e1s da\u00f1ada dej\u00f3 la seguridad el gobierno anterior.<\/p>\n<p>Los empresarios pidieron m\u00e1s infraestructura y mejores condiciones de vialidad para resolver los cuellos de botella a la hora la salida de los trabajadores de sus centros de trabajo.<\/p>\n<p>Aqu\u00ed es donde el gobernador les pidi\u00f3 su colaboraci\u00f3n con denuncias y les ofreci\u00f3 que no los dejar\u00e1n solos y habr\u00e1n de trabajar para contener a los grupos delictivos.<\/p>\n<p>AVA expuso los grandes proyectos estrat\u00e9gicos, algunos ya iniciados en la regi\u00f3n, como la Planta Procesadora de Alimentos, la planta de fertilizantes y la reubicaci\u00f3n del gasoducto que ser\u00e1 colocado fuera de la ciudad. S\u00f3lo en ese \u00faltimo proyecto se invertir\u00e1n 4 mil millones de pesos.<\/p>\n<p>Am\u00e9rico les ofreci\u00f3 soluciones de fondo y hablarles siempre con la verdad, a lo que los empresarios le respondieron con gran entusiasmo y confianza porque al fin cuentan con un gobierno aliado que los escucha, los atiende y ofrece resultados.<\/p>\n<p>AVA tambi\u00e9n les dio a conocer el programa de movilidad y el sistema integrado de transporte que brindar\u00e1 un servicio moderno a lo largo de 23 kil\u00f3metros con 26 estaciones, con una terminal ubicada en la zona sur, en el \u00e1rea industrial y comercial de la salida a Monterrey, donde se invertir\u00e1n mil 247 millones.<\/p>\n<p>De esos y otros proyectos que emprende en Tamaulipas les habl\u00f3 AM\u00c9RICO, que logr\u00f3 echarse a la bolsa a sus interlocutores, quienes solo hab\u00edan recibido desprecios de gobiernos pasados.<\/p>\n<p>Al final de la reuni\u00f3n de trabajo, a los anfitriones se les not\u00f3 felices y respaldados, decididos a seguir invirtiendo y trabajando en Tamaulipas.<\/p>\n<p>Y es que AM\u00c9RICO les da certidumbre porque les garantiza soluciones y las respuestas a sus peticiones han sido inmediatas.<\/p>\n<p style=\"text-align: center;\"><strong>FRANCISCO N ESCAPO \u2018POR PIERNAS\u2019<\/strong><\/p>\n<p>A principios de julio, el viernes 7 para ser m\u00e1s precisos, las polic\u00edas del pa\u00eds se mantuvieron en estado de alerta en la frontera norte.<\/p>\n<p>Al mismo tiempo, el Instituto Nacional de Migraci\u00f3n mont\u00f3 guardias en los cruces fronterizos, en espera de un extranjero, que finalmente no ingres\u00f3 al pa\u00eds.<\/p>\n<p>Ten\u00eda sus \u201cfuentes\u201d y sus \u201cdatos\u201d, seguramente.<\/p>\n<p>Es decir, es probable que le hayan advertido sobre el operativo policiaco para detectarlo y detenerlo en el momento de cruzar la franja fronteriza.<\/p>\n<p>Porque a pesar de que d\u00edas antes alarde\u00f3 que estar\u00eda presente en su proceso de registro como aspirante a la candidatura presidencial de la alianza opositora \u201cVa por M\u00e9xico\u201d, el ex gobernador FRANCISCO N se mantuvo en su escondite en Texas, y, por el contrario, envi\u00f3 a su esposa, su mam\u00e1 y su hermano ISMAEL para realizar la entrega de documentos.<\/p>\n<p>Pero en en M\u00e9xico, las instituciones de seguridad p\u00fablica y Migraci\u00f3n ten\u00edan resguardada la frontera para que, en el momento que pusiera un pie en el territorio, se le detuviera.<\/p>\n<p>Fuentes de alta confidencialidad y credibilidad, confirmaron que el operativo era infalible, solo que el indiciado por la Fiscal\u00eda General de la Rep\u00fablica y las indagatorias de Contralor\u00eda del Gobierno del Estado, no cruz\u00f3 la frontera.<\/p>\n<p>Le hab\u00edan advertido, seguramente.<\/p>\n<p>\u00bfC\u00f3mo le har\u00e1 ahora para la recolecci\u00f3n de las 150 mil firmas en 17 entidades de la republica, como lo establecen los lineamientos de la alianza, para poder acceder a la siguente fase del proceso?<\/p>\n<p>Para Ripley.<\/p>\n<p>Pero una cosa s\u00ed es segura, ac\u00e1 lo est\u00e1n esperando.<\/p>\n<p style=\"text-align: center;\"><strong>PRESIDI\u00d3 ALCALDE CARLOS PE\u00d1A GRADUACI\u00d3N DE NI\u00d1OS DE CAIC REYNOSA<\/strong><\/p>\n<p>A prop\u00f3sito de Reynosa, el Alcalde CARLOS PE\u00d1A ORTIZ presidi\u00f3 la ceremonia de graduaci\u00f3n de 968 ni\u00f1os con grado de preescolar a trav\u00e9s de 16 Centros de Atenci\u00f3n Infantil Comunitarios, que los prepar\u00f3 en el ciclo escolar 2022-2023 bajo la coordinaci\u00f3n del Sistema para el Desarrollo Integral de la Familia, DIF-Reynosa.<\/p>\n<p>\u00abUstedes son el futuro de todos nosotros y lo que buscamos como Gobierno es que dentro de 10 o 15 a\u00f1os todos los j\u00f3venes sean profesionistas o tengan una carrera t\u00e9cnica\u00bb, dijo el Presidente Municipal este jueves 13 de julio.<\/p>\n<p>Con la presencia del Presidente del Patronato del Sistema para el Desarrollo Integral de la Familia, DIF-Reynosa, CARLOS LUIS PE\u00d1A GARZA, dijo el Alcalde: \u00ables voy a agradecer a los padres aqu\u00ed presentes, su esfuerzo y su compromiso, porque son los que est\u00e1n atentos y cuidan a sus hijos\u00bb, agreg\u00f3 y reiter\u00f3 que todo lo que hace su Gobierno es por los ni\u00f1os de Reynosa.<\/p>\n<p>\u00abLo m\u00e1s importante y necesario es la inversi\u00f3n que hacemos en educaci\u00f3n los gobiernos y ustedes como padres de familia\u00bb, dijo el Presidente Municipal en su mensaje a los peque\u00f1os alumnos, sus padres y Maestros.<\/p>\n<p>En la graduaci\u00f3n de ni\u00f1os de CAIC, participaron la Directora del DIF-Reynosa, GABRIELA ROSAS BLANCO; el Coordinador de los Centros de Atenci\u00f3n Infantil Comunitarios, Profesor MIGUEL \u00c1NGEL PUGA HERN\u00c1NDEZ y el Regidor JAIME ARRATIA BANDA, Coordinador de la Comisi\u00f3n de Educaci\u00f3n en el Cabildo local.<\/p>\n<p>Los 968 alumnos Generaci\u00f3n 2022-2023, egresaron de dos turnos, de los CAIC, ubicados en: Almendros, Riveras del Carmen, Fundadores, Balcones de Alcal\u00e1, Pir\u00e1mides; Nuevo Amanecer, Corrales, Rancho Viejo, Nuevo M\u00e9xico ITAVU, Leyes de Reforma; Ram\u00f3n P\u00e9rez, Valle Soleado, Campanario, Campestre, Doroteo Arango y Casa Hogar Mami.<\/p>\n<p>El programa educativo gratuito llega a las colonias de m\u00e1s bajos recursos econ\u00f3micos y \u00e1rea suburbana, donde hay mayores carencias entre las familias, facilitando as\u00ed la preparaci\u00f3n inicial de la ni\u00f1ez reynosense a trav\u00e9s de los CAIC.<\/p>\n<p style=\"text-align: center;\"><strong>FERIAS DEL EMPLEO CREAN M\u00c1S 3,500 OPORTUNIDADES EN REYNOSA<\/strong><\/p>\n<p>Por asociaci\u00f3n tem\u00e1tica, deje decirle que el Gobierno del Presidente CARLOS PE\u00d1A ORTIZ contin\u00faa impulsando la ocupaci\u00f3n de nuevos empleos a trav\u00e9s de la Secretar\u00eda de Desarrollo Econ\u00f3mico y del Empleo, con la Feria Virtual que cada semana oferta mediante plataformas digitales cientos de oportunidades laborales.<\/p>\n<p>El esquema tecnol\u00f3gico implementado\u00a0 por la SEDEM est\u00e1 apegado a los compromisos del Presidente Municipal con las familias reynosenses y ha permitido que en lo que va del 2023, se hayan concretado 3,537 contrataciones de empleo, por medio de las 19 convocatorias realizadas hasta el momento y en donde se han involucrado m\u00e1s de 190 empresas de distintos ramos.<\/p>\n<p>Es as\u00ed como Reynosa contin\u00faa siendo una de las ciudades con m\u00e1s generaci\u00f3n de empleo, con un Alcalde que a trav\u00e9s del la administraci\u00f3n municipal y sus dependencias lleva a los hechos los compromisos para seguir transformando la ciudad y promover las mejores oportunidades para sus ciudadanos.<\/p>\n<p style=\"text-align: center;\"><strong>OFERTAR\u00c1N OPORTUNIDADES LABORALES EN LA BACA CALDER\u00d3N<\/strong><\/p>\n<p>Este viernes el gobierno municipal de Nuevo Laredo llevar\u00e1 a cabo el programa \u201cEmpleo en tu Colonia\u201d en la que m\u00e1s de 20 empresas con 800 vacantes de diferentes rubros estar\u00e1n ofreciendo opciones laborales para la ciudadan\u00eda.<\/p>\n<p>El secretario de Desarrollo Econ\u00f3mico, ROLANDO GUEVARA GONZ\u00c1LEZ, inform\u00f3 que por medio de este programa municipal se han vinculado a m\u00e1s de 6 mil personas con empresas de diversos giros en tan solo este a\u00f1o,\u00a0por lo que hizo la invitaci\u00f3n a la ciudadan\u00eda para encontrar una opci\u00f3n laboral.<\/p>\n<p>\u201cInvitamos a todas las personas que no tengan empleo para que se<\/p>\n<p>acerquen estoy seguro que alguna de las empresas requiere del perfil<\/p>\n<p>con el que cuentan, seguramente encontrar\u00e1n una opci\u00f3n laboral\u201d,<\/p>\n<p>mencion\u00f3 ROLANDO GUEVARA GONZ\u00c1LEZ, secretario de Desarrollo Econ\u00f3mico.<\/p>\n<p>Ser\u00e1 este viernes 14 de julio a partir de las 9:00 de la ma\u00f1ana a 1:00<\/p>\n<p>de la tarde en la Explanada Esteban Baca Calder\u00f3n ubicada en avenida Guerrero entre Maclovio Herrara y H\u00e9roe de Nacataz.<\/p>\n<p>Ah\u00ed los ciudadanos tendr\u00e1n la oportunidad de encontrar un trabajo en<\/p>\n<p>maquiladoras, empresas transportistas, agencias aduanales, empresas comerciales y de servicios.<\/p>\n<p style=\"text-align: center;\"><strong>LLEGA A TAMAULIPAS POLVO DEL SAHARA<\/strong><\/p>\n<p>Cambio de orientaci\u00f3n tem\u00e1tica para mencionar que el \u00e1rea de Meteorolog\u00eda de la Coordinaci\u00f3n Estatal de Protecci\u00f3n Civil Tamaulipas, ha informado que a partir de ayer jueves en el trascurso de la tarde y durante los siguientes cuatros d\u00edas, se pueda empezar a percibir las part\u00edculas de polvo que viajan desde el desierto del Sahara y que arriban al pa\u00eds principalmente por el caribe mexicano, para despu\u00e9s dirigirse hacia el norte cruzando por los estados de la costa y otros del centro hasta llegar a Estados Unidos.<\/p>\n<p>Las recomendaciones que se han emitido por parte de Protecci\u00f3n Civil Tamaulipas son las siguientes:<\/p>\n<p>\u2022 Disminuir la exposici\u00f3n al ambiente.<\/p>\n<p>\u2022 Usar preferentemente lentes para protecci\u00f3n de la vista.<\/p>\n<p>\u2022 Lavarse las manos constantemente y evitar tocar los ojos.<\/p>\n<p>\u2022 Mantener tapados los recipientes con agua alg\u00fan otro l\u00edquido.<\/p>\n<p>\u2022 Evitar sacudir objetos que se encuentren expuestos al ambiente.<\/p>\n<p>Aunque no representa un alto riesgo para la ciudadan\u00eda, s\u00ed es importante seguir las recomendaciones de las autoridades para evitar cualquier afectaci\u00f3n en el organismo.<\/p>\n<p>El coordinador estatal de Protecci\u00f3n Civil, LUIS GERARDO GONZ\u00c1LEZ DE LA FUENTE, ha comentado que se monitorea este fen\u00f3meno y conforme se vaya desarrollando se estar\u00e1 informando de manera oportuna a la poblaci\u00f3n mediante las plataformas digitales y medios oficiales del Gobierno del Estado.<\/p>\n<p>As\u00ed mismo, el secretario general de Gobierno, H\u00c9CTOR JOEL VILLEGAS GONZ\u00c1LEZ, establece permanente comunicaci\u00f3n con la coordinaci\u00f3n estatal para evaluar la situaci\u00f3n y responder en caso de ser necesario ante la presencia de este fen\u00f3meno.<\/p>\n<p style=\"text-align: center;\"><strong>COMAPA SUR HA REABILITADO 23 C\u00c1RCAMOS EN SEIS MESES<\/strong><\/p>\n<p>A prop\u00f3sito de la zona conurbada, en el primer semestre del presente a\u00f1o, COMAPA Sur ha rehabilitado un total de 23 c\u00e1rcamos en diversos sitios de Tampico y Ciudad Madero, evitando con esto el derrame de aguas residuales.<\/p>\n<p>Una de las prioridades del Gobernador del Estado, Dr. Am\u00e9rico Villarreal Anaya, es la preservaci\u00f3n de la salud de las familias tamaulipecas y en ese sentido, estas acciones realizadas por COMAPA Sur tienen un impacto favorable en el bienestar de los habitantes del sur de la entidad.<\/p>\n<p>Por tal motivo la Gerencia General del organismo, gir\u00f3 instrucciones para que se reparan los c\u00e1rcamos localizados en las colonias: Las Flores, Hip\u00f3dromo, Heriberto Kehoe, Delfino Res\u00e9ndiz, Carlos Jim\u00e9nez Mac\u00edas, Miram\u00e1polis, Playa Miramar, Cascajal, Jes\u00fas El\u00edas Pi\u00f1a, Pescadores, Miramar, Universidad Poniente, Tancol 33, Ni\u00f1os H\u00e9roes, Nuevo Amanecer, Loma Alta 1, Loma Alta 2, Guadalupe Mainero, El Charro, Morelos (2), Emiliano Zapata y Luis Donaldo Colosio.<\/p>\n<p>Estos 23 c\u00e1rcamos estaban identificados como prioritarios para ser incorporados a este programa de mantenimiento, por lo que en un periodo de seis meses se logr\u00f3 repararlos y dejarlos en un \u00f3ptimo funcionamiento.<\/p>\n<p style=\"text-align: center;\"><strong>IMPARTEN CAPACITACI\u00d3N A PERSONAL DE PC DE LA ZONA CONURBADA<\/strong><\/p>\n<p>Por asociaci\u00f3n tem\u00e1tica, deje decirle que personal de la Secretar\u00eda General de Gobierno a trav\u00e9s de la Coordinaci\u00f3n Estatal de Protecci\u00f3n Civil, en coordinaci\u00f3n con el Centro Regional de Emergencia en Altamira, realizaron el curso-taller especializado en extracci\u00f3n de personas de veh\u00edculos en siniestros, para el personal de las direcciones municipales de Protecci\u00f3n Civil en Tampico, Madero y Altamira.<\/p>\n<p>Con la finalidad de mantener el compromiso hecho por el gobernador de Tamaulipas, AM\u00c9RICO VILLARREAL ANAYA de llevar mejores servicios a las y los tamaulipecos se realiz\u00f3 este curso-taller donde se estar\u00e1n capacitando personal de servicio.<\/p>\n<p>Durante la primera etapa se instruy\u00f3 a los participantes con teor\u00eda referente al manejo de herramientas y partes de los equipos hidr\u00e1ulicos que normalmente se le conoce como \u201cquijadas de la vida\u201d.<\/p>\n<p style=\"text-align: center;\"><strong>LLAMA RICARDO MONREAL A PROFUNDIZAR RELACI\u00d3N CON LA GENTE<\/strong><\/p>\n<p>\u00a0RICARDO MONREAL hizo un llamado a los militantes de Morena para profundizar la relaci\u00f3n con la gente, y \u201cactuar con humildad, con justicia, actuar con sencillez, pero, sobre todo, protegiendo a los m\u00e1s desvalidos, a los m\u00e1s perseguidos\u201d.<\/p>\n<p>Las rep\u00fablicas -expres\u00f3 el doctor en un mensaje que comparti\u00f3 en redes sociales-, se construyen con libertad, \u201c\u00a1con todo, menos con miedo!\u201d.<\/p>\n<p>Adem\u00e1s, destac\u00f3 la historia de esta entidad en la que Benito Ju\u00e1rez promulg\u00f3 las Leyes de Reforma, en 1858, donde tuvo lugar la intervenci\u00f3n francesa, la intervenci\u00f3n norteamericana; y que por su resistencia es reconocida y admirada en todo el mundo.<\/p>\n<p>\u201cNosotros estamos luchando para ser los pr\u00f3ximos Coordinadores Nacionales de la Defensa por la Transformaci\u00f3n\u201d.<\/p>\n<p>\u201cCreemos que el legado del Presidente debe de continuar, pero tambi\u00e9n creemos que es necesario una revisi\u00f3n a nuestra actuaci\u00f3n como militantes, como gobernantes surgidos de Morena, que se requiere profundizar la relaci\u00f3n con la gente, actuar con humildad, con justicia, actuar con sencillez, y sobre todo protegiendo a los m\u00e1s desvalidos, a los m\u00e1s perseguidos\u201d, manifest\u00f3.<\/p>\n<p style=\"text-align: center;\"><strong>SUMA LA UAT ESFUERZOS PARA FORMAR MUJERES EMPRENDEDORAS<\/strong><\/p>\n<p>Por \u00faltimo, el C. P. GUILLERMO MENDOZA CAVAZOS, rector de la Universidad Aut\u00f3noma de Tamaulipas (UAT), sostuvo un encuentro con mujeres empresarias de la zona sur del estado, ante quienes expuso los proyectos de esta casa de estudios que, entre otros prop\u00f3sitos, buscan generar egresados que respondan al desarrollo de los sectores productivos.<\/p>\n<p>La reuni\u00f3n se dio en el marco de la Asamblea General de la Asociaci\u00f3n Mexicana de Mujeres Jefas de Empresa, A. C. (AMMJE) y su representaci\u00f3n en Tamaulipas, efectuada en un centro social de Tampico.<\/p>\n<p>En ese contexto, la C. P. MARTHA EULALIA LLANES L\u00d3PEZ, presidenta de la AMMJE en Tamaulipas, agradeci\u00f3 al rector GUILLERMO MENDOZA la participaci\u00f3n de la UAT en los trabajos del organismo empresarial y respaldar con sus propuestas los objetivos de impulsar la formaci\u00f3n de mujeres emprendedoras.<\/p>\n<p>Acompa\u00f1ado por la Dra. MARIANA ZER\u00d3N F\u00c9LIX, secretaria de Investigaci\u00f3n y Posgrado de la UAT, el rector enumer\u00f3 los esfuerzos de la Universidad por generar perfiles profesionales adecuados para los tiempos actuales, siendo uno de estos retos la capacitaci\u00f3n en cuanto a modelos de negocio innovadores y creativos.<\/p>\n<p>Por hoy es todo, nos leemos ma\u00f1ana.<\/p>\n","protected":false},"excerpt":{"rendered":"<p>(13-Julio-2023) Am\u00e9rico, frutos \u2018Muy productiva\u2019, entrevista del Gobernador con Industriales Sientan las bases para detonar&#8230;<\/p>\n","protected":false},"author":1,"featured_media":30459,"comment_status":"closed","ping_status":"closed","sticky":false,"template":"","format":"standard","meta":{"footnotes":"","jetpack_publicize_message":"","jetpack_publicize_feature_enabled":true,"jetpack_social_post_already_shared":false,"jetpack_social_options":{"image_generator_settings":{"template":"highway","default_image_id":0,"font":"","enabled":false},"version":2}},"categories":[23],"tags":[],"class_list":["post-67027","post","type-post","status-publish","format-standard","has-post-thumbnail","hentry","category-columnas"],"jetpack_publicize_connections":[],"_links":{"self":[{"href":"https:\/\/www.buroperiodistico.com.mx\/index.php?rest_route=\/wp\/v2\/posts\/67027","targetHints":{"allow":["GET"]}}],"collection":[{"href":"https:\/\/www.buroperiodistico.com.mx\/index.php?rest_route=\/wp\/v2\/posts"}],"about":[{"href":"https:\/\/www.buroperiodistico.com.mx\/index.php?rest_route=\/wp\/v2\/types\/post"}],"author":[{"embeddable":true,"href":"https:\/\/www.buroperiodistico.com.mx\/index.php?rest_route=\/wp\/v2\/users\/1"}],"replies":[{"embeddable":true,"href":"https:\/\/www.buroperiodistico.com.mx\/index.php?rest_route=%2Fwp%2Fv2%2Fcomments&post=67027"}],"version-history":[{"count":0,"href":"https:\/\/www.buroperiodistico.com.mx\/index.php?rest_route=\/wp\/v2\/posts\/67027\/revisions"}],"wp:featuredmedia":[{"embeddable":true,"href":"https:\/\/www.buroperiodistico.com.mx\/index.php?rest_route=\/wp\/v2\/media\/30459"}],"wp:attachment":[{"href":"https:\/\/www.buroperiodistico.com.mx\/index.php?rest_route=%2Fwp%2Fv2%2Fmedia&parent=67027"}],"wp:term":[{"taxonomy":"category","embeddable":true,"href":"https:\/\/www.buroperiodistico.com.mx\/index.php?rest_route=%2Fwp%2Fv2%2Fcategories&post=67027"},{"taxonomy":"post_tag","embeddable":true,"href":"https:\/\/www.buroperiodistico.com.mx\/index.php?rest_route=%2Fwp%2Fv2%2Ftags&post=67027"}],"curies":[{"name":"wp","href":"https:\/\/api.w.org\/{rel}","templated":true}]}}