{"id":67021,"date":"2023-07-13T18:50:36","date_gmt":"2023-07-14T00:50:36","guid":{"rendered":"https:\/\/www.buroperiodistico.com.mx\/?p=67021"},"modified":"2023-07-13T18:50:36","modified_gmt":"2023-07-14T00:50:36","slug":"invita-direccion-de-mediacion-a-curso-sobre-cultura-del-buen-trato","status":"publish","type":"post","link":"https:\/\/www.buroperiodistico.com.mx\/?p=67021","title":{"rendered":"Invita Direcci\u00f3n de Mediaci\u00f3n a Curso sobre \u201cCultura del Buen Trato\u201d"},"content":{"rendered":"<p><em><strong><img loading=\"lazy\" decoding=\"async\" class=\"size-full wp-image-67022 alignright\" src=\"https:\/\/www.buroperiodistico.com.mx\/wp-content\/uploads\/2023\/07\/SGGx-I.jpg\" alt=\"\" width=\"480\" height=\"480\" srcset=\"https:\/\/www.buroperiodistico.com.mx\/wp-content\/uploads\/2023\/07\/SGGx-I.jpg 480w, https:\/\/www.buroperiodistico.com.mx\/wp-content\/uploads\/2023\/07\/SGGx-I-300x300.jpg 300w, https:\/\/www.buroperiodistico.com.mx\/wp-content\/uploads\/2023\/07\/SGGx-I-150x150.jpg 150w\" sizes=\"auto, (max-width: 480px) 100vw, 480px\" \/>Ciudad Victoria, Tamaulipas (13-Julio-2023).<\/strong><\/em>&#8211; La Direcci\u00f3n de Mediaci\u00f3n, dependiente de la Secretar\u00eda General de Gobierno, que dirige H\u00e9ctor Joel Villegas Gonz\u00e1lez, invita a la ciudadan\u00eda en general al curso \u201cCultura del Buen Trato\u201d, que se imparte en colaboraci\u00f3n con la Secretar\u00eda de Bienestar del Gobierno Federal, a trav\u00e9s de esta Direcci\u00f3n.<\/p>\n<p>El curso est\u00e1 dirigido a todas las personas interesadas en promover el buen trato en su entorno, incluyendo profesionales, estudiantes, l\u00edderes comunitarios y ciudadanos en general. Durante el curso se abordar\u00e1n temas relacionados con la comunicaci\u00f3n efectiva, la empat\u00eda, el respeto mutuo y la construcci\u00f3n de relaciones saludables.<\/p>\n<p>El curso ser\u00e1 en l\u00ednea con una duraci\u00f3n de 10 horas, con alto valor curricular. Para mayor informaci\u00f3n se pone el contacto v\u00eda WhatsApp: 8342704605, Tel\u00e9fono: 8343188798 ext. 40798, correo electr\u00f3nico: direcciondemediacion@tamaulipas.gob.mx y un formato de registro en el siguiente link https:\/\/forms.gle\/zgK7jdBmNuff5MmF6<\/p>\n<p>El gobernador del estado, Am\u00e9rico Villarreal Anaya, reconocido por su dedicaci\u00f3n y capacidad humanista, ha demostrado un firme compromiso con la promoci\u00f3n del respeto y la igualdad en nuestra sociedad, para el mejor entendimiento de los ciudadanos logrando el bienestar com\u00fan.<\/p>\n","protected":false},"excerpt":{"rendered":"<p>Ciudad Victoria, Tamaulipas (13-Julio-2023).&#8211; La Direcci\u00f3n de Mediaci\u00f3n, dependiente de la Secretar\u00eda General de Gobierno,&#8230;<\/p>\n","protected":false},"author":1,"featured_media":67023,"comment_status":"closed","ping_status":"closed","sticky":false,"template":"","format":"standard","meta":{"footnotes":"","jetpack_publicize_message":"","jetpack_publicize_feature_enabled":true,"jetpack_social_post_already_shared":false,"jetpack_social_options":{"image_generator_settings":{"template":"highway","default_image_id":0,"font":"","enabled":false},"version":2}},"categories":[10],"tags":[],"class_list":["post-67021","post","type-post","status-publish","format-standard","has-post-thumbnail","hentry","category-tamaulipas"],"jetpack_publicize_connections":[],"_links":{"self":[{"href":"https:\/\/www.buroperiodistico.com.mx\/index.php?rest_route=\/wp\/v2\/posts\/67021","targetHints":{"allow":["GET"]}}],"collection":[{"href":"https:\/\/www.buroperiodistico.com.mx\/index.php?rest_route=\/wp\/v2\/posts"}],"about":[{"href":"https:\/\/www.buroperiodistico.com.mx\/index.php?rest_route=\/wp\/v2\/types\/post"}],"author":[{"embeddable":true,"href":"https:\/\/www.buroperiodistico.com.mx\/index.php?rest_route=\/wp\/v2\/users\/1"}],"replies":[{"embeddable":true,"href":"https:\/\/www.buroperiodistico.com.mx\/index.php?rest_route=%2Fwp%2Fv2%2Fcomments&post=67021"}],"version-history":[{"count":0,"href":"https:\/\/www.buroperiodistico.com.mx\/index.php?rest_route=\/wp\/v2\/posts\/67021\/revisions"}],"wp:featuredmedia":[{"embeddable":true,"href":"https:\/\/www.buroperiodistico.com.mx\/index.php?rest_route=\/wp\/v2\/media\/67023"}],"wp:attachment":[{"href":"https:\/\/www.buroperiodistico.com.mx\/index.php?rest_route=%2Fwp%2Fv2%2Fmedia&parent=67021"}],"wp:term":[{"taxonomy":"category","embeddable":true,"href":"https:\/\/www.buroperiodistico.com.mx\/index.php?rest_route=%2Fwp%2Fv2%2Fcategories&post=67021"},{"taxonomy":"post_tag","embeddable":true,"href":"https:\/\/www.buroperiodistico.com.mx\/index.php?rest_route=%2Fwp%2Fv2%2Ftags&post=67021"}],"curies":[{"name":"wp","href":"https:\/\/api.w.org\/{rel}","templated":true}]}}