{"id":67016,"date":"2023-07-13T18:43:45","date_gmt":"2023-07-14T00:43:45","guid":{"rendered":"https:\/\/www.buroperiodistico.com.mx\/?p=67016"},"modified":"2023-07-13T18:43:45","modified_gmt":"2023-07-14T00:43:45","slug":"atletas-de-tamaulipas-competiran-en-juegos-nacionales-conade-2023","status":"publish","type":"post","link":"https:\/\/www.buroperiodistico.com.mx\/?p=67016","title":{"rendered":"Atletas de Tamaulipas competir\u00e1n en Juegos Nacionales CONADE 2023"},"content":{"rendered":"<ul>\n<li><strong><em>La selecci\u00f3n de atletismo est\u00e1 lista para iniciar su participaci\u00f3n, el pr\u00f3ximo domingo, en Villahermosa, Tabasco<\/em><\/strong><\/li>\n<\/ul>\n<p><strong><img loading=\"lazy\" decoding=\"async\" class=\" wp-image-67019 alignright\" src=\"https:\/\/www.buroperiodistico.com.mx\/wp-content\/uploads\/2023\/07\/CONADx.jpg\" alt=\"\" width=\"553\" height=\"286\" srcset=\"https:\/\/www.buroperiodistico.com.mx\/wp-content\/uploads\/2023\/07\/CONADx.jpg 1024w, https:\/\/www.buroperiodistico.com.mx\/wp-content\/uploads\/2023\/07\/CONADx-300x155.jpg 300w, https:\/\/www.buroperiodistico.com.mx\/wp-content\/uploads\/2023\/07\/CONADx-768x398.jpg 768w\" sizes=\"auto, (max-width: 553px) 100vw, 553px\" \/>Ciudad Victoria, Tamaulipas (13-Julio-2023).<\/strong>&#8211; El director de Alto Rendimiento del Instituto del Deporte, Sergio Mart\u00ednez Torres, en representaci\u00f3n del director general, Manuel Raga Navarro, despidi\u00f3, este jueves, a un grupo de atletas, entrenadores y auxiliares que tomar\u00e1n parte en los Juegos Nacionales CONADE 2023, con sede en Villahermosa, Tabasco.<\/p>\n<p>La delegaci\u00f3n tamaulipeca est\u00e1 integrada por atletas de las categor\u00edas sub-20 y sub-23 con deportistas originarios de Reynosa, Matamoros, Nuevo Laredo, Valle Hermoso, Ciudad Victoria, Altamira y Tampico.<\/p>\n<p>Los integrantes de la selecci\u00f3n Tamaulipas son: Keyla Hern\u00e1ndez, Mariela Gonz\u00e1lez, Vanessa Gonz\u00e1lez, Jos\u00e9 Carlos Gonz\u00e1lez, Kevin Ram\u00edrez, Sebasti\u00e1n Cant\u00fa, Luis Calafell, Oziel Castillo, Roberto Villarreal, todos ellos en la divisi\u00f3n sub-20.<\/p>\n<p>En la categor\u00eda sub-23 participar\u00e1n: Ana M\u00e1rquez, Berenice Mu\u00f1oz, Ingrid Rivera, Jennifer Plascencia, Ad\u00e1n Ledezma, Alan Malerva, Alejandro Galv\u00e1n, Alexis \u00c1lvarez, Daniel P\u00e9rez, Gabriel Sim\u00f3n, Ramiro Salda\u00f1a, Montes y Hern\u00e1ndez.<\/p>\n<p>El domingo 16 del presente mes, iniciar\u00e1n las diferentes pruebas de atletismo como son: lanzamiento de disco, lanzamiento de garrocha, 100 metros, 200 metros, 400, 4&#215;100 metros, 1500 metros, 5,000 metros, 10,000 metros, salto de altura de longitud y decatl\u00f3n.<\/p>\n<p>Mientras tanto, los seleccionados sub-16 y sub-18 contin\u00faan con los \u00faltimos detalles de su preparaci\u00f3n, ya que a ellos les toca entrar en acci\u00f3n la pr\u00f3xima semana.<\/p>\n<p>Hasta el momento, Tamaulipas ha conquistado 118 medallas durante estos Juegos Nacionales CONADE 2023, de las cuales 39 de oro, 33 de plata y 46 de bronce, conseguidas en m\u00e1s de 30 disciplinas, en diferentes sedes del pa\u00eds, asistiendo con el respaldo del Gobierno de la Transformaci\u00f3n que encabeza Am\u00e9rico Villarreal Anaya.<\/p>\n<p><img loading=\"lazy\" decoding=\"async\" class=\"aligncenter size-full wp-image-67017\" src=\"https:\/\/www.buroperiodistico.com.mx\/wp-content\/uploads\/2023\/07\/CONADx-I.jpg\" alt=\"\" width=\"640\" height=\"427\" srcset=\"https:\/\/www.buroperiodistico.com.mx\/wp-content\/uploads\/2023\/07\/CONADx-I.jpg 640w, https:\/\/www.buroperiodistico.com.mx\/wp-content\/uploads\/2023\/07\/CONADx-I-300x200.jpg 300w\" sizes=\"auto, (max-width: 640px) 100vw, 640px\" \/> <img loading=\"lazy\" decoding=\"async\" class=\"aligncenter size-full wp-image-67018\" src=\"https:\/\/www.buroperiodistico.com.mx\/wp-content\/uploads\/2023\/07\/CONADx-II.jpg\" alt=\"\" width=\"640\" height=\"427\" srcset=\"https:\/\/www.buroperiodistico.com.mx\/wp-content\/uploads\/2023\/07\/CONADx-II.jpg 640w, https:\/\/www.buroperiodistico.com.mx\/wp-content\/uploads\/2023\/07\/CONADx-II-300x200.jpg 300w\" sizes=\"auto, (max-width: 640px) 100vw, 640px\" \/><\/p>\n","protected":false},"excerpt":{"rendered":"<p>La selecci\u00f3n de atletismo est\u00e1 lista para iniciar su participaci\u00f3n, el pr\u00f3ximo domingo, en Villahermosa,&#8230;<\/p>\n","protected":false},"author":1,"featured_media":67019,"comment_status":"closed","ping_status":"closed","sticky":false,"template":"","format":"standard","meta":{"footnotes":"","jetpack_publicize_message":"","jetpack_publicize_feature_enabled":true,"jetpack_social_post_already_shared":false,"jetpack_social_options":{"image_generator_settings":{"template":"highway","default_image_id":0,"font":"","enabled":false},"version":2}},"categories":[10],"tags":[],"class_list":["post-67016","post","type-post","status-publish","format-standard","has-post-thumbnail","hentry","category-tamaulipas"],"jetpack_publicize_connections":[],"_links":{"self":[{"href":"https:\/\/www.buroperiodistico.com.mx\/index.php?rest_route=\/wp\/v2\/posts\/67016","targetHints":{"allow":["GET"]}}],"collection":[{"href":"https:\/\/www.buroperiodistico.com.mx\/index.php?rest_route=\/wp\/v2\/posts"}],"about":[{"href":"https:\/\/www.buroperiodistico.com.mx\/index.php?rest_route=\/wp\/v2\/types\/post"}],"author":[{"embeddable":true,"href":"https:\/\/www.buroperiodistico.com.mx\/index.php?rest_route=\/wp\/v2\/users\/1"}],"replies":[{"embeddable":true,"href":"https:\/\/www.buroperiodistico.com.mx\/index.php?rest_route=%2Fwp%2Fv2%2Fcomments&post=67016"}],"version-history":[{"count":0,"href":"https:\/\/www.buroperiodistico.com.mx\/index.php?rest_route=\/wp\/v2\/posts\/67016\/revisions"}],"wp:featuredmedia":[{"embeddable":true,"href":"https:\/\/www.buroperiodistico.com.mx\/index.php?rest_route=\/wp\/v2\/media\/67019"}],"wp:attachment":[{"href":"https:\/\/www.buroperiodistico.com.mx\/index.php?rest_route=%2Fwp%2Fv2%2Fmedia&parent=67016"}],"wp:term":[{"taxonomy":"category","embeddable":true,"href":"https:\/\/www.buroperiodistico.com.mx\/index.php?rest_route=%2Fwp%2Fv2%2Fcategories&post=67016"},{"taxonomy":"post_tag","embeddable":true,"href":"https:\/\/www.buroperiodistico.com.mx\/index.php?rest_route=%2Fwp%2Fv2%2Ftags&post=67016"}],"curies":[{"name":"wp","href":"https:\/\/api.w.org\/{rel}","templated":true}]}}