{"id":67012,"date":"2023-07-13T18:33:43","date_gmt":"2023-07-14T00:33:43","guid":{"rendered":"https:\/\/www.buroperiodistico.com.mx\/?p=67012"},"modified":"2023-07-13T18:33:43","modified_gmt":"2023-07-14T00:33:43","slug":"llega-a-tamaulipas-polvo-del-sahara","status":"publish","type":"post","link":"https:\/\/www.buroperiodistico.com.mx\/?p=67012","title":{"rendered":"Llega a Tamaulipas polvo del Sahara"},"content":{"rendered":"<p><em><strong><img loading=\"lazy\" decoding=\"async\" class=\" wp-image-67014 alignright\" src=\"https:\/\/www.buroperiodistico.com.mx\/wp-content\/uploads\/2023\/07\/polvox.jpg\" alt=\"\" width=\"602\" height=\"357\" srcset=\"https:\/\/www.buroperiodistico.com.mx\/wp-content\/uploads\/2023\/07\/polvox.jpg 1024w, https:\/\/www.buroperiodistico.com.mx\/wp-content\/uploads\/2023\/07\/polvox-300x178.jpg 300w, https:\/\/www.buroperiodistico.com.mx\/wp-content\/uploads\/2023\/07\/polvox-768x455.jpg 768w\" sizes=\"auto, (max-width: 602px) 100vw, 602px\" \/>Ciudad Victoria, Tamaulipas (13-Julio-2023).-<\/strong><\/em> El \u00e1rea de Meteorolog\u00eda de la Coordinaci\u00f3n Estatal de Protecci\u00f3n Civil Tamaulipas, ha informado sobre el fen\u00f3meno \u201cPolvo del Sahara\u201d, que se presenta cada a\u00f1o en estas fechas y que impacta al estado debido a su localizaci\u00f3n geogr\u00e1fica.<\/p>\n<p>Se espera que el d\u00eda jueves en el trascurso de la tarde y durante los siguientes cuatros d\u00edas se pueda empezar a percibir las part\u00edculas de polvo que viajan desde el desierto del Sahara y que arriban al pa\u00eds principalmente por el caribe mexicano, para despu\u00e9s dirigirse hacia el norte cruzando por los estados de la costa y otros del centro hasta llegar a Estados Unidos.<\/p>\n<p>Las recomendaciones que se han emitido por parte de Protecci\u00f3n Civil Tamaulipas son las siguientes:<\/p>\n<p>\u2022 Disminuir la exposici\u00f3n al ambiente.<br \/>\n\u2022 Usar preferentemente lentes para protecci\u00f3n de la vista.<br \/>\n\u2022 Lavarse las manos constantemente y evitar tocar los ojos.<br \/>\n\u2022 Mantener tapados los recipientes con agua alg\u00fan otro l\u00edquido.<br \/>\n\u2022 Evitar sacudir objetos que se encuentren expuestos al ambiente.<\/p>\n<p>Aunque no representa un alto riesgo para la ciudadan\u00eda, si es importante seguir las recomendaciones de las autoridades para evitar cualquier afectaci\u00f3n en el organismo.<\/p>\n<p>El coordinador estatal de Protecci\u00f3n Civil, Luis Gerardo Gonz\u00e1lez de la Fuente, ha comentado que se monitorea este fen\u00f3meno y conforme se vaya desarrollando se estar\u00e1 informando de manera oportuna a la poblaci\u00f3n mediante las plataformas digitales y medios oficiales del Gobierno del Estado.<\/p>\n<p>As\u00ed mismo, el secretario general de Gobierno, H\u00e9ctor Joel Villegas Gonz\u00e1lez, establece permanente comunicaci\u00f3n con la coordinaci\u00f3n estatal para evaluar la situaci\u00f3n y responder en caso de ser necesario ante la presencia de este fen\u00f3meno.<\/p>\n<p><img loading=\"lazy\" decoding=\"async\" class=\"aligncenter size-full wp-image-67013\" src=\"https:\/\/www.buroperiodistico.com.mx\/wp-content\/uploads\/2023\/07\/polvox-I.jpg\" alt=\"\" width=\"480\" height=\"480\" srcset=\"https:\/\/www.buroperiodistico.com.mx\/wp-content\/uploads\/2023\/07\/polvox-I.jpg 480w, https:\/\/www.buroperiodistico.com.mx\/wp-content\/uploads\/2023\/07\/polvox-I-300x300.jpg 300w, https:\/\/www.buroperiodistico.com.mx\/wp-content\/uploads\/2023\/07\/polvox-I-150x150.jpg 150w\" sizes=\"auto, (max-width: 480px) 100vw, 480px\" \/><\/p>\n","protected":false},"excerpt":{"rendered":"<p>Ciudad Victoria, Tamaulipas (13-Julio-2023).- El \u00e1rea de Meteorolog\u00eda de la Coordinaci\u00f3n Estatal de Protecci\u00f3n Civil&#8230;<\/p>\n","protected":false},"author":1,"featured_media":67014,"comment_status":"closed","ping_status":"closed","sticky":false,"template":"","format":"standard","meta":{"footnotes":"","jetpack_publicize_message":"","jetpack_publicize_feature_enabled":true,"jetpack_social_post_already_shared":false,"jetpack_social_options":{"image_generator_settings":{"template":"highway","default_image_id":0,"font":"","enabled":false},"version":2}},"categories":[10],"tags":[],"class_list":["post-67012","post","type-post","status-publish","format-standard","has-post-thumbnail","hentry","category-tamaulipas"],"jetpack_publicize_connections":[],"_links":{"self":[{"href":"https:\/\/www.buroperiodistico.com.mx\/index.php?rest_route=\/wp\/v2\/posts\/67012","targetHints":{"allow":["GET"]}}],"collection":[{"href":"https:\/\/www.buroperiodistico.com.mx\/index.php?rest_route=\/wp\/v2\/posts"}],"about":[{"href":"https:\/\/www.buroperiodistico.com.mx\/index.php?rest_route=\/wp\/v2\/types\/post"}],"author":[{"embeddable":true,"href":"https:\/\/www.buroperiodistico.com.mx\/index.php?rest_route=\/wp\/v2\/users\/1"}],"replies":[{"embeddable":true,"href":"https:\/\/www.buroperiodistico.com.mx\/index.php?rest_route=%2Fwp%2Fv2%2Fcomments&post=67012"}],"version-history":[{"count":0,"href":"https:\/\/www.buroperiodistico.com.mx\/index.php?rest_route=\/wp\/v2\/posts\/67012\/revisions"}],"wp:featuredmedia":[{"embeddable":true,"href":"https:\/\/www.buroperiodistico.com.mx\/index.php?rest_route=\/wp\/v2\/media\/67014"}],"wp:attachment":[{"href":"https:\/\/www.buroperiodistico.com.mx\/index.php?rest_route=%2Fwp%2Fv2%2Fmedia&parent=67012"}],"wp:term":[{"taxonomy":"category","embeddable":true,"href":"https:\/\/www.buroperiodistico.com.mx\/index.php?rest_route=%2Fwp%2Fv2%2Fcategories&post=67012"},{"taxonomy":"post_tag","embeddable":true,"href":"https:\/\/www.buroperiodistico.com.mx\/index.php?rest_route=%2Fwp%2Fv2%2Ftags&post=67012"}],"curies":[{"name":"wp","href":"https:\/\/api.w.org\/{rel}","templated":true}]}}