{"id":67001,"date":"2023-07-13T18:14:42","date_gmt":"2023-07-14T00:14:42","guid":{"rendered":"https:\/\/www.buroperiodistico.com.mx\/?p=67001"},"modified":"2023-07-13T18:14:42","modified_gmt":"2023-07-14T00:14:42","slug":"presidio-alcalde-carlos-pena-ortiz-graduacion-de-ninos-de-caic-reynosa","status":"publish","type":"post","link":"https:\/\/www.buroperiodistico.com.mx\/?p=67001","title":{"rendered":"Presidi\u00f3 Alcalde Carlos Pe\u00f1a Ortiz graduaci\u00f3n de ni\u00f1os de CAIC Reynosa"},"content":{"rendered":"<ul>\n<li><strong><em>Cerca de Mil egresados en 16 instituciones de educaci\u00f3n preescolar.<\/em><\/strong><\/li>\n<\/ul>\n<p><strong><img loading=\"lazy\" decoding=\"async\" class=\" wp-image-67010 alignright\" src=\"https:\/\/www.buroperiodistico.com.mx\/wp-content\/uploads\/2023\/07\/CPOx-5.jpg\" alt=\"\" width=\"588\" height=\"315\" srcset=\"https:\/\/www.buroperiodistico.com.mx\/wp-content\/uploads\/2023\/07\/CPOx-5.jpg 1024w, https:\/\/www.buroperiodistico.com.mx\/wp-content\/uploads\/2023\/07\/CPOx-5-300x161.jpg 300w, https:\/\/www.buroperiodistico.com.mx\/wp-content\/uploads\/2023\/07\/CPOx-5-768x412.jpg 768w\" sizes=\"auto, (max-width: 588px) 100vw, 588px\" \/>Por Iv\u00e1n Dom\u00ednguez\/13-Julio-2023<\/strong><\/p>\n<p><strong>Reynosa, Tam.-<\/strong> El Alcalde Carlos Pe\u00f1a Ortiz presidi\u00f3 la ceremonia de graduaci\u00f3n de 968 ni\u00f1os con grado de preescolar a trav\u00e9s de 16 Centros de Atenci\u00f3n Infantil Comunitarios, que los prepar\u00f3 en el ciclo escolar 2022-2023 bajo la coordinaci\u00f3n del Sistema para el Desarrollo Integral de la Familia, DIF-Reynosa.<\/p>\n<p>\u00abUstedes son el futuro de todos nosotros y lo que buscamos como Gobierno es que dentro de 10 o 15 a\u00f1os todos los j\u00f3venes sean profesionistas o tengan una carrera t\u00e9cnica\u00bb, dijo el Presidente Municipal este jueves 13 de julio.<\/p>\n<p>Con la presencia del Presidente del Patronato del Sistema para el Desarrollo Integral de la Familia, DIF-Reynosa, Carlos Luis Pe\u00f1a Garza, dijo el Alcalde: \u00ables voy a agradecer a los padres aqu\u00ed presentes, su esfuerzo y su compromiso, porque son los que est\u00e1n atentos y cuidan a sus hijos\u00bb, agreg\u00f3 y reiter\u00f3 que todo lo que hace su Gobierno es por los ni\u00f1os de Reynosa.<\/p>\n<p>\u00abLo m\u00e1s importante y necesario es la inversi\u00f3n que hacemos en educaci\u00f3n los gobiernos y ustedes como padres de familia\u00bb, dijo el Presidente Municipal en su mensaje a los peque\u00f1os alumnos, sus padres y Maestros.<\/p>\n<p>En la graduaci\u00f3n de ni\u00f1os de CAIC, participaron la Directora del DIF-Reynosa, Gabriela Rosas Blanco; el Coordinador de los Centros de Atenci\u00f3n Infantil Comunitarios, Profesor Miguel \u00c1ngel Puga Hern\u00e1ndez y el Regidor Jaime Arratia Banda, Coordinador de la Comisi\u00f3n de Educaci\u00f3n en el Cabildo local.<\/p>\n<p>Los 968 alumnos Generaci\u00f3n 2022-2023, egresaron de dos turnos, de los CAIC, ubicados en: Almendros, Riveras del Carmen, Fundadores, Balcones de Alcal\u00e1, Pir\u00e1mides; Nuevo Amanecer, Corrales, Rancho Viejo, Nuevo M\u00e9xico ITAVU, Leyes de Reforma; Ram\u00f3n P\u00e9rez, Valle Soleado, Campanario, Campestre, Doroteo Arango y Casa Hogar Mami.<\/p>\n<p>El programa educativo gratuito llega a las colonias de m\u00e1s bajos recursos econ\u00f3micos y \u00e1rea suburbana, donde hay mayores carencias entre las familias, facilitando as\u00ed la preparaci\u00f3n inicial de la ni\u00f1ez reynosense a trav\u00e9s de los CAIC.<\/p>\n<p>#JuntosVolamosM\u00e1sAlto<\/p>\n<p><img loading=\"lazy\" decoding=\"async\" class=\"aligncenter size-full wp-image-67002\" src=\"https:\/\/www.buroperiodistico.com.mx\/wp-content\/uploads\/2023\/07\/CPOx-I-4.jpg\" alt=\"\" width=\"640\" height=\"426\" srcset=\"https:\/\/www.buroperiodistico.com.mx\/wp-content\/uploads\/2023\/07\/CPOx-I-4.jpg 640w, https:\/\/www.buroperiodistico.com.mx\/wp-content\/uploads\/2023\/07\/CPOx-I-4-300x200.jpg 300w\" sizes=\"auto, (max-width: 640px) 100vw, 640px\" \/> <img loading=\"lazy\" decoding=\"async\" class=\"aligncenter size-full wp-image-67008\" src=\"https:\/\/www.buroperiodistico.com.mx\/wp-content\/uploads\/2023\/07\/CPOx-IIIIIII-1.jpg\" alt=\"\" width=\"640\" height=\"426\" srcset=\"https:\/\/www.buroperiodistico.com.mx\/wp-content\/uploads\/2023\/07\/CPOx-IIIIIII-1.jpg 640w, https:\/\/www.buroperiodistico.com.mx\/wp-content\/uploads\/2023\/07\/CPOx-IIIIIII-1-300x200.jpg 300w\" sizes=\"auto, (max-width: 640px) 100vw, 640px\" \/> <img loading=\"lazy\" decoding=\"async\" class=\"aligncenter size-full wp-image-67007\" src=\"https:\/\/www.buroperiodistico.com.mx\/wp-content\/uploads\/2023\/07\/CPOx-IIIIII-1.jpg\" alt=\"\" width=\"640\" height=\"426\" srcset=\"https:\/\/www.buroperiodistico.com.mx\/wp-content\/uploads\/2023\/07\/CPOx-IIIIII-1.jpg 640w, https:\/\/www.buroperiodistico.com.mx\/wp-content\/uploads\/2023\/07\/CPOx-IIIIII-1-300x200.jpg 300w\" sizes=\"auto, (max-width: 640px) 100vw, 640px\" \/> <img loading=\"lazy\" decoding=\"async\" class=\"aligncenter size-full wp-image-67006\" src=\"https:\/\/www.buroperiodistico.com.mx\/wp-content\/uploads\/2023\/07\/CPOx-IIIII-1.jpg\" alt=\"\" width=\"640\" height=\"426\" srcset=\"https:\/\/www.buroperiodistico.com.mx\/wp-content\/uploads\/2023\/07\/CPOx-IIIII-1.jpg 640w, https:\/\/www.buroperiodistico.com.mx\/wp-content\/uploads\/2023\/07\/CPOx-IIIII-1-300x200.jpg 300w\" sizes=\"auto, (max-width: 640px) 100vw, 640px\" \/> <img loading=\"lazy\" decoding=\"async\" class=\"aligncenter size-full wp-image-67005\" src=\"https:\/\/www.buroperiodistico.com.mx\/wp-content\/uploads\/2023\/07\/CPOx-IIII-1.jpg\" alt=\"\" width=\"640\" height=\"426\" srcset=\"https:\/\/www.buroperiodistico.com.mx\/wp-content\/uploads\/2023\/07\/CPOx-IIII-1.jpg 640w, https:\/\/www.buroperiodistico.com.mx\/wp-content\/uploads\/2023\/07\/CPOx-IIII-1-300x200.jpg 300w\" sizes=\"auto, (max-width: 640px) 100vw, 640px\" \/> <img loading=\"lazy\" decoding=\"async\" class=\"aligncenter size-full wp-image-67004\" src=\"https:\/\/www.buroperiodistico.com.mx\/wp-content\/uploads\/2023\/07\/CPOx-III-2.jpg\" alt=\"\" width=\"640\" height=\"426\" srcset=\"https:\/\/www.buroperiodistico.com.mx\/wp-content\/uploads\/2023\/07\/CPOx-III-2.jpg 640w, https:\/\/www.buroperiodistico.com.mx\/wp-content\/uploads\/2023\/07\/CPOx-III-2-300x200.jpg 300w\" sizes=\"auto, (max-width: 640px) 100vw, 640px\" \/> <img loading=\"lazy\" decoding=\"async\" class=\"aligncenter size-full wp-image-67003\" src=\"https:\/\/www.buroperiodistico.com.mx\/wp-content\/uploads\/2023\/07\/CPOx-II-3.jpg\" alt=\"\" width=\"640\" height=\"426\" srcset=\"https:\/\/www.buroperiodistico.com.mx\/wp-content\/uploads\/2023\/07\/CPOx-II-3.jpg 640w, https:\/\/www.buroperiodistico.com.mx\/wp-content\/uploads\/2023\/07\/CPOx-II-3-300x200.jpg 300w\" sizes=\"auto, (max-width: 640px) 100vw, 640px\" \/> <img loading=\"lazy\" decoding=\"async\" class=\"aligncenter size-full wp-image-67009\" src=\"https:\/\/www.buroperiodistico.com.mx\/wp-content\/uploads\/2023\/07\/CPOx-IIIIIIII-1.jpg\" alt=\"\" width=\"640\" height=\"426\" srcset=\"https:\/\/www.buroperiodistico.com.mx\/wp-content\/uploads\/2023\/07\/CPOx-IIIIIIII-1.jpg 640w, https:\/\/www.buroperiodistico.com.mx\/wp-content\/uploads\/2023\/07\/CPOx-IIIIIIII-1-300x200.jpg 300w\" sizes=\"auto, (max-width: 640px) 100vw, 640px\" \/><\/p>\n","protected":false},"excerpt":{"rendered":"<p>Cerca de Mil egresados en 16 instituciones de educaci\u00f3n preescolar. Por Iv\u00e1n Dom\u00ednguez\/13-Julio-2023 Reynosa, Tam.-&#8230;<\/p>\n","protected":false},"author":1,"featured_media":67010,"comment_status":"closed","ping_status":"closed","sticky":false,"template":"","format":"standard","meta":{"footnotes":"","jetpack_publicize_message":"","jetpack_publicize_feature_enabled":true,"jetpack_social_post_already_shared":false,"jetpack_social_options":{"image_generator_settings":{"template":"highway","default_image_id":0,"font":"","enabled":false},"version":2}},"categories":[25,9],"tags":[],"class_list":["post-67001","post","type-post","status-publish","format-standard","has-post-thumbnail","hentry","category-portada","category-reynosa"],"jetpack_publicize_connections":[],"_links":{"self":[{"href":"https:\/\/www.buroperiodistico.com.mx\/index.php?rest_route=\/wp\/v2\/posts\/67001","targetHints":{"allow":["GET"]}}],"collection":[{"href":"https:\/\/www.buroperiodistico.com.mx\/index.php?rest_route=\/wp\/v2\/posts"}],"about":[{"href":"https:\/\/www.buroperiodistico.com.mx\/index.php?rest_route=\/wp\/v2\/types\/post"}],"author":[{"embeddable":true,"href":"https:\/\/www.buroperiodistico.com.mx\/index.php?rest_route=\/wp\/v2\/users\/1"}],"replies":[{"embeddable":true,"href":"https:\/\/www.buroperiodistico.com.mx\/index.php?rest_route=%2Fwp%2Fv2%2Fcomments&post=67001"}],"version-history":[{"count":0,"href":"https:\/\/www.buroperiodistico.com.mx\/index.php?rest_route=\/wp\/v2\/posts\/67001\/revisions"}],"wp:featuredmedia":[{"embeddable":true,"href":"https:\/\/www.buroperiodistico.com.mx\/index.php?rest_route=\/wp\/v2\/media\/67010"}],"wp:attachment":[{"href":"https:\/\/www.buroperiodistico.com.mx\/index.php?rest_route=%2Fwp%2Fv2%2Fmedia&parent=67001"}],"wp:term":[{"taxonomy":"category","embeddable":true,"href":"https:\/\/www.buroperiodistico.com.mx\/index.php?rest_route=%2Fwp%2Fv2%2Fcategories&post=67001"},{"taxonomy":"post_tag","embeddable":true,"href":"https:\/\/www.buroperiodistico.com.mx\/index.php?rest_route=%2Fwp%2Fv2%2Ftags&post=67001"}],"curies":[{"name":"wp","href":"https:\/\/api.w.org\/{rel}","templated":true}]}}