{"id":6700,"date":"2022-03-24T20:03:42","date_gmt":"2022-03-25T02:03:42","guid":{"rendered":"https:\/\/www.buroperiodistico.com.mx\/?p=6700"},"modified":"2022-03-24T20:03:42","modified_gmt":"2022-03-25T02:03:42","slug":"en-concreto-por-angel-a-guerra-54","status":"publish","type":"post","link":"https:\/\/www.buroperiodistico.com.mx\/?p=6700","title":{"rendered":"EN CONCRETO\/ Por: \u00c1ngel A. Guerra"},"content":{"rendered":"<p style=\"text-align: center;\"><strong><em>Pese a todo: Morena 2-1<\/em><\/strong><\/p>\n<ul>\n<li><strong><em>L\u00edderes nacionales, en el registro del Dr. Am\u00e9rico<\/em><\/strong><\/li>\n<li><strong><em>Vienen, Mario Delgado, Karen Castrej\u00f3n y Anaya<\/em><\/strong><\/li>\n<li><strong><em>Encuestadoras \u2018patito\u2019 distribuyen n\u00fameros falsos<\/em><\/strong><\/li>\n<li><strong><em>Arde \u2018El Cielo\u2019, \u00bfy Cabeza?&#8230; en la \u2018grilla\u2019 panista<\/em><\/strong><\/li>\n<li><strong><em>Avanza la construcci\u00f3n del Centro para Migrantes<\/em><\/strong><\/li>\n<\/ul>\n<p>\u201cEstamos bien, vamos bien: las encuestadoras serias nos confirman que Morena ganar\u00eda ahora la elecci\u00f3n en una proporci\u00f3n de 2-1\u201d, asegur\u00f3 ayer en conferencia de prensa el Delegado estatal ERNESTO PALACIOS CORDERO, al anunciar la presencia de los l\u00edderes nacionales de Morena, PVEM y PT en el registro del Dr. AM\u00c9RICO VILLARREAL ANAYA este domingo en la capital del estado.<\/p>\n<p>En efecto, MARIO DELGADO CARRILLO, presidente nacional de Morena; KAREN CASTREJ\u00d3N, del PVEM, y ALBERTO ANAYA, del PT, confirmaron su asistencia en el procero de registro del Dr. AM\u00c9RICO VILLARREAL ANAYA en las instalaciones del IETAM, este domingo a las cuatro de la tarde.<\/p>\n<p>Al mismo tiempo, el Delegado PALACIOS CORDERO afirm\u00f3 que Morena est\u00e1 en el tiempo de las definiciones:<\/p>\n<p>\u201cEs ahora\u201d, puntualiz\u00f3 el representante de la dirigencia nacional, al sustentar que quienes mantienen conductas ambiguas respecto a su sentido de pertenencia pol\u00edtica, deben definirse ahora.<\/p>\n<p>\u201cEl precandidato de Morena es el Dr. AM\u00c9RICO VILLARREAL ANAYA. No caben vacilaciones. El tiempo de las definiciones ya est\u00e1 aqu\u00ed. Es ahora\u201d, refrend\u00f3.<\/p>\n<p>Al mismo tiempo, el dirigente estatal del Partido Verde Ecologista, MANUEL MU\u00d1OZ CANO, exigi\u00f3 que el gobernador atienda sus responsabilidades, pues lament\u00f3 que mientras la reserva natural de \u201cEl Cielo\u201d se consume en un desastre ecol\u00f3gico por una serie de incendios forestales, el gobernador FRANCISCO N est\u00e1 m\u00e1s preocupado por la suerte que corra en su proceso de desafuero en la Suprema Corte de Justicia de la Naci\u00f3n, que por atender esta cat\u00e1strofe que da\u00f1a ese patrimonio natural de la humanidad.<\/p>\n<p>Sin embargo, dijo que aunque el gobierno del estado est\u00e1 interesado m\u00e1s en asuntos pol\u00edticos, que en la problem\u00e1tica de los tamaulipecos, el gobierno federal envi\u00f3 un helic\u00f3ptero para combatir los incendios que ya destruyeron cientos de hect\u00e1reas en la bi\u00f3sfera de \u201cEl Cielo\u201d.<\/p>\n<p style=\"text-align: center;\"><strong><em>LA PESCA, EL AFFAIRE<\/em><\/strong><\/p>\n<p>De otro lado, mientras la Suprema Corte de Justicia de la Naci\u00f3n resolv\u00eda el proceso de desafuero que se instruye contra el gobernador FRANCISCO N, el escandaloso \u201cdespojo\u201d de tierras a pescadores de La Pesca, lleg\u00f3 como tema aa las conferencias ma\u00f1aneras del Presidente ANDR\u00c9S MANUEL L\u00d3PEZ OBRADOR, quien encarg\u00f3 al Secretario de Gobernaci\u00f3n, AUGUSTO L\u00d3PEZ HERN\u00c1NDEZ, dar seguimiento a la solicitud de justicia por parte de los afectados por la \u201cexpropiaci\u00f3n\u201d del gobernador FRANCISCO N.<\/p>\n<p>As\u00ed, FRANCISCO N suma este otro affaire a la lista de investigaciones que realiza el gobierno de la Cuarta Transformaci\u00f3n.<\/p>\n<p style=\"text-align: center;\"><strong><em>CASI LISTO, EL CENTRO MUNICIPAL <\/em><em>DE ATENCI\u00d3N A MIGRANTES<\/em><\/strong><\/p>\n<p>En Reynosa, por cierto, el Alcalde CARLOS PE\u00d1A ORTIZ confirm\u00f3 que su Gobierno aporta el 90% del presupuesto de construcci\u00f3n de El Centro Municipal de Atenci\u00f3n a Migrantes, cuya planeaci\u00f3n inici\u00f3 con la anterior administraci\u00f3n y en el que se recibe apoyo de Organizaciones No Gubernamentales de los Estados Unidos.<\/p>\n<p>\u00abHemos invertido bastante en este nuevo centro, aunque no nos corresponda\u00bb, recalc\u00f3 el Alcalde, quien marc\u00f3 el genuino inter\u00e9s de su Gobierno por atender las necesidades humanitarias de los hermanos migrantes, que tras grandes dificultades han llegado a esta ciudad para cruzar a la naci\u00f3n vecina.<\/p>\n<p>CARLOS PE\u00d1A ORTIZ dio a conocer que el centro de atenci\u00f3n registra un avance del 80% de su construcci\u00f3n y que aunque la migraci\u00f3n no es un tema que corresponda al Municipio, lo importante es extender el manto humanitario a quienes hacen una parada temporal en su migraci\u00f3n hacia los Estados Unidos.<\/p>\n<p>\u201cProteger a los migrantes pues es un tema que duele a los reynosenses\u201d, puntualiz\u00f3 el presidente municipal.<\/p>\n<p>\u00abEs un tema de seguridad, salud y de que aqu\u00ed estar\u00e1n mejor en lo que arreglan su situaci\u00f3n migratoria\u201d,\u00a0 a\u00f1adi\u00f3 el Presidente de Reynosa, quien recorri\u00f3 las instalaciones acompa\u00f1ado por la Hermana NORMA PIMENTEL, representante de los Misioneros de Jes\u00fas, y por el Pastor H\u00c9CTOR SILVA, responsable del refugio Senda de Vida, quienes reconocieron p\u00fablicamente el trabajo del Gobierno del Presidente CARLOS PE\u00d1A ORTIZ a favor de los migrantes.<\/p>\n<p style=\"text-align: center;\"><strong><em>ARRANCA BECAS DE TITULACI\u00d3N<\/em><\/strong><\/p>\n<p>A prop\u00f3sito de Reynosa,\u00a0 el Ayuntamiento que preside el Alcalde CARLOS PE\u00d1A\u00a0 ORTIZ, puso en marcha el registro de las becas de titulaci\u00f3n a partir de este jueves 24 de marzo y hasta el 26 del mismos mes, donde los j\u00f3venes interesados podr\u00e1n registrarse.<\/p>\n<p>Con el arranque en l\u00ednea a trav\u00e9s de la p\u00e1gina https:\/\/www.reynosa.gob.mx\/becatitulacion\/,\u00a0 los interesados habr\u00e1n de conocer los requisitos e ingresar su informaci\u00f3n a dicho programa.<\/p>\n<p>El Profesor JORGE GUADALUPE ACU\u00d1A TOB\u00cdAS, Secretario de Organizaci\u00f3n II del SNTE, Secci\u00f3n 30, reconoci\u00f3 el alcance del Programa de Becas de Titulaci\u00f3n en Educaci\u00f3n Superior 2022, con la participaci\u00f3n de estudiantes y representantes de instituciones educativas de nivel universitario.<\/p>\n<p>\u00abEl Programa de Becas en Reynosa es el m\u00e1s completo a nivel estatal y nacional; Presidente CARLOS PE\u00d1A ORTIZ, los Maestros del SNTE volvemos a reiterar p\u00fablicamente que cuentas con nosotros porque apoyando a los estudiantes tambi\u00e9n lo haces con los Maestros\u00bb, dijo ACU\u00d1A TOB\u00cdAS.<\/p>\n<p>Es as\u00ed como el Presidente Municipal CARLOS PE\u00d1A ORTIZ, acompa\u00f1ado por Cabildo, funcionarios, representantes de universidades, estudiantes y el SNTE, arranc\u00f3 el registro de las becas de titulaci\u00f3n, que permitir\u00e1 tener profesionistas certificados.<\/p>\n<p style=\"text-align: center;\"><strong><em>MATAMOROS: B\u00c1SICO Y MEDIO <\/em><em>SUPERIOR, REGRESO A CLASES<\/em><\/strong><\/p>\n<p>Por cierto, el Ayuntamiento de Matamoros aprob\u00f3 los proyectos de acuerdo y las reglas de operaci\u00f3n de los Programas Regreso a Clases en Educaci\u00f3n B\u00e1sica y Regreso a Clases en Educaci\u00f3n Media Superior.<\/p>\n<p>En las sesiones realizadas en el auditorio \u201cPedro S\u00e1enz Gonz\u00e1lez\u201d encabezadas por el Presidente Municipal, se dio lectura al dictamen para la aprobaci\u00f3n de los citados programas y sus reglas de operaci\u00f3n, estableciendo que:<\/p>\n<p>El Plan Municipal de Desarrollo 2021-2024 aprobado por el Ayuntamiento en la Novena Sesi\u00f3n Ordinaria celebrada el 22 de diciembre de 2021 y publicada en el Peri\u00f3dico Oficial con fecha 27 de enero de 2022, fundamentado en cuatro ejes rectores y cuatro transversales.<\/p>\n<p>De ellos se desprenden las estrategias para que el Municipio logre avanzar con sus programas alineados a los gobiernos federal, estatal, mismo que contiene el eje rector relativo a Educaci\u00f3n, Ciencia, Valores, y Cultura, que en su apartado 8.2 comprende el Programa 2.6 denominado Regreso a Clases.<\/p>\n<p>Los proyectos de acuerdo para los citados programas de educaci\u00f3n b\u00e1sica y medio superior fueron aprobados por unanimidad, destacando que los recursos que se aplicar\u00e1n se encuentra incluidos en el Presupuesto de Egresos del Municipio de Matamoros, Tamaulipas, para el ejercicio Fiscal 2022.<\/p>\n<p style=\"text-align: center;\"><strong><em>COLECTOR RIBERE\u00d1O SOLUCIONAR\u00c1 <\/em><em>EN NLD, BROTE DE AGUAS NEGRAS <\/em><\/strong><\/p>\n<p>En otro tema, deje decirle que en Nuevo Laredo, la Comisi\u00f3n Municipal de Agua Potable y Alcantarillado (COMAPA), pondr\u00e1 fin a la problem\u00e1tica de brote de aguas negras en bulevar Colosio Norponiente al rehabilitar durante esta administraci\u00f3n, el Colector Ribere\u00f1o.<\/p>\n<p>Con una inversi\u00f3n de m\u00e1s de 25 millones de pesos, la COMAPA rehabilitar\u00e1 m\u00e1s de 3 kil\u00f3metros con tuber\u00eda de PVC, la cual dar\u00e1 m\u00e1s de 40 a\u00f1os de vida \u00fatil al colector y evitar\u00e1 hundimientos, socavones as\u00ed como el brote de aguas negras en las sectores aleda\u00f1os.<\/p>\n<p>Aunado a los trabajos que se realizan para dar soluci\u00f3n a la problem\u00e1tica que se presenta, se dar\u00e1 seguimiento puntual a los reportes y realizar\u00e1n desazolves una vez por semana para bajar niveles en el colector por el tiempo en el que se termina la obra.<\/p>\n<p>Cabe mencionar que en octubre de 2021, se dio arranque a la obra de rehabilitaci\u00f3n, empezando en Calle Victoria, desde la Calle Escobedo hasta la Avenida Corona, la cual est\u00e1 por concluir.<\/p>\n<p>Las colonias que comprenden los trabajos de rehabilitaci\u00f3n de este colector por parte de COMAPA son: Centro, Hidalgo y Roma.<\/p>\n<p style=\"text-align: center;\"><strong><em>PAN \u201cSE DESPACHA\u201d LAS <\/em><em>MEJORES COMISIONES LEGISLATIVAS<\/em><\/strong><\/p>\n<p>Como era de esperarse y como generalmente ocurre con los Grupos Parlamentarios que hacen mayor\u00eda en el Congreso local \u2013y en el caso del PAN, \u2018haiga sido como haiga sido\u201d&#8211;, los diputados de Acci\u00f3n Nacional se alzaron con las mejores Comisiones de la 65 Legislatura.<\/p>\n<p>Es decir, solo se las \u201carrebataron\u201d a los morenistas que las detentaban tras aquella repartici\u00f3n hecha por el diputado ARMANDO ZERTUCHE ZUANI en sus tiempos de gloria, y en cuya lista el propio ARMANDO, en su calidad de presidente de la Junta de Coordinaci\u00f3n Pol\u00edtica, ocupaba las de mayor alto rango, tal como se las auto-adjudic\u00f3 ahora el nuevo presidente de las Jucopo, el panista F\u00c9LIX FERNANDO \u2018El Moyo\u2019 GARC\u00cdA AGUIAR, quien solo para abrir boca se \u201cdespach\u00f3\u201d la presidencia de la important\u00edsima Comisi\u00f3n Instructora, mque tiene a su cargo la aplicaci\u00f3n de juicio pol\u00edtico contra los funcionarios del Estado.<\/p>\n<p>Es decir, esta Comisi\u00f3n tendr\u00eda a su cargo el enjuiciamiento local del gobernador FRANCISCO N, pero como dicha representaci\u00f3n ya cambi\u00f3 de color, pues ahora har\u00e1 todo lo contrario a lo que los tamaulipecos desean, en el sentido de que el gobernador FRANCISCO N responde por las imputaciones de la Fiscal\u00eda General de la Rep\u00fablica y la Unidad de Inteligencia Financiera.<\/p>\n<p>Y, \u00a1por supuesto!, otra de las Comisiones m\u00e1s importantes de la Legislatura, la de Gobernaci\u00f3n, se le asign\u00f3 al presidente del CDE del PAN, LUIS REN\u00c9 \u201cEl Cachorro\u201d CANT\u00da GALV\u00c1N, quien poco falt\u00f3 para que se calzara los guantes de box en el zipizape de los diputados.<\/p>\n<p>En Seguridad P\u00fablica, Prevenci\u00f3n y Readaptaci\u00f3n Social, se respet\u00f3 al reynosense MARCO GALLEGOS GALV\u00c1N, aqu\u00e9l morenista que vot\u00f3 contra la propuesta de su af\u00edn HUMBERTO PRIETO HERRERA, desatando la primera tormenta al interior del Grupo Pol\u00edtico de Reynosa.<\/p>\n<p>Y mire usted cu\u00e1nta generosidad: el nuevo presidente de las Jucopo, quien se presume \u201cpalome\u00f3\u201d la nueva lista de Comisiones, asign\u00f3 la presidencia de la de Finanzas, Planeaci\u00f3n, Presupuesto y Deuda P\u00fablica a favor de la priista ALEJANDRA C\u00c1RDENAS CASTILLEJOS, lo cual indica que el PAN empez\u00f3 a pagar los favores de la coalici\u00f3n pol\u00edtica al PRI, pues EDGAR MELHEM SALINAS, el presidente del Directivo estatal del PRI, se mantiene como presidente de la Comisi\u00f3n de Desarrollo Rural.<\/p>\n<p>Por cierto, a C\u00c1RDENAS CASTILLEJOS tambi\u00e9n la \u201cpremiaron\u201d con la presidencia del Comit\u00e9 del Centro de Estudios de las Finanzas.<\/p>\n<p>Y bueno, la de Administraci\u00f3n se asign\u00f3 a la nueva Coordinadora del Grupo Parlamentario de Morena en la 65 Legislatura, diputada \u00daRSULA PATRICIA SALAZAR MOJICA, pero las Comisiones de Cultura y Deporte \u2013que no tienen mucha validez al interior del Congreso&#8211;, se asignaron a las diputadas morenistas GABRIELA REGALADO FUENTES y LETICIA VARGAS ALVARADO, mientras que Educaci\u00f3n se mantuvo en manos del morenista JUAN VITAL ROM\u00c1N MART\u00cdNEZ.<\/p>\n<p>Igual la Comisi\u00f3n de Salud, se asign\u00f3 a la morenista riobravense CASSANDRA PRISILLA DE LOS SANTOS FLORES, mientras que Desarrollo Sustentable y Comunicaciones, Transportes y Vialidad, fueron para los tambi\u00e9n diputados de Morena JAVIER VILLARREAL TER\u00c1N y GABRIELA REGALADO FUENTES.<\/p>\n<p>Turismo, al emecista GUSTAVO C\u00c1RDENAS GUTI\u00c9RREZ, mientras que Trabajo y Seguridad Social se entreg\u00f3 a la aguerrida diputada morenista reynosense MAGALY DE\u00c1NDAR ROBINSON, pero Justicia y Derechos Humanos las tienen los panistas F\u00c9LIX FERN\u00c1NDO GARC\u00cdA AGUIAR y LIDIA MART\u00cdNEZ L\u00d3PEZ.<\/p>\n<p>A HUMBERTO PRIETO HERRERA se le asign\u00f3 la presidencia de la Comisi\u00f3n de Asuntos Fronterizos y Migratorios, mientras que la de Atenci\u00f3n a Grupos Vulnerables volvi\u00f3 a quedar en manos de MARCO GALLEGOS; de otro lado y aunque nosotros ignoramos si finalmente ARMANDO ZERTUCHE se quedar\u00e1 en el Congreso o solicitar\u00e1 licencia para dedicarse al 100 a la campa\u00f1a de AM\u00c9RICO, en calidad de mientras se le asign\u00f3 la Comisi\u00f3n de Fomento al Comercio Exterior, lo cual muestra el \u201cbaj\u00f3n\u201d que le dieron en le Legislatura al diputado reynosense.<\/p>\n<p>Pero, la Comisi\u00f3n de Anticorrupci\u00f3n y Participaci\u00f3n Ciudadana, que en teor\u00eda deber\u00eda estar investigando las trapacer\u00edas del gobernador FRANCISCO N, qued\u00f3 en manos de la diputada panista MYRNA EDITH FLORES CANT\u00da, esposa de ALEJANDRO MAYNE, el Mayordomo del G\u00f3ber.<\/p>\n<p>Energ\u00eda y Cambio Clim\u00e1tico, que tiene mucho que ver con las Energ\u00edas Limpias, de las que pronto sabremos dentro de las indagatorias que realiza la FGR y la UIF en el expediente del Desafuero, se asign\u00f3 al l\u00edder estatal del PAN, LUIS REN\u00c9 CANT\u00da GALV\u00c1N, mientras que Puntos Constitucionales qued\u00f3\u00a0 en manos del \u201cMoyo\u201d GARC\u00cdA AGUIAR, junto con la de Estudios Legislativos, en tanto que, Asuntos Municipales, qued\u00f3 para la panista neolaredense IMELDA MARGARITA SANMIGUEL S\u00c1NCHEZ.<\/p>\n<p>Pero, la importante Comisi\u00f3n de Vigilancia de la Auditor\u00eda Superior, la detenta el diputado morenista JES\u00daS SU\u00c1REZ MATA.<\/p>\n<p>Finalmente, la Comisi\u00f3n Especial \u2013ojo&#8211;, para el Estudio y Posible Reforma Integral a la Constituci\u00f3n Pol\u00edtica del Estado de Tamaulipas, est\u00e1 en manos del panista F\u00c9LIX FERNANDO \u201cEl Moyo\u201d GARC\u00cdA AGUIAR.<\/p>\n<p>\u201cEl Moyo\u201d, por cierto, empez\u00f3 a jugar un papel estrat\u00e9gico dentro de la estructura pol\u00edtica del cabecismo, pues ahora le tocar\u00e1 a \u00e9l estructurar el andamiaje legislativo que le permita a FRANCISCO N caer \u201cen blandito\u201d cuando el gobierno de la Cuarta Transformaci\u00f3n le caiga con todo para desmantelar su imperio de papel.<\/p>\n<p style=\"text-align: center;\"><strong><em>PRESIDE<\/em><em> RECTOR DE LA UAT <\/em><em>REUNI\u00d3N CON LA PETROLERA BHP<\/em><\/strong><\/p>\n<p>Por \u00faltimo, el C. P. GUILLERMO MENDOZA CAVAZOS, Rector de la Universidad Aut\u00f3noma de Tamaulipas (UAT), recibi\u00f3 en el Centro Universitario Sur (Campus Tampico) la visita de directivos de la empresa petrolera BHP (Broken Hill Propietary).<\/p>\n<p>En la agenda de trabajo, organizada por la Secretar\u00eda General de la UAT, el Rector dio la bienvenida a TIMOTHY CALLAHAN, Director General de BHP Petr\u00f3leo Operaciones M\u00e9xico; STEPHAN DROUAUD, Director General del Proyecto Tri\u00f3n, as\u00ed como JUAN V\u00c1ZQUEZ, ALFONSO SOL\u00cdS y LEONARDO GARC\u00cdA, miembros del corporativo.<\/p>\n<p>Acompa\u00f1ado del Dr. EDUARDO ARVIZU S\u00c1NCHEZ, Secretario General, y la Dra. MARIANA ZER\u00d3N F\u00c9LIX, Secretaria de Investigaci\u00f3n y Posgrado, el C. P. MENDOZA CAVAZOS presidi\u00f3 la sesi\u00f3n en la que expuso a los directivos de BHP la vinculaci\u00f3n que sostiene la casa de estudios para contribuir con el sector productivo en el desarrollo de la entidad, fortaleciendo en estas acciones la formaci\u00f3n y especializaci\u00f3n de los profesionales.<\/p>\n<p>Durante la sesi\u00f3n efectuada en la sala de juntas del Edificio Administrativo del Centro Universitario Sur, correspondi\u00f3 al Dr. EDUARDO ARVIZU presentar el Plan de Desarrollo Institucional (PDI) 2022-2025 del Rector GUILLERMO MENDOZA CAVAZOS.<\/p>\n<p>El Secretario General de la Universidad destac\u00f3 entre los ejes sustantivos del PDI los relacionados con la creaci\u00f3n, transferencia y divulgaci\u00f3n de conocimiento, donde la UAT es l\u00edder en desarrollo de nueva tecnolog\u00eda y conocimiento que busca impactar en las distintas regiones de Tamaulipas.<\/p>\n<p>Puso de relieve que este acercamiento con la empresa petrolera BHP se lleva a cabo dentro de la vinculaci\u00f3n de la Universidad con los sectores productivos y, en este contexto, refiri\u00f3 tambi\u00e9n la participaci\u00f3n que ha sostenido la Facultad de Arquitectura, Dise\u00f1o y Urbanismo (FADU) en el desarrollo de cursos y capacitaciones con esta compa\u00f1\u00eda global, l\u00edder en la producci\u00f3n de petr\u00f3leo y en la miner\u00eda.<\/p>\n<p>Por hoy es todo, nos leemos ma\u00f1ana.<\/p>\n","protected":false},"excerpt":{"rendered":"<p>Pese a todo: Morena 2-1 L\u00edderes nacionales, en el registro del Dr. Am\u00e9rico Vienen, Mario&#8230;<\/p>\n","protected":false},"author":1,"featured_media":168,"comment_status":"open","ping_status":"open","sticky":false,"template":"","format":"standard","meta":{"footnotes":"","jetpack_publicize_message":"","jetpack_publicize_feature_enabled":true,"jetpack_social_post_already_shared":false,"jetpack_social_options":{"image_generator_settings":{"template":"highway","default_image_id":0,"font":"","enabled":false},"version":2}},"categories":[23],"tags":[],"class_list":["post-6700","post","type-post","status-publish","format-standard","has-post-thumbnail","hentry","category-columnas"],"jetpack_publicize_connections":[],"_links":{"self":[{"href":"https:\/\/www.buroperiodistico.com.mx\/index.php?rest_route=\/wp\/v2\/posts\/6700","targetHints":{"allow":["GET"]}}],"collection":[{"href":"https:\/\/www.buroperiodistico.com.mx\/index.php?rest_route=\/wp\/v2\/posts"}],"about":[{"href":"https:\/\/www.buroperiodistico.com.mx\/index.php?rest_route=\/wp\/v2\/types\/post"}],"author":[{"embeddable":true,"href":"https:\/\/www.buroperiodistico.com.mx\/index.php?rest_route=\/wp\/v2\/users\/1"}],"replies":[{"embeddable":true,"href":"https:\/\/www.buroperiodistico.com.mx\/index.php?rest_route=%2Fwp%2Fv2%2Fcomments&post=6700"}],"version-history":[{"count":0,"href":"https:\/\/www.buroperiodistico.com.mx\/index.php?rest_route=\/wp\/v2\/posts\/6700\/revisions"}],"wp:featuredmedia":[{"embeddable":true,"href":"https:\/\/www.buroperiodistico.com.mx\/index.php?rest_route=\/wp\/v2\/media\/168"}],"wp:attachment":[{"href":"https:\/\/www.buroperiodistico.com.mx\/index.php?rest_route=%2Fwp%2Fv2%2Fmedia&parent=6700"}],"wp:term":[{"taxonomy":"category","embeddable":true,"href":"https:\/\/www.buroperiodistico.com.mx\/index.php?rest_route=%2Fwp%2Fv2%2Fcategories&post=6700"},{"taxonomy":"post_tag","embeddable":true,"href":"https:\/\/www.buroperiodistico.com.mx\/index.php?rest_route=%2Fwp%2Fv2%2Ftags&post=6700"}],"curies":[{"name":"wp","href":"https:\/\/api.w.org\/{rel}","templated":true}]}}