{"id":66991,"date":"2023-07-13T15:14:11","date_gmt":"2023-07-13T21:14:11","guid":{"rendered":"https:\/\/www.buroperiodistico.com.mx\/?p=66991"},"modified":"2023-07-13T15:14:11","modified_gmt":"2023-07-13T21:14:11","slug":"guardia-estatal-brinda-apoyo-vial-ante-derrape-de-tractocamion","status":"publish","type":"post","link":"https:\/\/www.buroperiodistico.com.mx\/?p=66991","title":{"rendered":"Guardia Estatal brinda apoyo vial ante derrape de tractocami\u00f3n"},"content":{"rendered":"<p><em><strong><img loading=\"lazy\" decoding=\"async\" class=\" wp-image-66993 alignright\" src=\"https:\/\/www.buroperiodistico.com.mx\/wp-content\/uploads\/2023\/07\/Tractocx.jpg\" alt=\"\" width=\"597\" height=\"339\" srcset=\"https:\/\/www.buroperiodistico.com.mx\/wp-content\/uploads\/2023\/07\/Tractocx.jpg 1024w, https:\/\/www.buroperiodistico.com.mx\/wp-content\/uploads\/2023\/07\/Tractocx-300x170.jpg 300w, https:\/\/www.buroperiodistico.com.mx\/wp-content\/uploads\/2023\/07\/Tractocx-768x436.jpg 768w\" sizes=\"auto, (max-width: 597px) 100vw, 597px\" \/>Tula, Tamaulipas (13-Julio-2023).-<\/strong><\/em> Al efectuar recorridos de seguridad y vigilancia sobre la Carretera Federal 101 personal de la Guardia Estatal auxili\u00f3 al conductor de un tractocami\u00f3n que derrap\u00f3 fuera de la cinta asf\u00e1ltica a la altura del kil\u00f3metro 55.<\/p>\n<p>El hecho se registr\u00f3 sobre el tramo Tula-Victoria sin personas lesionadas.<\/p>\n<p>La unidad se dirig\u00eda a Tamazula, Jalisco desde el municipio de Altamira.<\/p>\n<p>Conduzca con precauci\u00f3n.<\/p>\n<p><img loading=\"lazy\" decoding=\"async\" class=\"aligncenter size-full wp-image-66992\" src=\"https:\/\/www.buroperiodistico.com.mx\/wp-content\/uploads\/2023\/07\/Tractocx-I.jpg\" alt=\"\" width=\"640\" height=\"288\" srcset=\"https:\/\/www.buroperiodistico.com.mx\/wp-content\/uploads\/2023\/07\/Tractocx-I.jpg 640w, https:\/\/www.buroperiodistico.com.mx\/wp-content\/uploads\/2023\/07\/Tractocx-I-300x135.jpg 300w\" sizes=\"auto, (max-width: 640px) 100vw, 640px\" \/><\/p>\n<div style=\"width: 640px;\" class=\"wp-video\"><video class=\"wp-video-shortcode\" id=\"video-66991-1\" width=\"640\" height=\"368\" preload=\"metadata\" controls=\"controls\"><source type=\"video\/mp4\" src=\"https:\/\/www.buroperiodistico.com.mx\/wp-content\/uploads\/2023\/07\/WhatsApp-Video-2023-07-13-at-4.08.56-PM.mp4?_=1\" \/><a href=\"https:\/\/www.buroperiodistico.com.mx\/wp-content\/uploads\/2023\/07\/WhatsApp-Video-2023-07-13-at-4.08.56-PM.mp4\">https:\/\/www.buroperiodistico.com.mx\/wp-content\/uploads\/2023\/07\/WhatsApp-Video-2023-07-13-at-4.08.56-PM.mp4<\/a><\/video><\/div>\n","protected":false},"excerpt":{"rendered":"<p>Tula, Tamaulipas (13-Julio-2023).- Al efectuar recorridos de seguridad y vigilancia sobre la Carretera Federal 101&#8230;<\/p>\n","protected":false},"author":1,"featured_media":66993,"comment_status":"closed","ping_status":"closed","sticky":false,"template":"","format":"standard","meta":{"footnotes":"","jetpack_publicize_message":"","jetpack_publicize_feature_enabled":true,"jetpack_social_post_already_shared":false,"jetpack_social_options":{"image_generator_settings":{"template":"highway","default_image_id":0,"font":"","enabled":false},"version":2}},"categories":[10],"tags":[],"class_list":["post-66991","post","type-post","status-publish","format-standard","has-post-thumbnail","hentry","category-tamaulipas"],"jetpack_publicize_connections":[],"_links":{"self":[{"href":"https:\/\/www.buroperiodistico.com.mx\/index.php?rest_route=\/wp\/v2\/posts\/66991","targetHints":{"allow":["GET"]}}],"collection":[{"href":"https:\/\/www.buroperiodistico.com.mx\/index.php?rest_route=\/wp\/v2\/posts"}],"about":[{"href":"https:\/\/www.buroperiodistico.com.mx\/index.php?rest_route=\/wp\/v2\/types\/post"}],"author":[{"embeddable":true,"href":"https:\/\/www.buroperiodistico.com.mx\/index.php?rest_route=\/wp\/v2\/users\/1"}],"replies":[{"embeddable":true,"href":"https:\/\/www.buroperiodistico.com.mx\/index.php?rest_route=%2Fwp%2Fv2%2Fcomments&post=66991"}],"version-history":[{"count":0,"href":"https:\/\/www.buroperiodistico.com.mx\/index.php?rest_route=\/wp\/v2\/posts\/66991\/revisions"}],"wp:featuredmedia":[{"embeddable":true,"href":"https:\/\/www.buroperiodistico.com.mx\/index.php?rest_route=\/wp\/v2\/media\/66993"}],"wp:attachment":[{"href":"https:\/\/www.buroperiodistico.com.mx\/index.php?rest_route=%2Fwp%2Fv2%2Fmedia&parent=66991"}],"wp:term":[{"taxonomy":"category","embeddable":true,"href":"https:\/\/www.buroperiodistico.com.mx\/index.php?rest_route=%2Fwp%2Fv2%2Fcategories&post=66991"},{"taxonomy":"post_tag","embeddable":true,"href":"https:\/\/www.buroperiodistico.com.mx\/index.php?rest_route=%2Fwp%2Fv2%2Ftags&post=66991"}],"curies":[{"name":"wp","href":"https:\/\/api.w.org\/{rel}","templated":true}]}}