{"id":66986,"date":"2023-07-13T15:12:17","date_gmt":"2023-07-13T21:12:17","guid":{"rendered":"https:\/\/www.buroperiodistico.com.mx\/?p=66986"},"modified":"2023-07-13T15:12:17","modified_gmt":"2023-07-13T21:12:17","slug":"alerta-circulacion-cerrada-en-autopista-reynosa-matamoros","status":"publish","type":"post","link":"https:\/\/www.buroperiodistico.com.mx\/?p=66986","title":{"rendered":"Alerta: Circulaci\u00f3n cerrada en autopista Reynosa-Matamoros"},"content":{"rendered":"<p><em><strong><img loading=\"lazy\" decoding=\"async\" class=\" wp-image-66989 alignright\" src=\"https:\/\/www.buroperiodistico.com.mx\/wp-content\/uploads\/2023\/07\/Alertax-1.jpg\" alt=\"\" width=\"571\" height=\"332\" srcset=\"https:\/\/www.buroperiodistico.com.mx\/wp-content\/uploads\/2023\/07\/Alertax-1.jpg 1024w, https:\/\/www.buroperiodistico.com.mx\/wp-content\/uploads\/2023\/07\/Alertax-1-300x174.jpg 300w, https:\/\/www.buroperiodistico.com.mx\/wp-content\/uploads\/2023\/07\/Alertax-1-768x446.jpg 768w\" sizes=\"auto, (max-width: 571px) 100vw, 571px\" \/>R\u00edo Bravo, Tamaulipas (13-Julio-2023).-<\/strong><\/em> Derivado de un accidente en el que particip\u00f3 un veh\u00edculo que transportaba nafta, compuesto derivado del petr\u00f3leo, la circulaci\u00f3n se encuentra cerrada en la autopista Reynosa-Matamoros.<\/p>\n<p>Personal de la Guardia Estatal en el municipio de R\u00edo Bravo acudi\u00f3 para brindar seguridad perimetral al personal de la Guardia Nacional y Protecci\u00f3n Civil y Bomberos, encargados de realizar las maniobras de retiro.<\/p>\n<p>Se estima que la circulaci\u00f3n permanezca cerrada durante las pr\u00f3ximas dos horas.<\/p>\n<p>Extreme precauciones al conducir por el \u00e1rea.<\/p>\n<p><img loading=\"lazy\" decoding=\"async\" class=\"aligncenter size-full wp-image-66987\" src=\"https:\/\/www.buroperiodistico.com.mx\/wp-content\/uploads\/2023\/07\/Alertax-I-1.jpg\" alt=\"\" width=\"640\" height=\"288\" srcset=\"https:\/\/www.buroperiodistico.com.mx\/wp-content\/uploads\/2023\/07\/Alertax-I-1.jpg 640w, https:\/\/www.buroperiodistico.com.mx\/wp-content\/uploads\/2023\/07\/Alertax-I-1-300x135.jpg 300w\" sizes=\"auto, (max-width: 640px) 100vw, 640px\" \/> <img loading=\"lazy\" decoding=\"async\" class=\"aligncenter size-full wp-image-66988\" src=\"https:\/\/www.buroperiodistico.com.mx\/wp-content\/uploads\/2023\/07\/Alertax-II-1.jpg\" alt=\"\" width=\"640\" height=\"360\" srcset=\"https:\/\/www.buroperiodistico.com.mx\/wp-content\/uploads\/2023\/07\/Alertax-II-1.jpg 640w, https:\/\/www.buroperiodistico.com.mx\/wp-content\/uploads\/2023\/07\/Alertax-II-1-300x169.jpg 300w\" sizes=\"auto, (max-width: 640px) 100vw, 640px\" \/><\/p>\n","protected":false},"excerpt":{"rendered":"<p>R\u00edo Bravo, Tamaulipas (13-Julio-2023).- Derivado de un accidente en el que particip\u00f3 un veh\u00edculo que&#8230;<\/p>\n","protected":false},"author":1,"featured_media":66989,"comment_status":"closed","ping_status":"closed","sticky":false,"template":"","format":"standard","meta":{"footnotes":"","jetpack_publicize_message":"","jetpack_publicize_feature_enabled":true,"jetpack_social_post_already_shared":false,"jetpack_social_options":{"image_generator_settings":{"template":"highway","default_image_id":0,"font":"","enabled":false},"version":2}},"categories":[13],"tags":[],"class_list":["post-66986","post","type-post","status-publish","format-standard","has-post-thumbnail","hentry","category-riobravo"],"jetpack_publicize_connections":[],"_links":{"self":[{"href":"https:\/\/www.buroperiodistico.com.mx\/index.php?rest_route=\/wp\/v2\/posts\/66986","targetHints":{"allow":["GET"]}}],"collection":[{"href":"https:\/\/www.buroperiodistico.com.mx\/index.php?rest_route=\/wp\/v2\/posts"}],"about":[{"href":"https:\/\/www.buroperiodistico.com.mx\/index.php?rest_route=\/wp\/v2\/types\/post"}],"author":[{"embeddable":true,"href":"https:\/\/www.buroperiodistico.com.mx\/index.php?rest_route=\/wp\/v2\/users\/1"}],"replies":[{"embeddable":true,"href":"https:\/\/www.buroperiodistico.com.mx\/index.php?rest_route=%2Fwp%2Fv2%2Fcomments&post=66986"}],"version-history":[{"count":0,"href":"https:\/\/www.buroperiodistico.com.mx\/index.php?rest_route=\/wp\/v2\/posts\/66986\/revisions"}],"wp:featuredmedia":[{"embeddable":true,"href":"https:\/\/www.buroperiodistico.com.mx\/index.php?rest_route=\/wp\/v2\/media\/66989"}],"wp:attachment":[{"href":"https:\/\/www.buroperiodistico.com.mx\/index.php?rest_route=%2Fwp%2Fv2%2Fmedia&parent=66986"}],"wp:term":[{"taxonomy":"category","embeddable":true,"href":"https:\/\/www.buroperiodistico.com.mx\/index.php?rest_route=%2Fwp%2Fv2%2Fcategories&post=66986"},{"taxonomy":"post_tag","embeddable":true,"href":"https:\/\/www.buroperiodistico.com.mx\/index.php?rest_route=%2Fwp%2Fv2%2Ftags&post=66986"}],"curies":[{"name":"wp","href":"https:\/\/api.w.org\/{rel}","templated":true}]}}