{"id":6698,"date":"2022-03-24T19:59:21","date_gmt":"2022-03-25T01:59:21","guid":{"rendered":"https:\/\/www.buroperiodistico.com.mx\/?p=6698"},"modified":"2022-03-24T19:59:21","modified_gmt":"2022-03-25T01:59:21","slug":"aqui-rio-bravo-por-daniel-enrique-romero-aleman-44","status":"publish","type":"post","link":"https:\/\/www.buroperiodistico.com.mx\/?p=6698","title":{"rendered":"AQU\u00cd R\u00cdO BRAVO\/ Por Daniel Enrique ROMERO ALEM\u00c1N\u00a0"},"content":{"rendered":"<p style=\"text-align: center;\"><em><strong>AHORITA ES LA MERA ESTRELLA\u00a0<\/strong><\/em><\/p>\n<p>En Suelo Riobravense muchos andamos enojados, encabronados y haciendo berrinches por los trabajos de introducci\u00f3n de tuber\u00eda de drenaje que realiza el gobierno del estado sobre la avenida \u201cConstituci\u00f3n\u201d, que es la que atraviesa el coraz\u00f3n de mi querido y adorado pueblo, y por lo tanto es muy transitada.<\/p>\n<p>Y algo similar con la avenida \u201cIndependencia\u201d pero un poco menos.<\/p>\n<p>Y si, esta cabr\u00f3n porque esa avenida ten\u00eda varios tramos de concreto hidr\u00e1ulico que nunca se da\u00f1\u00f3 con el correr de los a\u00f1os, pero las familias que viven a los costados no puede vivir entre la inmundicia y por eso era urgente reparar ese drenaje sanitario que desde hace muchos a\u00f1os ya era caduco.<\/p>\n<p>Sobre este tema le pregunt\u00e9 la tarde del mi\u00e9rcoles al Gerente General de la Comisi\u00f3n Municipal de Agua Potable y Alcantarillado EDGAR OLVERA, que me respondi\u00f3 que es una obra ajena al organismo operador que titula, que es por cuenta de la administraci\u00f3n estatal que espera entregarla para mediados de abril del presente a\u00f1o.<\/p>\n<p>Y que no hay de que preocuparse puesto que esas avenidas vehiculares volver\u00e1n a quedar igual que como estaba antes; y en un descuido hasta mejor.<\/p>\n<p>Edgar me coment\u00f3 que estuvo en Suelo Victorense en la ceremonia del \u201cD\u00eda del Agua\u201d que encabez\u00f3 el gobernador FRANCISCO JAVIER GARC\u00cdA CABEZA DE VACA, y aprovech\u00f3 la visita a la capital del estado para ver qu\u00e9 obras vienen y presentar proyectos que benefician enteramente al municipio.<\/p>\n<p>EL TEMA DE la salud no puede ser ajeno a nadie, sobre todo en este tiempo en que las cosas se han complicado debido a la pandemia.<\/p>\n<p>La Universidad Aut\u00f3noma de Tamaulipas le entr\u00f3 al tema y bien de la mano con la Comisi\u00f3n de Salud Fronteriza M\u00e9xico-Estados Unidos, formalizaron mediante la firma del convenio el acuerdo por contribuir en la formaci\u00f3n humana y profesional, el intercambio acad\u00e9mico y el desarrollo de proyectos cient\u00edficos y tecnol\u00f3gicos.<\/p>\n<p>Tan relevante evento tuvo lugar en la capital del estado en donde estuvieron presente el rector GUILLERMO MENDOZA CAVAZOS, y MAR\u00cdA GUDELIA RANGEL G\u00d3MEZ, presidenta ejecutiva de la Secci\u00f3n Mexicana de la Comisi\u00f3n de Salud Fronteriza.<\/p>\n<p>Como testigos de calidad la secretaria Estatal de Salud GLORIA MOLINA; el director de la Facultad de Medicina, Veterinaria y Zootecnia FLAVIANO BENEVIDES GONZ\u00c1LEZ; y el secretario general de la m\u00e1xima casa de estudios ADUARDO ARVIZU S\u00c1NCHEZ.<\/p>\n<p>El Rector dej\u00f3 claro que la Universidadtiene la capacidad y obligaci\u00f3n de incidir en la sociedad y colaborar con proyectos que busquen dar soluci\u00f3n pertinente a la problem\u00e1tica de salud p\u00fablica.<\/p>\n<p>Por su parte la doctora Rangel G\u00f3mez, manifest\u00f3 que la participaci\u00f3n entre ambas instituciones es de suma importancia en el desarrollo de la agenda de salud fronteriza, pues ser\u00e1 realizada a partir de las necesidades de salud de los diez estados de la regi\u00f3n fronteriza M\u00e9xico-Estados Unidos bajo los ejes de prevenci\u00f3n, investigaci\u00f3n y capacitaci\u00f3n.<\/p>\n<p>Presentes adem\u00e1s B\u00c1RBARA JIM\u00c9NEZ, comisionada del condado de San Diego en operaciones comunitarias; CECILIA ROSALES, decana de la Universidad de Arizona del Colegio de salud P\u00fablica; y MAR\u00cdA DE LA LUZ V\u00c1ZQUEZ SAUCEDA, jefa de la Direcci\u00f3n de la Facultad involucrada en este convenio.<\/p>\n<p>AL CUMPLIRSE este mi\u00e9rcoles 28 a\u00f1os del que fuera candidato presidencial del Partido Revolucionario Institucional Luis Donaldo Colosio Murrieta, el l\u00edder estatal EDGARDO MELHEM SALINAS, encabez\u00f3 la ceremonia luctuosa en donde afirm\u00f3 que el legado de Colosio sigue vigente y m\u00e1s vivo que nunca.<\/p>\n<p>El paisano Edgar acompa\u00f1ado por C\u00c9SAR VER\u00c1STEGUI OSTOS, as\u00ed como numerosa familia tricolor, montaron una guardia de honor en el busto de Colosio, ubicado en la explanada del comit\u00e9 estatal.<\/p>\n<p>Entrevistado previo a la ceremonia luctuosa, Edgar coment\u00f3 que tienen al mejor candidato que est\u00e1 haciendo su trabajo.<\/p>\n<p>Lleg\u00f3 adem\u00e1s la l\u00edder nacional de las mujeres priistas MONSERRAT ARCOS.<\/p>\n<p>\u201cEl Truko\u201d, que de momento no puede dar declaraciones, Usted ya sabe porque, se le vio muy sonriente, repartiendo abrazos y risas con distinguidos priistas que hasta se quisieron tomar la foto del recuerdo.<\/p>\n<p>SOBRE la llegada de \u00daRSULA PATRICIA SALAZAR MOJICA, como pastora del reba\u00f1o guinda en el Congreso del Estado, hubo m\u00faltiples comentarios y felicitaciones.<\/p>\n<p>No pod\u00eda faltar la de la paisana CASSANDRA DE LOS SANTOS, que en su cuenta de Facebook expres\u00f3: \u201cLe deseo el mayor de los \u00e9xitos a la diputada \u00darsula Patricia Salazar Mojica al asumir la coordinaci\u00f3n del Grupo Parlamentario de Morena en el Congreso del Estado Libre y Soberano de Tamaulipas; s\u00e9 que realizar\u00e1s un gran trabajo en tu nueva encomienda; como compa\u00f1era, amiga y hermana del coraz\u00f3n cuenta con todo mi respaldo; fuerza \u00darsula\u201d<\/p>\n<p>Quien estuviera en ese cargo tan importante ARMANDO ZERTUCHE ZUANI, no se quiso quedar atr\u00e1s y a trav\u00e9s de la misma red social dijo: \u201cQuiero felicitar a nuestra compa\u00f1era Diputada \u00darsula Patricia Salazar Mojica, por la nueva encomienda que a partir del d\u00eda de hoy llevar\u00e1 a cabo, con compromiso y entusiasmo llevar\u00e1 la Coordinaci\u00f3n del Grupo Parlamentario de Morena; muchas felicidades, enhorabuena, con mucho compromiso y dedicaci\u00f3n continuaremos esta Transformaci\u00f3n que merece Tamaulipas\u201d.<\/p>\n<p>LLEGAMOS tarde de los Estados Unidos de Norteam\u00e9rica, a donde fuimos despu\u00e9s de mucho tiempo, nada extraordinario solo a dar la vuelta y ver como andan las cosas por all\u00e1, sobre todo con la familia.<\/p>\n<p>Y nos regresamos satisfechos del recorrido.<\/p>\n<p>As\u00ed que nos quedamos cortos, con la entrega informativa de este jueves.<\/p>\n<p>PORQUE a\u00fan hay tiempo no se le pase felicitar este jueves con motivo de su cumplea\u00f1os a la que fuera mi compa\u00f1era de aula en el Cecyt 246 de Suelo Riobravense ROMELIA ALARC\u00d3N.<\/p>\n<p>Tambi\u00e9n cumplen a\u00f1os KARINA MEDRANO, y el buen cuate JOS\u00c9 GABRIEL CARRIZALES.<\/p>\n<p>Un monumental abrazo y que vengan muchos m\u00e1s.<\/p>\n<p>TERMINAMOS, PERO VOLVEREMOS\u2026D\u2026M\u2026<\/p>\n<p>Correo electr\u00f3nico: barre283@hotmail.com<\/p>\n","protected":false},"excerpt":{"rendered":"<p>AHORITA ES LA MERA ESTRELLA\u00a0 En Suelo Riobravense muchos andamos enojados, encabronados y haciendo berrinches&#8230;<\/p>\n","protected":false},"author":1,"featured_media":375,"comment_status":"open","ping_status":"open","sticky":false,"template":"","format":"standard","meta":{"footnotes":"","jetpack_publicize_message":"","jetpack_publicize_feature_enabled":true,"jetpack_social_post_already_shared":false,"jetpack_social_options":{"image_generator_settings":{"template":"highway","default_image_id":0,"font":"","enabled":false},"version":2}},"categories":[23],"tags":[],"class_list":["post-6698","post","type-post","status-publish","format-standard","has-post-thumbnail","hentry","category-columnas"],"jetpack_publicize_connections":[],"_links":{"self":[{"href":"https:\/\/www.buroperiodistico.com.mx\/index.php?rest_route=\/wp\/v2\/posts\/6698","targetHints":{"allow":["GET"]}}],"collection":[{"href":"https:\/\/www.buroperiodistico.com.mx\/index.php?rest_route=\/wp\/v2\/posts"}],"about":[{"href":"https:\/\/www.buroperiodistico.com.mx\/index.php?rest_route=\/wp\/v2\/types\/post"}],"author":[{"embeddable":true,"href":"https:\/\/www.buroperiodistico.com.mx\/index.php?rest_route=\/wp\/v2\/users\/1"}],"replies":[{"embeddable":true,"href":"https:\/\/www.buroperiodistico.com.mx\/index.php?rest_route=%2Fwp%2Fv2%2Fcomments&post=6698"}],"version-history":[{"count":0,"href":"https:\/\/www.buroperiodistico.com.mx\/index.php?rest_route=\/wp\/v2\/posts\/6698\/revisions"}],"wp:featuredmedia":[{"embeddable":true,"href":"https:\/\/www.buroperiodistico.com.mx\/index.php?rest_route=\/wp\/v2\/media\/375"}],"wp:attachment":[{"href":"https:\/\/www.buroperiodistico.com.mx\/index.php?rest_route=%2Fwp%2Fv2%2Fmedia&parent=6698"}],"wp:term":[{"taxonomy":"category","embeddable":true,"href":"https:\/\/www.buroperiodistico.com.mx\/index.php?rest_route=%2Fwp%2Fv2%2Fcategories&post=6698"},{"taxonomy":"post_tag","embeddable":true,"href":"https:\/\/www.buroperiodistico.com.mx\/index.php?rest_route=%2Fwp%2Fv2%2Ftags&post=6698"}],"curies":[{"name":"wp","href":"https:\/\/api.w.org\/{rel}","templated":true}]}}