{"id":66975,"date":"2023-07-13T14:54:34","date_gmt":"2023-07-13T20:54:34","guid":{"rendered":"https:\/\/www.buroperiodistico.com.mx\/?p=66975"},"modified":"2023-07-13T14:54:34","modified_gmt":"2023-07-13T20:54:34","slug":"realiza-dif-reynosa-ceremonia-de-graduacion-caic-del-ciclo-escolar-2022-2023","status":"publish","type":"post","link":"https:\/\/www.buroperiodistico.com.mx\/?p=66975","title":{"rendered":"Realiza DIF Reynosa ceremonia de Graduaci\u00f3n CAIC del ciclo escolar 2022-2023"},"content":{"rendered":"<ul>\n<li><strong><em>Egresan 968 alumnos de 16 CAIC.<\/em><\/strong><\/li>\n<\/ul>\n<p><strong><img loading=\"lazy\" decoding=\"async\" class=\" wp-image-66981 alignright\" src=\"https:\/\/www.buroperiodistico.com.mx\/wp-content\/uploads\/2023\/07\/DIFx-4.jpg\" alt=\"\" width=\"576\" height=\"341\" srcset=\"https:\/\/www.buroperiodistico.com.mx\/wp-content\/uploads\/2023\/07\/DIFx-4.jpg 1024w, https:\/\/www.buroperiodistico.com.mx\/wp-content\/uploads\/2023\/07\/DIFx-4-300x178.jpg 300w, https:\/\/www.buroperiodistico.com.mx\/wp-content\/uploads\/2023\/07\/DIFx-4-768x455.jpg 768w\" sizes=\"auto, (max-width: 576px) 100vw, 576px\" \/>Por Iv\u00e1n Dom\u00ednguez\/13-Julio-2023<\/strong><\/p>\n<p><strong>Reynosa, Tam.-<\/strong> El Ayuntamiento, a trav\u00e9s del Sistema DIF Reynosa que encabeza Carlos Luis Pe\u00f1a Garza, llev\u00f3 a cabo la ceremonia de Graduaci\u00f3n de los Centros de Atenci\u00f3n Infantil Comunitarios (CAIC) del ciclo escolar 2022-2023, en las instalaciones del Auditorio Municipal, a donde asistieron alumnos, padres y madres de familia.<\/p>\n<p>En total, se graduaron 968 alumnos en ambos turnos, de 16 CAIC, ubicados en diferentes puntos de la ciudad: Almendros, Riveras del Carmen, Fundadores, Balcones de Alcal\u00e1, Pir\u00e1mides, Nuevo Amanecer, Corrales, Rancho Viejo, Nuevo M\u00e9xico Itavu, Leyes de Reforma, Ram\u00f3n P\u00e9rez, Valle Soleado, Campanario, Campestre, Doroteo Arango y Casa Hogar Mami.<\/p>\n<p>Encabezaron la ceremonia en representaci\u00f3n del Presidente Municipal, Carlos Pe\u00f1a Ortiz, Jaime Arriata, regidor, coordinador de la Comisi\u00f3n de Educaci\u00f3n; Carlos Luis Pe\u00f1a Garza, Presidente del Patronato DIF; Gabriela Rosas Blanco, directora del DIF Municipal; Miguel \u00c1ngel Puga, Coordinador de CAIC; y en representaci\u00f3n de los alumnos graduados, alumna, Yojari Alejandra Fragoso C\u00e1rdenas.<\/p>\n<p>\u201cSabemos el gran esfuerzo que han hecho para llegar hasta aqu\u00ed, su empe\u00f1o y dedicaci\u00f3n se ver\u00e1 reflejado en esta nueva etapa que inician en primaria, gracias a los padres de familia por confiar en el Sistema DIF Reynosa, as\u00ed como en los centros de asistencia infantil comunitarios, para la educaci\u00f3n de todos sus peque\u00f1os, a ustedes, graduados, mis m\u00e1s sinceras felicitaciones, sabemos que la semilla que se planta en ustedes crecer\u00e1 como un frondoso \u00e1rbol y dar\u00e1 los frutos deseados a lo largo de su vida, y recuerden, el \u00e9xito es la suma de peque\u00f1os esfuerzos repetidos d\u00eda a d\u00eda\u201d, dijo Gabriela Rosas Blanco, directora del Sistema DIF Reynosa.<\/p>\n<p>Yojari Alejandra Fragoso C\u00e1rdenas, alumna del CAIC Campestre, comparti\u00f3 las palabras de despedida, en representaci\u00f3n de sus compa\u00f1eros CAIC 2022-2023, recordando que llegaron al jard\u00edn de ni\u00f1os tomados de la mano de sus madres y padres, vivimos historias fant\u00e1sticas y creciendo juntos.<\/p>\n<p>\u201cEl hermoso viaje que comenzamos juntos lleg\u00f3 a su fin y tenemos que despedirnos, todo quedar\u00e1 en cada uno de nuestros corazones, ahora, la primaria nos espera y sin miedo la vamos a enfrentar, porque llevamos muy buena base de nuestras maestras y pap\u00e1s, ha llegado el momento de decirnos adi\u00f3s, pero no sin antes agradecer a todos por su incomparable amor, gracias a nuestras maestras, gracias a mis compa\u00f1eros, gracias a nuestros padres y recuerden compa\u00f1eros, siempre adelante, con pasos de vencedores, gracias\u201d, dijo.<\/p>\n<p>El regidor, Jaime Arriata Banda, en representaci\u00f3n del Alcalde, Carlos Pe\u00f1a Ortiz, dijo que, en el proceso educativo intervienen 3 partes fundamentales, los alumnos, padres de familia, un trinomio que va de la mano para sacar adelante a los menores en su educaci\u00f3n.<\/p>\n<p>\u201cAhorita est\u00e1n en primer infancia, algo bien importante donde ellos a su edad son como las esponjitas, todo su conocimiento, todo lo que ven, lo van aprendiendo, al final de cuentas lo que queremos padres de familia, alumnos, maestros, Municipio y Sistema DIF, es lo mejor para estos ni\u00f1os, ahorita, en este primer escal\u00f3n, despu\u00e9s sigue la primaria, continuamos con secundaria y que lleguen hasta el nivel superior, donde sean ellos unos profesionistas y tambi\u00e9n, que sean personas de bien, muchas felicidades a todos\u201d, dijo.<\/p>\n<p><img loading=\"lazy\" decoding=\"async\" class=\"aligncenter size-full wp-image-66976\" src=\"https:\/\/www.buroperiodistico.com.mx\/wp-content\/uploads\/2023\/07\/DIFx-I-4.jpg\" alt=\"\" width=\"640\" height=\"426\" srcset=\"https:\/\/www.buroperiodistico.com.mx\/wp-content\/uploads\/2023\/07\/DIFx-I-4.jpg 640w, https:\/\/www.buroperiodistico.com.mx\/wp-content\/uploads\/2023\/07\/DIFx-I-4-300x200.jpg 300w\" sizes=\"auto, (max-width: 640px) 100vw, 640px\" \/> <img loading=\"lazy\" decoding=\"async\" class=\"aligncenter size-full wp-image-66980\" src=\"https:\/\/www.buroperiodistico.com.mx\/wp-content\/uploads\/2023\/07\/DIFx-IIIII-1.jpg\" alt=\"\" width=\"608\" height=\"480\" srcset=\"https:\/\/www.buroperiodistico.com.mx\/wp-content\/uploads\/2023\/07\/DIFx-IIIII-1.jpg 608w, https:\/\/www.buroperiodistico.com.mx\/wp-content\/uploads\/2023\/07\/DIFx-IIIII-1-300x237.jpg 300w\" sizes=\"auto, (max-width: 608px) 100vw, 608px\" \/> <img loading=\"lazy\" decoding=\"async\" class=\"aligncenter size-full wp-image-66979\" src=\"https:\/\/www.buroperiodistico.com.mx\/wp-content\/uploads\/2023\/07\/DIFx-IIII-1.jpg\" alt=\"\" width=\"640\" height=\"426\" srcset=\"https:\/\/www.buroperiodistico.com.mx\/wp-content\/uploads\/2023\/07\/DIFx-IIII-1.jpg 640w, https:\/\/www.buroperiodistico.com.mx\/wp-content\/uploads\/2023\/07\/DIFx-IIII-1-300x200.jpg 300w\" sizes=\"auto, (max-width: 640px) 100vw, 640px\" \/> <img loading=\"lazy\" decoding=\"async\" class=\"aligncenter size-full wp-image-66978\" src=\"https:\/\/www.buroperiodistico.com.mx\/wp-content\/uploads\/2023\/07\/DIFx-III-3.jpg\" alt=\"\" width=\"640\" height=\"426\" srcset=\"https:\/\/www.buroperiodistico.com.mx\/wp-content\/uploads\/2023\/07\/DIFx-III-3.jpg 640w, https:\/\/www.buroperiodistico.com.mx\/wp-content\/uploads\/2023\/07\/DIFx-III-3-300x200.jpg 300w\" sizes=\"auto, (max-width: 640px) 100vw, 640px\" \/> <img loading=\"lazy\" decoding=\"async\" class=\"aligncenter size-full wp-image-66977\" src=\"https:\/\/www.buroperiodistico.com.mx\/wp-content\/uploads\/2023\/07\/DIFx-II-4.jpg\" alt=\"\" width=\"640\" height=\"426\" srcset=\"https:\/\/www.buroperiodistico.com.mx\/wp-content\/uploads\/2023\/07\/DIFx-II-4.jpg 640w, https:\/\/www.buroperiodistico.com.mx\/wp-content\/uploads\/2023\/07\/DIFx-II-4-300x200.jpg 300w\" sizes=\"auto, (max-width: 640px) 100vw, 640px\" \/><\/p>\n","protected":false},"excerpt":{"rendered":"<p>Egresan 968 alumnos de 16 CAIC. Por Iv\u00e1n Dom\u00ednguez\/13-Julio-2023 Reynosa, Tam.- El Ayuntamiento, a trav\u00e9s&#8230;<\/p>\n","protected":false},"author":1,"featured_media":66981,"comment_status":"closed","ping_status":"closed","sticky":false,"template":"","format":"standard","meta":{"footnotes":"","jetpack_publicize_message":"","jetpack_publicize_feature_enabled":true,"jetpack_social_post_already_shared":false,"jetpack_social_options":{"image_generator_settings":{"template":"highway","default_image_id":0,"font":"","enabled":false},"version":2}},"categories":[25,9],"tags":[],"class_list":["post-66975","post","type-post","status-publish","format-standard","has-post-thumbnail","hentry","category-portada","category-reynosa"],"jetpack_publicize_connections":[],"_links":{"self":[{"href":"https:\/\/www.buroperiodistico.com.mx\/index.php?rest_route=\/wp\/v2\/posts\/66975","targetHints":{"allow":["GET"]}}],"collection":[{"href":"https:\/\/www.buroperiodistico.com.mx\/index.php?rest_route=\/wp\/v2\/posts"}],"about":[{"href":"https:\/\/www.buroperiodistico.com.mx\/index.php?rest_route=\/wp\/v2\/types\/post"}],"author":[{"embeddable":true,"href":"https:\/\/www.buroperiodistico.com.mx\/index.php?rest_route=\/wp\/v2\/users\/1"}],"replies":[{"embeddable":true,"href":"https:\/\/www.buroperiodistico.com.mx\/index.php?rest_route=%2Fwp%2Fv2%2Fcomments&post=66975"}],"version-history":[{"count":0,"href":"https:\/\/www.buroperiodistico.com.mx\/index.php?rest_route=\/wp\/v2\/posts\/66975\/revisions"}],"wp:featuredmedia":[{"embeddable":true,"href":"https:\/\/www.buroperiodistico.com.mx\/index.php?rest_route=\/wp\/v2\/media\/66981"}],"wp:attachment":[{"href":"https:\/\/www.buroperiodistico.com.mx\/index.php?rest_route=%2Fwp%2Fv2%2Fmedia&parent=66975"}],"wp:term":[{"taxonomy":"category","embeddable":true,"href":"https:\/\/www.buroperiodistico.com.mx\/index.php?rest_route=%2Fwp%2Fv2%2Fcategories&post=66975"},{"taxonomy":"post_tag","embeddable":true,"href":"https:\/\/www.buroperiodistico.com.mx\/index.php?rest_route=%2Fwp%2Fv2%2Ftags&post=66975"}],"curies":[{"name":"wp","href":"https:\/\/api.w.org\/{rel}","templated":true}]}}