{"id":66961,"date":"2023-07-13T14:34:17","date_gmt":"2023-07-13T20:34:17","guid":{"rendered":"https:\/\/www.buroperiodistico.com.mx\/?p=66961"},"modified":"2023-07-13T14:34:17","modified_gmt":"2023-07-13T20:34:17","slug":"tiene-chavira-encuentro-con-marcelo-ebrard","status":"publish","type":"post","link":"https:\/\/www.buroperiodistico.com.mx\/?p=66961","title":{"rendered":"TIENE CHAVIRA ENCUENTRO CON MARCELO EBRARD"},"content":{"rendered":"<p><em><strong>(13-Julio-2023).-<\/strong><\/em> Asiste Francisco Chavira Mart\u00ednez, fundador de la Universidad del Norte de Tamaulipas, el Rector de la UNT CAMPUS MEXICO y el Agente Aduanal Hermenegildo Gonz\u00e1lez, al Congreso anual de la CAAAREM (Confederaci\u00f3n de Asociaciones de Agentes Aduanales de la Rep\u00fablica Mexicana), recibiendo al pre candidato a Presidente de M\u00c9XICO, Marcelo Ebrard Casaubon, para escuchar sus propuestas, donde saludaron a importantes personajes del comercio internacional y aduanas como al AA Eduardo Garza.<\/p>\n<p><img loading=\"lazy\" decoding=\"async\" class=\"aligncenter  wp-image-66965\" src=\"https:\/\/www.buroperiodistico.com.mx\/wp-content\/uploads\/2023\/07\/Encuentro.jpg\" alt=\"\" width=\"710\" height=\"384\" srcset=\"https:\/\/www.buroperiodistico.com.mx\/wp-content\/uploads\/2023\/07\/Encuentro.jpg 1110w, https:\/\/www.buroperiodistico.com.mx\/wp-content\/uploads\/2023\/07\/Encuentro-300x162.jpg 300w, https:\/\/www.buroperiodistico.com.mx\/wp-content\/uploads\/2023\/07\/Encuentro-1024x554.jpg 1024w, https:\/\/www.buroperiodistico.com.mx\/wp-content\/uploads\/2023\/07\/Encuentro-768x415.jpg 768w\" sizes=\"auto, (max-width: 710px) 100vw, 710px\" \/> <img loading=\"lazy\" decoding=\"async\" class=\"aligncenter size-full wp-image-66964\" src=\"https:\/\/www.buroperiodistico.com.mx\/wp-content\/uploads\/2023\/07\/Encuentro-III.jpg\" alt=\"\" width=\"640\" height=\"480\" srcset=\"https:\/\/www.buroperiodistico.com.mx\/wp-content\/uploads\/2023\/07\/Encuentro-III.jpg 640w, https:\/\/www.buroperiodistico.com.mx\/wp-content\/uploads\/2023\/07\/Encuentro-III-300x225.jpg 300w\" sizes=\"auto, (max-width: 640px) 100vw, 640px\" \/> <img loading=\"lazy\" decoding=\"async\" class=\"aligncenter size-full wp-image-66963\" src=\"https:\/\/www.buroperiodistico.com.mx\/wp-content\/uploads\/2023\/07\/Encuentro-II.jpg\" alt=\"\" width=\"640\" height=\"480\" srcset=\"https:\/\/www.buroperiodistico.com.mx\/wp-content\/uploads\/2023\/07\/Encuentro-II.jpg 640w, https:\/\/www.buroperiodistico.com.mx\/wp-content\/uploads\/2023\/07\/Encuentro-II-300x225.jpg 300w\" sizes=\"auto, (max-width: 640px) 100vw, 640px\" \/> <img loading=\"lazy\" decoding=\"async\" class=\"aligncenter size-full wp-image-66962\" src=\"https:\/\/www.buroperiodistico.com.mx\/wp-content\/uploads\/2023\/07\/Encuentro-I.jpg\" alt=\"\" width=\"508\" height=\"480\" srcset=\"https:\/\/www.buroperiodistico.com.mx\/wp-content\/uploads\/2023\/07\/Encuentro-I.jpg 508w, https:\/\/www.buroperiodistico.com.mx\/wp-content\/uploads\/2023\/07\/Encuentro-I-300x283.jpg 300w\" sizes=\"auto, (max-width: 508px) 100vw, 508px\" \/><\/p>\n","protected":false},"excerpt":{"rendered":"<p>(13-Julio-2023).- Asiste Francisco Chavira Mart\u00ednez, fundador de la Universidad del Norte de Tamaulipas, el Rector&#8230;<\/p>\n","protected":false},"author":1,"featured_media":66965,"comment_status":"closed","ping_status":"closed","sticky":false,"template":"","format":"standard","meta":{"footnotes":"","jetpack_publicize_message":"","jetpack_publicize_feature_enabled":true,"jetpack_social_post_already_shared":false,"jetpack_social_options":{"image_generator_settings":{"template":"highway","default_image_id":0,"font":"","enabled":false},"version":2}},"categories":[9],"tags":[],"class_list":["post-66961","post","type-post","status-publish","format-standard","has-post-thumbnail","hentry","category-reynosa"],"jetpack_publicize_connections":[],"_links":{"self":[{"href":"https:\/\/www.buroperiodistico.com.mx\/index.php?rest_route=\/wp\/v2\/posts\/66961","targetHints":{"allow":["GET"]}}],"collection":[{"href":"https:\/\/www.buroperiodistico.com.mx\/index.php?rest_route=\/wp\/v2\/posts"}],"about":[{"href":"https:\/\/www.buroperiodistico.com.mx\/index.php?rest_route=\/wp\/v2\/types\/post"}],"author":[{"embeddable":true,"href":"https:\/\/www.buroperiodistico.com.mx\/index.php?rest_route=\/wp\/v2\/users\/1"}],"replies":[{"embeddable":true,"href":"https:\/\/www.buroperiodistico.com.mx\/index.php?rest_route=%2Fwp%2Fv2%2Fcomments&post=66961"}],"version-history":[{"count":0,"href":"https:\/\/www.buroperiodistico.com.mx\/index.php?rest_route=\/wp\/v2\/posts\/66961\/revisions"}],"wp:featuredmedia":[{"embeddable":true,"href":"https:\/\/www.buroperiodistico.com.mx\/index.php?rest_route=\/wp\/v2\/media\/66965"}],"wp:attachment":[{"href":"https:\/\/www.buroperiodistico.com.mx\/index.php?rest_route=%2Fwp%2Fv2%2Fmedia&parent=66961"}],"wp:term":[{"taxonomy":"category","embeddable":true,"href":"https:\/\/www.buroperiodistico.com.mx\/index.php?rest_route=%2Fwp%2Fv2%2Fcategories&post=66961"},{"taxonomy":"post_tag","embeddable":true,"href":"https:\/\/www.buroperiodistico.com.mx\/index.php?rest_route=%2Fwp%2Fv2%2Ftags&post=66961"}],"curies":[{"name":"wp","href":"https:\/\/api.w.org\/{rel}","templated":true}]}}