{"id":66954,"date":"2023-07-13T14:30:15","date_gmt":"2023-07-13T20:30:15","guid":{"rendered":"https:\/\/www.buroperiodistico.com.mx\/?p=66954"},"modified":"2023-07-13T14:30:15","modified_gmt":"2023-07-13T20:30:15","slug":"capacitan-a-personal-de-los-centros-de-ejecucion-de-medidas-para-adolescentes-en-ambito-socioemocional","status":"publish","type":"post","link":"https:\/\/www.buroperiodistico.com.mx\/?p=66954","title":{"rendered":"Capacitan a personal de los Centros de Ejecuci\u00f3n de Medidas para Adolescentes en \u00e1mbito socioemocional"},"content":{"rendered":"<p><em><strong><img loading=\"lazy\" decoding=\"async\" class=\" wp-image-66959 alignright\" src=\"https:\/\/www.buroperiodistico.com.mx\/wp-content\/uploads\/2023\/07\/SSPsocioemocional.jpeg\" alt=\"\" width=\"581\" height=\"292\" srcset=\"https:\/\/www.buroperiodistico.com.mx\/wp-content\/uploads\/2023\/07\/SSPsocioemocional.jpeg 1024w, https:\/\/www.buroperiodistico.com.mx\/wp-content\/uploads\/2023\/07\/SSPsocioemocional-300x151.jpeg 300w, https:\/\/www.buroperiodistico.com.mx\/wp-content\/uploads\/2023\/07\/SSPsocioemocional-768x386.jpeg 768w\" sizes=\"auto, (max-width: 581px) 100vw, 581px\" \/>Ciudad Victoria, Tamaulipas (13-Julio-2023).-<\/strong><\/em> Alrededor de 30 colaboradores de los Centros de Ejecuci\u00f3n de Medidas para Adolescentes acudieron al Complejo Estatal de Seguridad P\u00fablica de Ciudad Victoria al curso-taller de habilidades socioemocionales impartido por las Unidades de Especialidades M\u00e9dicas y Centros Integrales de Salud Mental (UNEME CISAME) de la Secretar\u00eda de Salud.<\/p>\n<p>La directora de Ejecuci\u00f3n de Medidas para Adolescentes, Maribel Leticia Garc\u00eda Barrientos, recalc\u00f3 que la importancia de capacitar al personal en la cuesti\u00f3n socioemocional recae en el apoyo brindado a los j\u00f3venes que se encuentran sujetos a alguna medida, tanto en internamiento como en externamiento, para lograr su reinserci\u00f3n social.<\/p>\n<p>Por ello, coment\u00f3 que este curso-taller impartido por la trabajadora social Martha Patricia Zapata V\u00e1zquez, fue dirigido primeramente a los menores que se encuentran en internamiento en el Centro Regional de Ejecuci\u00f3n de Medidas para Adolescentes ubicado en el municipio de G\u00fc\u00e9mez.<\/p>\n<p>\u2018\u2019Este curso est\u00e1 pensado para fortalecer al personal para que lleven, concienticen y solidaricen a los adolescentes en conflicto con la ley, acercarnos a ellos para motivarlos, para incentivarlos\u2019\u2019, dijo.<\/p>\n<p>Cabe destacar que en Tamaulipas existen cinco centros distribuidos en los municipios de Matamoros, Reynosa, Laredo y Altamira en donde se atienden a menores en externamiento y cuentan con un equipo t\u00e9cnico que les apoya en su reintegraci\u00f3n social.<\/p>\n<p><img loading=\"lazy\" decoding=\"async\" class=\"aligncenter size-full wp-image-66955\" src=\"https:\/\/www.buroperiodistico.com.mx\/wp-content\/uploads\/2023\/07\/SSPsocioemocional-I.jpeg\" alt=\"\" width=\"640\" height=\"426\" srcset=\"https:\/\/www.buroperiodistico.com.mx\/wp-content\/uploads\/2023\/07\/SSPsocioemocional-I.jpeg 640w, https:\/\/www.buroperiodistico.com.mx\/wp-content\/uploads\/2023\/07\/SSPsocioemocional-I-300x200.jpeg 300w\" sizes=\"auto, (max-width: 640px) 100vw, 640px\" \/> <img loading=\"lazy\" decoding=\"async\" class=\"aligncenter size-full wp-image-66958\" src=\"https:\/\/www.buroperiodistico.com.mx\/wp-content\/uploads\/2023\/07\/SSPsocioemocional-IIII.jpeg\" alt=\"\" width=\"640\" height=\"426\" srcset=\"https:\/\/www.buroperiodistico.com.mx\/wp-content\/uploads\/2023\/07\/SSPsocioemocional-IIII.jpeg 640w, https:\/\/www.buroperiodistico.com.mx\/wp-content\/uploads\/2023\/07\/SSPsocioemocional-IIII-300x200.jpeg 300w\" sizes=\"auto, (max-width: 640px) 100vw, 640px\" \/> <img loading=\"lazy\" decoding=\"async\" class=\"aligncenter size-full wp-image-66957\" src=\"https:\/\/www.buroperiodistico.com.mx\/wp-content\/uploads\/2023\/07\/SSPsocioemocional-III.jpeg\" alt=\"\" width=\"640\" height=\"426\" srcset=\"https:\/\/www.buroperiodistico.com.mx\/wp-content\/uploads\/2023\/07\/SSPsocioemocional-III.jpeg 640w, https:\/\/www.buroperiodistico.com.mx\/wp-content\/uploads\/2023\/07\/SSPsocioemocional-III-300x200.jpeg 300w\" sizes=\"auto, (max-width: 640px) 100vw, 640px\" \/> <img loading=\"lazy\" decoding=\"async\" class=\"aligncenter size-full wp-image-66956\" src=\"https:\/\/www.buroperiodistico.com.mx\/wp-content\/uploads\/2023\/07\/SSPsocioemocional-II.jpeg\" alt=\"\" width=\"640\" height=\"426\" srcset=\"https:\/\/www.buroperiodistico.com.mx\/wp-content\/uploads\/2023\/07\/SSPsocioemocional-II.jpeg 640w, https:\/\/www.buroperiodistico.com.mx\/wp-content\/uploads\/2023\/07\/SSPsocioemocional-II-300x200.jpeg 300w\" sizes=\"auto, (max-width: 640px) 100vw, 640px\" \/><\/p>\n","protected":false},"excerpt":{"rendered":"<p>Ciudad Victoria, Tamaulipas (13-Julio-2023).- Alrededor de 30 colaboradores de los Centros de Ejecuci\u00f3n de Medidas&#8230;<\/p>\n","protected":false},"author":1,"featured_media":66959,"comment_status":"closed","ping_status":"closed","sticky":false,"template":"","format":"standard","meta":{"footnotes":"","jetpack_publicize_message":"","jetpack_publicize_feature_enabled":true,"jetpack_social_post_already_shared":false,"jetpack_social_options":{"image_generator_settings":{"template":"highway","default_image_id":0,"font":"","enabled":false},"version":2}},"categories":[10],"tags":[],"class_list":["post-66954","post","type-post","status-publish","format-standard","has-post-thumbnail","hentry","category-tamaulipas"],"jetpack_publicize_connections":[],"_links":{"self":[{"href":"https:\/\/www.buroperiodistico.com.mx\/index.php?rest_route=\/wp\/v2\/posts\/66954","targetHints":{"allow":["GET"]}}],"collection":[{"href":"https:\/\/www.buroperiodistico.com.mx\/index.php?rest_route=\/wp\/v2\/posts"}],"about":[{"href":"https:\/\/www.buroperiodistico.com.mx\/index.php?rest_route=\/wp\/v2\/types\/post"}],"author":[{"embeddable":true,"href":"https:\/\/www.buroperiodistico.com.mx\/index.php?rest_route=\/wp\/v2\/users\/1"}],"replies":[{"embeddable":true,"href":"https:\/\/www.buroperiodistico.com.mx\/index.php?rest_route=%2Fwp%2Fv2%2Fcomments&post=66954"}],"version-history":[{"count":0,"href":"https:\/\/www.buroperiodistico.com.mx\/index.php?rest_route=\/wp\/v2\/posts\/66954\/revisions"}],"wp:featuredmedia":[{"embeddable":true,"href":"https:\/\/www.buroperiodistico.com.mx\/index.php?rest_route=\/wp\/v2\/media\/66959"}],"wp:attachment":[{"href":"https:\/\/www.buroperiodistico.com.mx\/index.php?rest_route=%2Fwp%2Fv2%2Fmedia&parent=66954"}],"wp:term":[{"taxonomy":"category","embeddable":true,"href":"https:\/\/www.buroperiodistico.com.mx\/index.php?rest_route=%2Fwp%2Fv2%2Fcategories&post=66954"},{"taxonomy":"post_tag","embeddable":true,"href":"https:\/\/www.buroperiodistico.com.mx\/index.php?rest_route=%2Fwp%2Fv2%2Ftags&post=66954"}],"curies":[{"name":"wp","href":"https:\/\/api.w.org\/{rel}","templated":true}]}}