{"id":66951,"date":"2023-07-13T14:24:23","date_gmt":"2023-07-13T20:24:23","guid":{"rendered":"https:\/\/www.buroperiodistico.com.mx\/?p=66951"},"modified":"2023-07-13T14:24:23","modified_gmt":"2023-07-13T20:24:23","slug":"salud-estatal-pone-en-marcha-la-encuesta-nacional-de-nutricion-2023","status":"publish","type":"post","link":"https:\/\/www.buroperiodistico.com.mx\/?p=66951","title":{"rendered":"Salud estatal pone en marcha la Encuesta Nacional de Nutrici\u00f3n 2023"},"content":{"rendered":"<ul>\n<li><strong><em>Las acciones concluyen el 30 de noviembre y se enfocar\u00e1n a medir el peso, talla y tomas de muestras de sangre entre otras<\/em><\/strong><\/li>\n<\/ul>\n<p><strong><img loading=\"lazy\" decoding=\"async\" class=\" wp-image-66952 alignright\" src=\"https:\/\/www.buroperiodistico.com.mx\/wp-content\/uploads\/2023\/07\/SSTNutricion.jpeg\" alt=\"\" width=\"585\" height=\"348\" srcset=\"https:\/\/www.buroperiodistico.com.mx\/wp-content\/uploads\/2023\/07\/SSTNutricion.jpeg 1024w, https:\/\/www.buroperiodistico.com.mx\/wp-content\/uploads\/2023\/07\/SSTNutricion-300x178.jpeg 300w, https:\/\/www.buroperiodistico.com.mx\/wp-content\/uploads\/2023\/07\/SSTNutricion-768x457.jpeg 768w\" sizes=\"auto, (max-width: 585px) 100vw, 585px\" \/>Ciudad Victoria, Tamaulipas (13-Julio-2023).-<\/strong> La Secretar\u00eda de Salud de Tamaulipas puso en marcha a partir de este d\u00eda, la Encuesta Nacional de Salud 2023, la cual tiene como objetivo conocer las condiciones de salud y nutrici\u00f3n en las que se encuentra la poblaci\u00f3n tamaulipeca, inform\u00f3 el secretario de Salud, Vicente Joel Hern\u00e1ndez Navarro.<\/p>\n<p>Dijo que se busca conocer el estado nutricional de la poblaci\u00f3n, las causas que generan la presencia de enfermedades cr\u00f3nicas degenerativas como la diabetes y la hipertensi\u00f3n e identificar avances y retos a los que se enfrenta el sistema de salud en Tamaulipas y el pa\u00eds.<\/p>\n<p>\u201cEl gobierno de Am\u00e9rico Villarreal Anaya, contribuir\u00e1 a que esta encuesta se lleve a cabo en nuestro estado, para definir las prioridades de salud y nutrici\u00f3n de nuestra poblaci\u00f3n con \u00e9nfasis en la vacunaci\u00f3n, enfermedades cr\u00f3nicas, as\u00ed como el estado de salud y nutricional de la poblaci\u00f3n en general\u201d, detall\u00f3 Hern\u00e1ndez Navarro.<\/p>\n<p>La Encuesta Nacional de Salud, tambi\u00e9n mostrar\u00e1 el panorama sobre la exposici\u00f3n a plomo en ni\u00f1os y ni\u00f1as de 1 a 4 a\u00f1os y en mujeres embarazadas, as\u00ed como de anemia en la poblaci\u00f3n seleccionada; se estima visitar m\u00e1s de 17 mil viviendas para obtener m\u00e1s de 13 mil hogares con informaci\u00f3n completa de las diferentes regiones del pa\u00eds.<\/p>\n<p>De igual manera, se pretende actualizar el panorama sobre la frecuencia, distribuci\u00f3n y tendencias de indicadores relevantes sobre las condiciones de salud y nutrici\u00f3n; sus determinantes sociales, el estado de nutrici\u00f3n, el consumo de alimentos y otros indicadores de importancia.<\/p>\n<p>Esta encuesta es la cuarta edici\u00f3n y tendr\u00e1 una duraci\u00f3n de cinco meses en donde en una primera etapa, se concentrar\u00e1 la informaci\u00f3n para identificar las viviendas seleccionadas; posteriormente se iniciar\u00e1 el levantamiento de informaci\u00f3n en campo con aspectos de salud en adultos, adolescentes, ni\u00f1as y ni\u00f1os y finalmente, las actividades se enfocar\u00e1n a medir el peso, la longitud o talla, la circunferencia de cintura, tomas de muestras de sangre de la poblaci\u00f3n seleccionada, as\u00ed como su dieta y actividad f\u00edsica.<\/p>\n<p>Los trabajos finalizar\u00e1n el 30 de noviembre de este a\u00f1o, la colaboraci\u00f3n y la participaci\u00f3n de la poblaci\u00f3n es muy importante, por ello el equipo de encuestadores que tocar\u00e1n a su puerta estar\u00e1n debidamente uniformados e identificados para garantizar la seguridad, tanto de la poblaci\u00f3n encuestada como de los encuestadores.<\/p>\n","protected":false},"excerpt":{"rendered":"<p>Las acciones concluyen el 30 de noviembre y se enfocar\u00e1n a medir el peso, talla&#8230;<\/p>\n","protected":false},"author":1,"featured_media":66952,"comment_status":"closed","ping_status":"closed","sticky":false,"template":"","format":"standard","meta":{"footnotes":"","jetpack_publicize_message":"","jetpack_publicize_feature_enabled":true,"jetpack_social_post_already_shared":false,"jetpack_social_options":{"image_generator_settings":{"template":"highway","default_image_id":0,"font":"","enabled":false},"version":2}},"categories":[10],"tags":[],"class_list":["post-66951","post","type-post","status-publish","format-standard","has-post-thumbnail","hentry","category-tamaulipas"],"jetpack_publicize_connections":[],"_links":{"self":[{"href":"https:\/\/www.buroperiodistico.com.mx\/index.php?rest_route=\/wp\/v2\/posts\/66951","targetHints":{"allow":["GET"]}}],"collection":[{"href":"https:\/\/www.buroperiodistico.com.mx\/index.php?rest_route=\/wp\/v2\/posts"}],"about":[{"href":"https:\/\/www.buroperiodistico.com.mx\/index.php?rest_route=\/wp\/v2\/types\/post"}],"author":[{"embeddable":true,"href":"https:\/\/www.buroperiodistico.com.mx\/index.php?rest_route=\/wp\/v2\/users\/1"}],"replies":[{"embeddable":true,"href":"https:\/\/www.buroperiodistico.com.mx\/index.php?rest_route=%2Fwp%2Fv2%2Fcomments&post=66951"}],"version-history":[{"count":0,"href":"https:\/\/www.buroperiodistico.com.mx\/index.php?rest_route=\/wp\/v2\/posts\/66951\/revisions"}],"wp:featuredmedia":[{"embeddable":true,"href":"https:\/\/www.buroperiodistico.com.mx\/index.php?rest_route=\/wp\/v2\/media\/66952"}],"wp:attachment":[{"href":"https:\/\/www.buroperiodistico.com.mx\/index.php?rest_route=%2Fwp%2Fv2%2Fmedia&parent=66951"}],"wp:term":[{"taxonomy":"category","embeddable":true,"href":"https:\/\/www.buroperiodistico.com.mx\/index.php?rest_route=%2Fwp%2Fv2%2Fcategories&post=66951"},{"taxonomy":"post_tag","embeddable":true,"href":"https:\/\/www.buroperiodistico.com.mx\/index.php?rest_route=%2Fwp%2Fv2%2Ftags&post=66951"}],"curies":[{"name":"wp","href":"https:\/\/api.w.org\/{rel}","templated":true}]}}