{"id":66935,"date":"2023-07-13T12:35:56","date_gmt":"2023-07-13T18:35:56","guid":{"rendered":"https:\/\/www.buroperiodistico.com.mx\/?p=66935"},"modified":"2023-07-13T12:35:56","modified_gmt":"2023-07-13T18:35:56","slug":"ofertaran-oportunidades-laborales-en-la-baca-calderon","status":"publish","type":"post","link":"https:\/\/www.buroperiodistico.com.mx\/?p=66935","title":{"rendered":"OFERTAR\u00c1N OPORTUNIDADES LABORALES EN LA BACA CALDER\u00d3N"},"content":{"rendered":"<p><em><strong><img loading=\"lazy\" decoding=\"async\" class=\" wp-image-66938 alignright\" src=\"https:\/\/www.buroperiodistico.com.mx\/wp-content\/uploads\/2023\/07\/Laboralx.jpeg\" alt=\"\" width=\"571\" height=\"340\" srcset=\"https:\/\/www.buroperiodistico.com.mx\/wp-content\/uploads\/2023\/07\/Laboralx.jpeg 1024w, https:\/\/www.buroperiodistico.com.mx\/wp-content\/uploads\/2023\/07\/Laboralx-300x179.jpeg 300w, https:\/\/www.buroperiodistico.com.mx\/wp-content\/uploads\/2023\/07\/Laboralx-768x458.jpeg 768w\" sizes=\"auto, (max-width: 571px) 100vw, 571px\" \/>Nuevo Laredo, Tam (13-Julio-2023).-<\/strong><\/em> Este viernes el gobierno municipal llevar\u00e1 a cabo el programa \u201cEmpleo en tu Colonia\u201d en la que m\u00e1s de 20 empresas con 800 vacantes de diferentes rubros estar\u00e1n ofreciendo opciones laborales para la ciudadan\u00eda.<\/p>\n<p>El secretario de Desarrollo Econ\u00f3mico, Rolando Guevara Gonz\u00e1lez, inform\u00f3 que por medio de este programa municipal se han vinculado a m\u00e1s de 6 mil personas con empresas de diversos giros en tan solo este a\u00f1o,\u00a0 por lo que hizo la invitaci\u00f3n a la ciudadan\u00eda para encontrar una opci\u00f3n laboral.<\/p>\n<p>\u201cInvitamos a todas las personas que no tengan empleo para que se acerquen estoy seguro que alguna de las empresas requiere del perfil con el que cuentan, seguramente encontrar\u00e1n una opci\u00f3n laboral\u201d, mencion\u00f3 Rolando Guevara Gonz\u00e1lez, secretario de Desarrollo Econ\u00f3mico.<\/p>\n<p>Ser\u00e1 este viernes 14 de julio a partir de las 9:00 de la ma\u00f1ana a 1:00 de la tarde en la Explanada Esteban Baca Calder\u00f3n ubicada en avenida Guerrero entre Maclovio Herrara y H\u00e9roe de Nacataz.<\/p>\n<p>Ah\u00ed los ciudadanos tendr\u00e1n la oportunidad de encontrar un trabajo en maquiladoras, empresas transportistas, agencias aduanales, empresas comerciales y de servicios.<\/p>\n<p><img loading=\"lazy\" decoding=\"async\" class=\"aligncenter size-full wp-image-66936\" src=\"https:\/\/www.buroperiodistico.com.mx\/wp-content\/uploads\/2023\/07\/Laboralx-I.jpeg\" alt=\"\" width=\"640\" height=\"427\" srcset=\"https:\/\/www.buroperiodistico.com.mx\/wp-content\/uploads\/2023\/07\/Laboralx-I.jpeg 640w, https:\/\/www.buroperiodistico.com.mx\/wp-content\/uploads\/2023\/07\/Laboralx-I-300x200.jpeg 300w\" sizes=\"auto, (max-width: 640px) 100vw, 640px\" \/> <img loading=\"lazy\" decoding=\"async\" class=\"aligncenter size-full wp-image-66937\" src=\"https:\/\/www.buroperiodistico.com.mx\/wp-content\/uploads\/2023\/07\/Laboralx-II.jpeg\" alt=\"\" width=\"640\" height=\"427\" srcset=\"https:\/\/www.buroperiodistico.com.mx\/wp-content\/uploads\/2023\/07\/Laboralx-II.jpeg 640w, https:\/\/www.buroperiodistico.com.mx\/wp-content\/uploads\/2023\/07\/Laboralx-II-300x200.jpeg 300w\" sizes=\"auto, (max-width: 640px) 100vw, 640px\" \/><\/p>\n","protected":false},"excerpt":{"rendered":"<p>Nuevo Laredo, Tam (13-Julio-2023).- Este viernes el gobierno municipal llevar\u00e1 a cabo el programa \u201cEmpleo&#8230;<\/p>\n","protected":false},"author":1,"featured_media":66938,"comment_status":"closed","ping_status":"closed","sticky":false,"template":"","format":"standard","meta":{"footnotes":"","jetpack_publicize_message":"","jetpack_publicize_feature_enabled":true,"jetpack_social_post_already_shared":false,"jetpack_social_options":{"image_generator_settings":{"template":"highway","default_image_id":0,"font":"","enabled":false},"version":2}},"categories":[16],"tags":[],"class_list":["post-66935","post","type-post","status-publish","format-standard","has-post-thumbnail","hentry","category-nuevolaredo"],"jetpack_publicize_connections":[],"_links":{"self":[{"href":"https:\/\/www.buroperiodistico.com.mx\/index.php?rest_route=\/wp\/v2\/posts\/66935","targetHints":{"allow":["GET"]}}],"collection":[{"href":"https:\/\/www.buroperiodistico.com.mx\/index.php?rest_route=\/wp\/v2\/posts"}],"about":[{"href":"https:\/\/www.buroperiodistico.com.mx\/index.php?rest_route=\/wp\/v2\/types\/post"}],"author":[{"embeddable":true,"href":"https:\/\/www.buroperiodistico.com.mx\/index.php?rest_route=\/wp\/v2\/users\/1"}],"replies":[{"embeddable":true,"href":"https:\/\/www.buroperiodistico.com.mx\/index.php?rest_route=%2Fwp%2Fv2%2Fcomments&post=66935"}],"version-history":[{"count":0,"href":"https:\/\/www.buroperiodistico.com.mx\/index.php?rest_route=\/wp\/v2\/posts\/66935\/revisions"}],"wp:featuredmedia":[{"embeddable":true,"href":"https:\/\/www.buroperiodistico.com.mx\/index.php?rest_route=\/wp\/v2\/media\/66938"}],"wp:attachment":[{"href":"https:\/\/www.buroperiodistico.com.mx\/index.php?rest_route=%2Fwp%2Fv2%2Fmedia&parent=66935"}],"wp:term":[{"taxonomy":"category","embeddable":true,"href":"https:\/\/www.buroperiodistico.com.mx\/index.php?rest_route=%2Fwp%2Fv2%2Fcategories&post=66935"},{"taxonomy":"post_tag","embeddable":true,"href":"https:\/\/www.buroperiodistico.com.mx\/index.php?rest_route=%2Fwp%2Fv2%2Ftags&post=66935"}],"curies":[{"name":"wp","href":"https:\/\/api.w.org\/{rel}","templated":true}]}}