{"id":66930,"date":"2023-07-13T12:31:44","date_gmt":"2023-07-13T18:31:44","guid":{"rendered":"https:\/\/www.buroperiodistico.com.mx\/?p=66930"},"modified":"2023-07-13T12:31:44","modified_gmt":"2023-07-13T18:31:44","slug":"presentan-alumnos-de-escuela-de-musica-dif-recital-de-fin-de-cursos","status":"publish","type":"post","link":"https:\/\/www.buroperiodistico.com.mx\/?p=66930","title":{"rendered":"PRESENTAN ALUMNOS DE ESCUELA DE M\u00daSICA  DIF RECITAL DE FIN DE CURSOS"},"content":{"rendered":"<p><em><strong><img loading=\"lazy\" decoding=\"async\" class=\" wp-image-66933 alignright\" src=\"https:\/\/www.buroperiodistico.com.mx\/wp-content\/uploads\/2023\/07\/DIFx.jpeg\" alt=\"\" width=\"642\" height=\"391\" srcset=\"https:\/\/www.buroperiodistico.com.mx\/wp-content\/uploads\/2023\/07\/DIFx.jpeg 1024w, https:\/\/www.buroperiodistico.com.mx\/wp-content\/uploads\/2023\/07\/DIFx-300x183.jpeg 300w, https:\/\/www.buroperiodistico.com.mx\/wp-content\/uploads\/2023\/07\/DIFx-768x468.jpeg 768w\" sizes=\"auto, (max-width: 642px) 100vw, 642px\" \/>Nuevo Laredo, Tam (13-Julio-2023).-<\/strong><\/em> M\u00e1s de 200 alumnos de la Escuela de M\u00fasica del Sistema para el Desarrollo Integral de la Familia (DIF) Nuevo Laredo culminaron con \u00e9xito\u00a0 el ciclo enero-julio 2023 con la presentaci\u00f3n de un recital en el que demostraron su\u00a0 talento y aplicaron los conocimientos adquiridos en sus clases.<\/p>\n<p>El evento\u00a0 se llev\u00f3 a cabo en el auditorio de la misma escuela, despu\u00e9s de la presentaci\u00f3n se entregaron diploma a los 274 estudiantes.<\/p>\n<p>La presidenta del Sistema DIF\u00a0 Claudette Canturosas Villarreal felicit\u00f3 a los alumnos, maestros y padres de familia\u00a0 por el desempe\u00f1o, disciplina y paciencia que los\u00a0 llev\u00f3 a este resultado.<\/p>\n<p>\u201cLos felicito por esta gran presentaci\u00f3n, este es la demostraci\u00f3n\u00a0 de tantas horas de determinaci\u00f3n, esfuerzo y dedicaci\u00f3n, verlos aqu\u00ed triunfar nos hace firmes en la encomienda del DIF de Tocar Corazones\u201d dijo la presidenta del Sistema DIF<\/p>\n<p>Por su parte el subcoordinador de la Escuela de M\u00fasica, Jes\u00fas Marcelo Torres Trevi\u00f1o, destac\u00f3 la apertura y apoyo que da el Gobierno Municipal a trav\u00e9s del Sistema DIF para apoyar el talento de la ciudadan\u00eda interesada por la m\u00fasica.<\/p>\n<p>El recital\u00a0 comenz\u00f3 con la presentaci\u00f3n del grupo de principiantes, intermedio, avanzado y educaci\u00f3n especial del grupo de teclado quienes tocaron las piezas musicales \u201cMi Coraz\u00f3n Encantado\u201d,\u201dFeelings\u201d,\u201dEl Animador\u201d y \u201cMedley\u201d.<\/p>\n<p>La Banda Sinf\u00f3nica Comunitaria enton\u00f3 la melod\u00eda\u201d Medley de Boleros\u201d, el ensamble de cuerdas \u201cOde to Joy\u201d, los grupos de viol\u00edn \u201cNew World Symphony\u201d, guitarra infantil y principiantes \u201cMinuel\u201d, bajo el\u00e9ctrico \u201cOther Side\u201d, \u201cSabor a m\u00ed\u201d, \u201cEn el pasillo del Rey de la Monta\u00f1a\u201d, mientras que guitarra el\u00e9ctrica \u201cSeven Nation Army\u201d y \u201cOye como va\u201d.<\/p>\n<p>Por su parte los grupos de canto, coro infantil y juvenil deleitaron a los asistententes con las canciones \u201cThe Wellerman\u201d,\u201dScal Song\u201d,\u201dDuello Buffo Di Due\u00a0 Gattil\u201d y \u201cLa Vida en Rosa\u201d.<\/p>\n<p>Los grupos de metales, clarinete y saxof\u00f3n, percusi\u00f3n, bater\u00eda, ukelele y flauta moderna tambi\u00e9n realizaron destacadas presentaciones en donde demostraron lo aprendido a trav\u00e9s de las interpretaciones de canciones como;\u201dBandissmo\u201d, \u201cRico Mambo\u201d, \u201cTe he prometido\u201d, \u201cImagine\u201d, \u201cOjos espa\u00f1oles\u201d y \u201cAmapola\u201d.<\/p>\n<p>Durante la clausura\u00a0 estuvieron presentes el director general del DIF Jos\u00e9 Luis Pintado Gamboa, el subcoordinador de la Escuela de M\u00fasica el L.C.C Jes\u00fas Marcelo Torres Trevi\u00f1o, as\u00ed como la Lic. Olga Lorena Hern\u00e1ndez Mart\u00ednez, jefa de Espacios de Artes y Oficios de Maquila Creativa.<\/p>\n<p>La\u00a0 Escuela de M\u00fasica del Sistema DIF es la primera escuela en su categor\u00eda en todo el estado de Tamaulipas y en ella se imparten tambi\u00e9n clases de m\u00fasica para personas con discapacidad.<\/p>\n<p><img loading=\"lazy\" decoding=\"async\" class=\"aligncenter size-full wp-image-66931\" src=\"https:\/\/www.buroperiodistico.com.mx\/wp-content\/uploads\/2023\/07\/DIFx-I.jpeg\" alt=\"\" width=\"640\" height=\"427\" srcset=\"https:\/\/www.buroperiodistico.com.mx\/wp-content\/uploads\/2023\/07\/DIFx-I.jpeg 640w, https:\/\/www.buroperiodistico.com.mx\/wp-content\/uploads\/2023\/07\/DIFx-I-300x200.jpeg 300w\" sizes=\"auto, (max-width: 640px) 100vw, 640px\" \/> <img loading=\"lazy\" decoding=\"async\" class=\"aligncenter size-full wp-image-66932\" src=\"https:\/\/www.buroperiodistico.com.mx\/wp-content\/uploads\/2023\/07\/DIFx-II.jpeg\" alt=\"\" width=\"640\" height=\"427\" srcset=\"https:\/\/www.buroperiodistico.com.mx\/wp-content\/uploads\/2023\/07\/DIFx-II.jpeg 640w, https:\/\/www.buroperiodistico.com.mx\/wp-content\/uploads\/2023\/07\/DIFx-II-300x200.jpeg 300w\" sizes=\"auto, (max-width: 640px) 100vw, 640px\" \/><\/p>\n","protected":false},"excerpt":{"rendered":"<p>Nuevo Laredo, Tam (13-Julio-2023).- M\u00e1s de 200 alumnos de la Escuela de M\u00fasica del Sistema&#8230;<\/p>\n","protected":false},"author":1,"featured_media":66933,"comment_status":"closed","ping_status":"closed","sticky":false,"template":"","format":"standard","meta":{"footnotes":"","jetpack_publicize_message":"","jetpack_publicize_feature_enabled":true,"jetpack_social_post_already_shared":false,"jetpack_social_options":{"image_generator_settings":{"template":"highway","default_image_id":0,"font":"","enabled":false},"version":2}},"categories":[16],"tags":[],"class_list":["post-66930","post","type-post","status-publish","format-standard","has-post-thumbnail","hentry","category-nuevolaredo"],"jetpack_publicize_connections":[],"_links":{"self":[{"href":"https:\/\/www.buroperiodistico.com.mx\/index.php?rest_route=\/wp\/v2\/posts\/66930","targetHints":{"allow":["GET"]}}],"collection":[{"href":"https:\/\/www.buroperiodistico.com.mx\/index.php?rest_route=\/wp\/v2\/posts"}],"about":[{"href":"https:\/\/www.buroperiodistico.com.mx\/index.php?rest_route=\/wp\/v2\/types\/post"}],"author":[{"embeddable":true,"href":"https:\/\/www.buroperiodistico.com.mx\/index.php?rest_route=\/wp\/v2\/users\/1"}],"replies":[{"embeddable":true,"href":"https:\/\/www.buroperiodistico.com.mx\/index.php?rest_route=%2Fwp%2Fv2%2Fcomments&post=66930"}],"version-history":[{"count":0,"href":"https:\/\/www.buroperiodistico.com.mx\/index.php?rest_route=\/wp\/v2\/posts\/66930\/revisions"}],"wp:featuredmedia":[{"embeddable":true,"href":"https:\/\/www.buroperiodistico.com.mx\/index.php?rest_route=\/wp\/v2\/media\/66933"}],"wp:attachment":[{"href":"https:\/\/www.buroperiodistico.com.mx\/index.php?rest_route=%2Fwp%2Fv2%2Fmedia&parent=66930"}],"wp:term":[{"taxonomy":"category","embeddable":true,"href":"https:\/\/www.buroperiodistico.com.mx\/index.php?rest_route=%2Fwp%2Fv2%2Fcategories&post=66930"},{"taxonomy":"post_tag","embeddable":true,"href":"https:\/\/www.buroperiodistico.com.mx\/index.php?rest_route=%2Fwp%2Fv2%2Ftags&post=66930"}],"curies":[{"name":"wp","href":"https:\/\/api.w.org\/{rel}","templated":true}]}}