{"id":66928,"date":"2023-07-13T12:01:59","date_gmt":"2023-07-13T18:01:59","guid":{"rendered":"https:\/\/www.buroperiodistico.com.mx\/?p=66928"},"modified":"2023-07-13T12:01:59","modified_gmt":"2023-07-13T18:01:59","slug":"agenda-fronteriza-por-humberto-gutierrez-324","status":"publish","type":"post","link":"https:\/\/www.buroperiodistico.com.mx\/?p=66928","title":{"rendered":"AGENDA FRONTERIZA\/ POR HUMBERTO GUTIERREZ"},"content":{"rendered":"<p><em><strong>(13-Julio-2023)<\/strong><\/em><\/p>\n<p style=\"text-align: center;\"><strong>LA UAT Y SU RECONOCIMIENTO INTERNACIONAL <\/strong><\/p>\n<p>La UAT es reconocida internacionalmente al recibir a estudiantes de la Universidad Aut\u00f3noma de Chiriqu\u00ed, Panam\u00e1, quienes realizan una estancia de investigaci\u00f3n en el Instituto de Ecolog\u00eda Aplicada (IEA), con el fin de experimentar y compartir t\u00e9cnicas para la conservaci\u00f3n de la especie de plantas conocidas como bromelias.<\/p>\n<p>Dos estudiantes de la carrera de Biolog\u00eda de la universidad del pa\u00eds centroamericano, participan con la UAT en el desarrollo de sus tesis sobre la conservaci\u00f3n de bromelias y su utilizaci\u00f3n como biondicadores de cambio clim\u00e1tico.<\/p>\n<p>En su oportunidad, los visitantes fueron recibidos por el C. P. GUILLERMO MENDOZA CAVAZOS, rector de la UAT, quien les dese\u00f3 el mejor de los \u00e9xitos en sus proyectos, destacando la importancia de la colaboraci\u00f3n que sostiene la UAT con universidades tanto nacionales como de otros pa\u00edses, para compartir avances y resultados de investigaciones cient\u00edficas.<\/p>\n<p>JOSE INES FIGUEROA VITELA es un periodista non, formado en la academia ha sobresalido con el g\u00e9nero de columna, de reportero y de investigaci\u00f3n. Es un periodista bien documentado en sus columnas que se encuentra en casi todos los peri\u00f3dicos impresos del estado y en el entorno digital.<\/p>\n<p>Por lo mismo, es bien conocido en los municipios del estado.<\/p>\n<p>Afectado con la ola de violencia que perpetraron los diputados locales del PAN, el periodista reci\u00e9n hab\u00eda sido nombrado Jefe de la Unidad de Comunicaci\u00f3n Social del Congreso del Estado.<\/p>\n<p>La sociedad civil representada est\u00e1 en contra de acciones de violencia que cada vez m\u00e1s, distingue a la clase pol\u00edtica.<\/p>\n<p>Y el resto de la sociedad se da cuenta de lo que est\u00e1 ocurriendo, el Congreso local volvi\u00f3 a dar la nota chusca pues la sesi\u00f3n de ayer degener\u00f3 en show con golpes y toda la cosa, espect\u00e1culo muy penoso a cargo de la diputada Leticia S\u00e1nchez Guillermo, de Matamoros.<\/p>\n<p>AGENDA FRONTERIZA se une al reclamo del periodista, al reclamo del resto de la sociedad que se viva un clima de respeto.<\/p>\n<p>Todos los que quisieron se registraron como aspirantes a obtener la candidatura del Frente Amplio Opositor del partido gobernante MORENA.<\/p>\n<p>Es un hecho casi igual al que dise\u00f1o MORENA para la selecci\u00f3n solo con cinco meses de diferencia.<\/p>\n<p>Los aspirantes de MORENA sin hijos del mismo proyecto de Naci\u00f3n inspirado en el Movimiento de Regeneraci\u00f3n Nacional que busca la 4\u00aa Transformaci\u00f3n en la Vida Nacional.<\/p>\n<p>Los cuatro aspirantes de MORENA, Ad\u00e1n, Claudia, Ricardo y Marcelo, son como los tr\u00e9boles de cuatro hojas, que se ven bonitos unidos, todos ellos al final, ninguno es partidario del pleito. Reconocen que TODO o NADA es necesario la unidad.<\/p>\n<p>Los aliados tienen tambi\u00e9n su candidato, el PT con Gerardo NORO\u00d1A y el VERDE con Velazco.<\/p>\n<p>Los del PRI, PRD y PAN con intereses que debieran ser comunes pero que en realidad representan, algunos intereses perversos, con ganas de los tomen en cuenta para cualquier otra posici\u00f3n. No me puedo imaginar a Cabeza de Vaca queriendo dar cuerda a un reloj de arena.<\/p>\n<p>Quiere hacer ruido para alcanzar una diputaci\u00f3n plurinominal.<\/p>\n<p>La necesita.<\/p>\n<p>Creo que si el Frente Opositor quiere dar la pelea debe escoger como candidato a una persona fuerte de talla internacional, Ildefonso Guajardo, Miguel Angel Gurria.<\/p>\n<p>No me imagino a X\u00f3chitl como candidata.<\/p>\n<p>En otro orden de ideas, para responder a una de las demandas m\u00e1s sensibles y urgentes de las y los victorenses, el gobernador AMERICO VILLARREAL, entrego 12 camiones cisterna y otros tantos de recolecci\u00f3n de basura y reitero que la segunda fase del acueducto desde la presa Vicente Guerrero a esta capital ser\u00e1 una realidad; \u201caqu\u00ed dejo empe\u00f1ada mi palabra\u201d, para despu\u00e9s encabezo una jornada de abastecimiento de agua en colonias del sector poniente de Victoria.<\/p>\n<p>Por otro lado, la secretaria de salud de Tamaulipas solicito a la poblaci\u00f3n a extremar las medidas de prevenci\u00f3n y consumir abundantes l\u00edquidos ante la insistente onda de calor que azota la entidad, la cual ha causado hasta el momento, la muerte de ocho personas y mantiene hospitalizados 49.<\/p>\n<p>Vuelve la diversi\u00f3n familiar, el folklor y la activaci\u00f3n f\u00edsica regres\u00f3 este domingo al paseo 17 Te Quiero M\u00e1s al autorizar el Ayuntamiento de Victoria su reapertura al disminuir los efectos de las altas temperaturas.<\/p>\n<p>La venta de productos elaborados por grupos de emprendedores de la ciudad, van a ser instalados a lo largo de la avenida, al igual que las mesas de reclutamiento de la Secretar\u00eda de Seguridad, del IMSS y DIF Tamaulipas que brindan informaci\u00f3n a los paseantes sobre sus programas asistenciales.<\/p>\n<p>Mi correo: <a href=\"mailto:humbertografico@yahoo.com,mx\">humbertografico@yahoo.com,mx<\/a><\/p>\n","protected":false},"excerpt":{"rendered":"<p>(13-Julio-2023) LA UAT Y SU RECONOCIMIENTO INTERNACIONAL La UAT es reconocida internacionalmente al recibir a&#8230;<\/p>\n","protected":false},"author":1,"featured_media":213,"comment_status":"closed","ping_status":"closed","sticky":false,"template":"","format":"standard","meta":{"footnotes":"","jetpack_publicize_message":"","jetpack_publicize_feature_enabled":true,"jetpack_social_post_already_shared":false,"jetpack_social_options":{"image_generator_settings":{"template":"highway","default_image_id":0,"font":"","enabled":false},"version":2}},"categories":[23],"tags":[],"class_list":["post-66928","post","type-post","status-publish","format-standard","has-post-thumbnail","hentry","category-columnas"],"jetpack_publicize_connections":[],"_links":{"self":[{"href":"https:\/\/www.buroperiodistico.com.mx\/index.php?rest_route=\/wp\/v2\/posts\/66928","targetHints":{"allow":["GET"]}}],"collection":[{"href":"https:\/\/www.buroperiodistico.com.mx\/index.php?rest_route=\/wp\/v2\/posts"}],"about":[{"href":"https:\/\/www.buroperiodistico.com.mx\/index.php?rest_route=\/wp\/v2\/types\/post"}],"author":[{"embeddable":true,"href":"https:\/\/www.buroperiodistico.com.mx\/index.php?rest_route=\/wp\/v2\/users\/1"}],"replies":[{"embeddable":true,"href":"https:\/\/www.buroperiodistico.com.mx\/index.php?rest_route=%2Fwp%2Fv2%2Fcomments&post=66928"}],"version-history":[{"count":0,"href":"https:\/\/www.buroperiodistico.com.mx\/index.php?rest_route=\/wp\/v2\/posts\/66928\/revisions"}],"wp:featuredmedia":[{"embeddable":true,"href":"https:\/\/www.buroperiodistico.com.mx\/index.php?rest_route=\/wp\/v2\/media\/213"}],"wp:attachment":[{"href":"https:\/\/www.buroperiodistico.com.mx\/index.php?rest_route=%2Fwp%2Fv2%2Fmedia&parent=66928"}],"wp:term":[{"taxonomy":"category","embeddable":true,"href":"https:\/\/www.buroperiodistico.com.mx\/index.php?rest_route=%2Fwp%2Fv2%2Fcategories&post=66928"},{"taxonomy":"post_tag","embeddable":true,"href":"https:\/\/www.buroperiodistico.com.mx\/index.php?rest_route=%2Fwp%2Fv2%2Ftags&post=66928"}],"curies":[{"name":"wp","href":"https:\/\/api.w.org\/{rel}","templated":true}]}}