{"id":66922,"date":"2023-07-13T11:55:33","date_gmt":"2023-07-13T17:55:33","guid":{"rendered":"https:\/\/www.buroperiodistico.com.mx\/?p=66922"},"modified":"2023-07-13T11:55:33","modified_gmt":"2023-07-13T17:55:33","slug":"imparten-capacitacion-a-personal-de-proteccion-civil-de-la-zona-conurbada","status":"publish","type":"post","link":"https:\/\/www.buroperiodistico.com.mx\/?p=66922","title":{"rendered":"Imparten capacitaci\u00f3n a personal de Protecci\u00f3n Civil de la zona conurbada"},"content":{"rendered":"<p><em><strong><img loading=\"lazy\" decoding=\"async\" class=\" wp-image-66926 alignright\" src=\"https:\/\/www.buroperiodistico.com.mx\/wp-content\/uploads\/2023\/07\/CPCconurbada.jpeg\" alt=\"\" width=\"596\" height=\"335\" srcset=\"https:\/\/www.buroperiodistico.com.mx\/wp-content\/uploads\/2023\/07\/CPCconurbada.jpeg 1024w, https:\/\/www.buroperiodistico.com.mx\/wp-content\/uploads\/2023\/07\/CPCconurbada-300x169.jpeg 300w, https:\/\/www.buroperiodistico.com.mx\/wp-content\/uploads\/2023\/07\/CPCconurbada-768x432.jpeg 768w\" sizes=\"auto, (max-width: 596px) 100vw, 596px\" \/>Altamira, Tamaulipas (13-Julio-2023).-<\/strong><\/em> Personal de la Secretar\u00eda General de Gobierno a trav\u00e9s de la Coordinaci\u00f3n Estatal de Protecci\u00f3n Civil, en coordinaci\u00f3n con el Centro Regional de Emergencia en Altamira, realizaron el curso-taller especializado en extracci\u00f3n de personas de veh\u00edculos en siniestros, para el personal de las direcciones municipales de Protecci\u00f3n Civil en Tampico, Madero y Altamira.<\/p>\n<p>Con la finalidad de mantener el compromiso hecho por el gobernador de Tamaulipas, Am\u00e9rico Villarreal Anaya de llevar mejores servicios a las y los tamaulipecos se realiz\u00f3 este curso-taller donde se estar\u00e1n capacitando personal de servicio.<\/p>\n<p>Durante la primera etapa se instruy\u00f3 a los participantes con teor\u00eda referente al manejo de herramientas y partes de los equipos hidr\u00e1ulicos que normalmente se le conoce como \u201cquijadas de la vida\u201d.<\/p>\n<p>Para dar paso a la segunda etapa que es la pr\u00e1ctica, donde cada uno de los participantes portan el equipo de protecci\u00f3n personal para iniciar con lo conducente en escenarios similares a la realidad, pues para este tipo de capacitaciones es necesario cortar veh\u00edculos reales y con esto aprovechar el escenario de emergencia empleando a los participantes para simular una persona herida.<\/p>\n<p>Con el fin de trabajar en colaboraci\u00f3n con las diferentes \u00e1reas de atenci\u00f3n, acudieron a esta capacitaci\u00f3n algunos voluntarios de Cruz Roja Mexicana de la zona conurbada, quienes se estar\u00e1n sumando a las actividades que se desarrollar\u00e1n durante el periodo vacacional de verano en las carreteras y puntos tur\u00edsticos de Tamaulipas.<\/p>\n<p>Con todo esto se pretende desarrollar mecanismos de coordinaci\u00f3n para trabajar en conjunto a favor de la ciudadan\u00eda en casos de emergencia, atendiendo la encomienda del secretario general de Gobierno, H\u00e9ctor Joel Villegas Gonz\u00e1lez quien a trav\u00e9s del coordinador Estatal de Protecci\u00f3n Civil, Luis Gerardo Gonz\u00e1lez de la Fuente se mantiene en contacto permanente con todos los participantes de este taller.<\/p>\n<p><img loading=\"lazy\" decoding=\"async\" class=\"aligncenter size-full wp-image-66923\" src=\"https:\/\/www.buroperiodistico.com.mx\/wp-content\/uploads\/2023\/07\/CPCconurbada-I.jpeg\" alt=\"\" width=\"640\" height=\"480\" srcset=\"https:\/\/www.buroperiodistico.com.mx\/wp-content\/uploads\/2023\/07\/CPCconurbada-I.jpeg 640w, https:\/\/www.buroperiodistico.com.mx\/wp-content\/uploads\/2023\/07\/CPCconurbada-I-300x225.jpeg 300w\" sizes=\"auto, (max-width: 640px) 100vw, 640px\" \/> <img loading=\"lazy\" decoding=\"async\" class=\"aligncenter size-full wp-image-66925\" src=\"https:\/\/www.buroperiodistico.com.mx\/wp-content\/uploads\/2023\/07\/CPCconurbada-III.jpeg\" alt=\"\" width=\"640\" height=\"480\" srcset=\"https:\/\/www.buroperiodistico.com.mx\/wp-content\/uploads\/2023\/07\/CPCconurbada-III.jpeg 640w, https:\/\/www.buroperiodistico.com.mx\/wp-content\/uploads\/2023\/07\/CPCconurbada-III-300x225.jpeg 300w\" sizes=\"auto, (max-width: 640px) 100vw, 640px\" \/> <img loading=\"lazy\" decoding=\"async\" class=\"aligncenter size-full wp-image-66924\" src=\"https:\/\/www.buroperiodistico.com.mx\/wp-content\/uploads\/2023\/07\/CPCconurbada-II.jpeg\" alt=\"\" width=\"640\" height=\"480\" srcset=\"https:\/\/www.buroperiodistico.com.mx\/wp-content\/uploads\/2023\/07\/CPCconurbada-II.jpeg 640w, https:\/\/www.buroperiodistico.com.mx\/wp-content\/uploads\/2023\/07\/CPCconurbada-II-300x225.jpeg 300w\" sizes=\"auto, (max-width: 640px) 100vw, 640px\" \/><\/p>\n","protected":false},"excerpt":{"rendered":"<p>Altamira, Tamaulipas (13-Julio-2023).- Personal de la Secretar\u00eda General de Gobierno a trav\u00e9s de la Coordinaci\u00f3n&#8230;<\/p>\n","protected":false},"author":1,"featured_media":66926,"comment_status":"closed","ping_status":"closed","sticky":false,"template":"","format":"standard","meta":{"footnotes":"","jetpack_publicize_message":"","jetpack_publicize_feature_enabled":true,"jetpack_social_post_already_shared":false,"jetpack_social_options":{"image_generator_settings":{"template":"highway","default_image_id":0,"font":"","enabled":false},"version":2}},"categories":[10],"tags":[],"class_list":["post-66922","post","type-post","status-publish","format-standard","has-post-thumbnail","hentry","category-tamaulipas"],"jetpack_publicize_connections":[],"_links":{"self":[{"href":"https:\/\/www.buroperiodistico.com.mx\/index.php?rest_route=\/wp\/v2\/posts\/66922","targetHints":{"allow":["GET"]}}],"collection":[{"href":"https:\/\/www.buroperiodistico.com.mx\/index.php?rest_route=\/wp\/v2\/posts"}],"about":[{"href":"https:\/\/www.buroperiodistico.com.mx\/index.php?rest_route=\/wp\/v2\/types\/post"}],"author":[{"embeddable":true,"href":"https:\/\/www.buroperiodistico.com.mx\/index.php?rest_route=\/wp\/v2\/users\/1"}],"replies":[{"embeddable":true,"href":"https:\/\/www.buroperiodistico.com.mx\/index.php?rest_route=%2Fwp%2Fv2%2Fcomments&post=66922"}],"version-history":[{"count":0,"href":"https:\/\/www.buroperiodistico.com.mx\/index.php?rest_route=\/wp\/v2\/posts\/66922\/revisions"}],"wp:featuredmedia":[{"embeddable":true,"href":"https:\/\/www.buroperiodistico.com.mx\/index.php?rest_route=\/wp\/v2\/media\/66926"}],"wp:attachment":[{"href":"https:\/\/www.buroperiodistico.com.mx\/index.php?rest_route=%2Fwp%2Fv2%2Fmedia&parent=66922"}],"wp:term":[{"taxonomy":"category","embeddable":true,"href":"https:\/\/www.buroperiodistico.com.mx\/index.php?rest_route=%2Fwp%2Fv2%2Fcategories&post=66922"},{"taxonomy":"post_tag","embeddable":true,"href":"https:\/\/www.buroperiodistico.com.mx\/index.php?rest_route=%2Fwp%2Fv2%2Ftags&post=66922"}],"curies":[{"name":"wp","href":"https:\/\/api.w.org\/{rel}","templated":true}]}}