{"id":6685,"date":"2022-03-24T18:03:33","date_gmt":"2022-03-25T00:03:33","guid":{"rendered":"https:\/\/www.buroperiodistico.com.mx\/?p=6685"},"modified":"2022-03-24T18:03:33","modified_gmt":"2022-03-25T00:03:33","slug":"la-comuna-por-jose-angel-solorio-martinez-16","status":"publish","type":"post","link":"https:\/\/www.buroperiodistico.com.mx\/?p=6685","title":{"rendered":"La Comuna\/ por Jos\u00e9 \u00c1ngel Solorio Mart\u00ednez"},"content":{"rendered":"<p style=\"text-align: center;\"><em><strong>Sobre el padr\u00f3n electoral de Tamaulipas y sus derivaciones<\/strong><\/em><\/p>\n<p>A juicio del Registro Federal de Electores de Tamaulipas, el padr\u00f3n con el cual se llevar\u00e1n a cabo los comicios para la elecci\u00f3n del gobernador, el venidero 5 de junio, tiene \u2013hasta el cierre de hoy, en los 43 municipios\u2013 dos millones 754 mil 737 electores.<\/p>\n<p>De esa cantidad, destacan dos ciudades: Reynosa y San Nicol\u00e1s, los dos extremos demogr\u00e1ficos: el primero, cuenta con 546 mil, 76 electores en tanto el min\u00fasculo segundo, puede presumir de 946 electores.<\/p>\n<p>De la cifra redonda, un mill\u00f3n 346 mil 180 son hombres, en tanto el resto un mill\u00f3n 408 mil son mujeres.<\/p>\n<p>Es decir: las damas superan a los pelaos, con algunos 50 mil votos en la entidad. Sin ser definitivos esos d\u00edgitos, es el primer mito que cae: las mujeres no aclaran del todo elecciones; o al menos: no son determinantes en la electoralia tamaulipeca.<\/p>\n<p>\u00bfCu\u00e1ntos ciudadanos podr\u00edan participar en la elecci\u00f3n del 5 de junio para elegir gobernador?<\/p>\n<p>Pueden hacerse varias proyecciones.<\/p>\n<p>Aunque lo primero que se tiene que ponderar es lo at\u00edpico de los comicios. No se eligen diputados, ni alcaldes. Este ingrediente, puede desanimar a algunos votantes; es un fen\u00f3meno muy visto y muy estudiado: el votante, pone m\u00e1s inter\u00e9s por elegir a la autoridad que m\u00e1s cercana siente.<\/p>\n<p>En ese sentido, las alcald\u00edas, poseen un magnetismo especial para el ciudadano com\u00fan.<\/p>\n<p>De otra manera: el voto para la elecci\u00f3n s\u00f3lo de gobernador, puede incrementar las cifras del abstencionismo.<\/p>\n<p>Otro elemento, que incidir\u00e1 en la cuantificaci\u00f3n de la participaci\u00f3n de votantes es lo compacto de la campa\u00f1a constitucional: s\u00f3lo dos meses.<\/p>\n<p>Con las experiencias hist\u00f3ricas, de participaci\u00f3n ciudadana se puede calcular conservadoramente, la asistencia a las urnas de \u2013m\u00e1s o menos\u2013, el 45 por ciento de la lista de electores.<\/p>\n<p>Es decir: ir\u00edan a las casillas un mill\u00f3n 340 mil ciudadanos.<\/p>\n<p>Esa suma de potenciales boletas cruzadas, tendr\u00edan que repartirse entre los candidatos de MORENA-PV-PT, PAN-PRI-PRD y el MC.<\/p>\n<p>El 50 por ciento de un mill\u00f3n 340 mil, ser\u00edan aproximadamente 670 mil votos.<\/p>\n<p>S\u00f3lo que resulta que el MC, trae un arrastre de m\u00e1s o menos el seis por ciento de preferencias electorales.<\/p>\n<p>Mas claro: las huestes de Arturo Diez Guti\u00e9rrez, podr\u00edan llevarse 80 mil 400 boletas.<\/p>\n<p>Esa circunstancia, pone en predicamento a los analistas: \u00bfA qui\u00e9n restar\u00eda votos la participaci\u00f3n en el proceso de la gubernatura, de Diez Guti\u00e9rrez? (Dejemos esta interrogante para otra entrega).<\/p>\n<p>El uno por ciento de la cifra proyectada en referencia a la participaci\u00f3n ciudadana \u2013un mill\u00f3n 340 mil\u2013 ser\u00edan 13 mil 340.<\/p>\n<p>De otra forma: cada punto que un contendiente le saque a otro de ventaja, significar\u00e1 que tiene 13 mil 340 sufragios de ventaja.<\/p>\n<p>Con o sin tomar partido, analice usted los n\u00fameros de su candidato, en funci\u00f3n de las mediciones que hacen las encuestadoras. Con todo y que muchos actores demosc\u00f3picos, hacen sus n\u00fameros al troche moche, la metodolog\u00eda que aqu\u00ed presentamos, le podr\u00eda ayudar.<\/p>\n<p>Le auxiliar\u00e1, para no exagerar y no sufrir con los resultados finales.<\/p>\n<p>Y no le pase, lo que aquel gorr\u00f3n en el ejido, que cada vez que atacaba el ba\u00f1o de la cerveza, le dec\u00edan los compa\u00f1eros con voz apiporrada:<\/p>\n<p>\u2013\u00a1M\u00eddete, Logio! \u00a1M\u00eddete, Logio!<\/p>\n","protected":false},"excerpt":{"rendered":"<p>Sobre el padr\u00f3n electoral de Tamaulipas y sus derivaciones A juicio del Registro Federal de&#8230;<\/p>\n","protected":false},"author":1,"featured_media":297,"comment_status":"open","ping_status":"open","sticky":false,"template":"","format":"standard","meta":{"footnotes":"","jetpack_publicize_message":"","jetpack_publicize_feature_enabled":true,"jetpack_social_post_already_shared":false,"jetpack_social_options":{"image_generator_settings":{"template":"highway","default_image_id":0,"font":"","enabled":false},"version":2}},"categories":[23],"tags":[],"class_list":["post-6685","post","type-post","status-publish","format-standard","has-post-thumbnail","hentry","category-columnas"],"jetpack_publicize_connections":[],"_links":{"self":[{"href":"https:\/\/www.buroperiodistico.com.mx\/index.php?rest_route=\/wp\/v2\/posts\/6685","targetHints":{"allow":["GET"]}}],"collection":[{"href":"https:\/\/www.buroperiodistico.com.mx\/index.php?rest_route=\/wp\/v2\/posts"}],"about":[{"href":"https:\/\/www.buroperiodistico.com.mx\/index.php?rest_route=\/wp\/v2\/types\/post"}],"author":[{"embeddable":true,"href":"https:\/\/www.buroperiodistico.com.mx\/index.php?rest_route=\/wp\/v2\/users\/1"}],"replies":[{"embeddable":true,"href":"https:\/\/www.buroperiodistico.com.mx\/index.php?rest_route=%2Fwp%2Fv2%2Fcomments&post=6685"}],"version-history":[{"count":0,"href":"https:\/\/www.buroperiodistico.com.mx\/index.php?rest_route=\/wp\/v2\/posts\/6685\/revisions"}],"wp:featuredmedia":[{"embeddable":true,"href":"https:\/\/www.buroperiodistico.com.mx\/index.php?rest_route=\/wp\/v2\/media\/297"}],"wp:attachment":[{"href":"https:\/\/www.buroperiodistico.com.mx\/index.php?rest_route=%2Fwp%2Fv2%2Fmedia&parent=6685"}],"wp:term":[{"taxonomy":"category","embeddable":true,"href":"https:\/\/www.buroperiodistico.com.mx\/index.php?rest_route=%2Fwp%2Fv2%2Fcategories&post=6685"},{"taxonomy":"post_tag","embeddable":true,"href":"https:\/\/www.buroperiodistico.com.mx\/index.php?rest_route=%2Fwp%2Fv2%2Ftags&post=6685"}],"curies":[{"name":"wp","href":"https:\/\/api.w.org\/{rel}","templated":true}]}}