{"id":6663,"date":"2022-03-24T15:11:03","date_gmt":"2022-03-24T21:11:03","guid":{"rendered":"https:\/\/www.buroperiodistico.com.mx\/?p=6663"},"modified":"2022-03-24T15:11:03","modified_gmt":"2022-03-24T21:11:03","slug":"salud-municipal-reforzara-atencion-en-enfermedades-cardiacas-y-cronico-degenerativas","status":"publish","type":"post","link":"https:\/\/www.buroperiodistico.com.mx\/?p=6663","title":{"rendered":"SALUD MUNICIPAL REFORZAR\u00c1\u00a0 ATENCI\u00d3N EN ENFERMEDADES CARD\u00cdACAS Y CR\u00d3NICO DEGENERATIVAS"},"content":{"rendered":"<p><em><strong><img loading=\"lazy\" decoding=\"async\" class=\"alignright  wp-image-6666\" src=\"https:\/\/www.buroperiodistico.com.mx\/wp-content\/uploads\/2022\/03\/Carmen-3.jpeg\" alt=\"\" width=\"558\" height=\"307\" srcset=\"https:\/\/www.buroperiodistico.com.mx\/wp-content\/uploads\/2022\/03\/Carmen-3.jpeg 1024w, https:\/\/www.buroperiodistico.com.mx\/wp-content\/uploads\/2022\/03\/Carmen-3-300x165.jpeg 300w, https:\/\/www.buroperiodistico.com.mx\/wp-content\/uploads\/2022\/03\/Carmen-3-768x422.jpeg 768w\" sizes=\"auto, (max-width: 558px) 100vw, 558px\" \/>Nuevo Laredo, Tam (24-Marzo-2022).-<\/strong><\/em> En la primera sesi\u00f3n del Comit\u00e9 Municipal de Salud de Nuevo Laredo, integrado por autoridades del Ayuntamiento, estatales y el \u00e1rea m\u00e9dica, la Subsecretar\u00eda de Prevenci\u00f3n\u00a0 y Promoci\u00f3n de Salud de Tamaulipas, presentaron el reporte del panorama sanitario en\u00a0 la Ciudad de las enfermedades m\u00e1s recurrentes y de esta manera estar en disposici\u00f3n de establecer las medidas de prevenci\u00f3n para enfrentarlas.<\/p>\n<p>Se inform\u00f3 en la junta que en 2021, se presentaron nuevos casos de enfermedad o morbilidad, como fueron infecciones respiratorias agudas, COVID-19 e infecciones intestinales.<\/p>\n<p>En ese sentido y de acuerdo con el reporte presentado en el \u00e1rea de mortalidad, el primer lugar lo ocupan las enfermedades del coraz\u00f3n con 680 fallecimientos, seguido del Covid-19 con 565 y tercero fue la diabetes mellitus con 457.<\/p>\n<p>Mientras que en morbilidad las infecciones respiratorias agudas se colocaron como primeros con 32 mil 362 casos, despu\u00e9s en segundo qued\u00f3 COVID-19 con 12 mil 734 y tercero, fueron las infecciones intestinales con 12 mil 449.<\/p>\n<p>Ante este panorama la alcaldesa de Nuevo Laredo, Carmen Lilia Canturosas Villarreal, subray\u00f3 que redoblar\u00e1n esfuerzos en materia de atenci\u00f3n a la salud y prevenci\u00f3n de enfermedades.<\/p>\n<p>\u00abCon estas cifras que nos presentaron tenemos que saber en qu\u00e9 nos vamos a enfocar para poner mayor atenci\u00f3n, siempre va a ser m\u00e1s sencillo y m\u00e1s barato para todos prevenir y consultar nuestra salud, en el que nosotros ya hemos tomado cartas en el asunto a trav\u00e9s de las brigadas m\u00e9dico asistenciales, que llevamos cada mi\u00e9rcoles en diversas colonias de la ciudad\u00bb, dijo Canturosas Villarreal.<\/p>\n<p>En tanto que, Liliana Arjona, directora de Salud Municipal, inform\u00f3 que estas tres enfermedades van relacionadas, ya que las personas que han fallecido por Covid-19, son por causas de problemas en el coraz\u00f3n y diabetes.<\/p>\n<p>\u00abSe aconseja a la ciudadan\u00eda a que anualmente se realicen sus ex\u00e1menes de biometr\u00eda, qu\u00edmica sangu\u00ednea, radiograf\u00eda de t\u00f3rax, sobre todo si cuentan con m\u00e1s de 40 a\u00f1os o m\u00e1s temprano si tienes antecedentes familiares, as\u00ed como realizar actividad f\u00edsica diaria y una buena alimentaci\u00f3n\u00bb, mencion\u00f3 Arjona.<\/p>\n<p>A\u00f1adi\u00f3 que la ciudadan\u00eda puede acercarse a la oficina de la Direcci\u00f3n de Salud Municipal, ubicada en Maclovio Herrera 815, de lunes a viernes de 8:00 de la ma\u00f1ana a 3:00 de la tarde; as\u00ed mismo, a trav\u00e9s de las redes sociales, se ofrece informaci\u00f3n sobre los diversos programas de salud.<\/p>\n<p>Por su parte, la ciudadana Mar\u00eda Guadalupe Mart\u00ednez Mat\u00edas, quien se efectu\u00f3 un examen de detecci\u00f3n oportuna de diabetes en la brigada m\u00e9dico asistencial, coment\u00f3 que es importante que la ciudadan\u00eda atienda su salud ante cualquier s\u00edntoma raro que presente.<\/p>\n<p>\u00abDesafortunadamente nos est\u00e1 atacando este problema de la diabetes, donde hay much\u00edsima gente que sufre de este mal y por problemas econ\u00f3micos no nos atendemos como deber\u00edamos, por lo que con esta clase de brigadas, que son gratuitas, nos beneficia much\u00edsimo\u00bb, dijo Mart\u00ednez Mat\u00edas.<\/p>\n<p>En la \u00faltima brigada m\u00e9dica asistencial realizada en la Colonia \u201cHacienda San Agust\u00edn\u201d, el gobierno municipal brind\u00f3 451 atenciones, de los que destacaron 51 de detecci\u00f3n oportuna de diabetes mellitus y 51 de hipertensi\u00f3n arterial , entre otros servicios.<\/p>\n<p><img loading=\"lazy\" decoding=\"async\" class=\"size-full wp-image-6664 aligncenter\" src=\"https:\/\/www.buroperiodistico.com.mx\/wp-content\/uploads\/2022\/03\/Carmen-I-4.jpeg\" alt=\"\" width=\"639\" height=\"480\" srcset=\"https:\/\/www.buroperiodistico.com.mx\/wp-content\/uploads\/2022\/03\/Carmen-I-4.jpeg 639w, https:\/\/www.buroperiodistico.com.mx\/wp-content\/uploads\/2022\/03\/Carmen-I-4-300x225.jpeg 300w\" sizes=\"auto, (max-width: 639px) 100vw, 639px\" \/> <img loading=\"lazy\" decoding=\"async\" class=\"size-full wp-image-6665 aligncenter\" src=\"https:\/\/www.buroperiodistico.com.mx\/wp-content\/uploads\/2022\/03\/Carmen-II-2.jpeg\" alt=\"\" width=\"518\" height=\"480\" srcset=\"https:\/\/www.buroperiodistico.com.mx\/wp-content\/uploads\/2022\/03\/Carmen-II-2.jpeg 518w, https:\/\/www.buroperiodistico.com.mx\/wp-content\/uploads\/2022\/03\/Carmen-II-2-300x278.jpeg 300w\" sizes=\"auto, (max-width: 518px) 100vw, 518px\" \/><\/p>\n<div style=\"width: 640px;\" class=\"wp-video\"><video class=\"wp-video-shortcode\" id=\"video-6663-1\" width=\"640\" height=\"360\" preload=\"metadata\" controls=\"controls\"><source type=\"video\/mp4\" src=\"https:\/\/www.buroperiodistico.com.mx\/wp-content\/uploads\/2022\/03\/02-DE-MARZO-ENFERMEDADES-EN-NUEVO-LAREDO-CLCR.mp4?_=1\" \/><a href=\"https:\/\/www.buroperiodistico.com.mx\/wp-content\/uploads\/2022\/03\/02-DE-MARZO-ENFERMEDADES-EN-NUEVO-LAREDO-CLCR.mp4\">https:\/\/www.buroperiodistico.com.mx\/wp-content\/uploads\/2022\/03\/02-DE-MARZO-ENFERMEDADES-EN-NUEVO-LAREDO-CLCR.mp4<\/a><\/video><\/div>\n","protected":false},"excerpt":{"rendered":"<p>Nuevo Laredo, Tam (24-Marzo-2022).- En la primera sesi\u00f3n del Comit\u00e9 Municipal de Salud de Nuevo&#8230;<\/p>\n","protected":false},"author":1,"featured_media":6666,"comment_status":"open","ping_status":"open","sticky":false,"template":"","format":"standard","meta":{"footnotes":"","jetpack_publicize_message":"","jetpack_publicize_feature_enabled":true,"jetpack_social_post_already_shared":false,"jetpack_social_options":{"image_generator_settings":{"template":"highway","default_image_id":0,"font":"","enabled":false},"version":2}},"categories":[16,25],"tags":[],"class_list":["post-6663","post","type-post","status-publish","format-standard","has-post-thumbnail","hentry","category-nuevolaredo","category-portada"],"jetpack_publicize_connections":[],"_links":{"self":[{"href":"https:\/\/www.buroperiodistico.com.mx\/index.php?rest_route=\/wp\/v2\/posts\/6663","targetHints":{"allow":["GET"]}}],"collection":[{"href":"https:\/\/www.buroperiodistico.com.mx\/index.php?rest_route=\/wp\/v2\/posts"}],"about":[{"href":"https:\/\/www.buroperiodistico.com.mx\/index.php?rest_route=\/wp\/v2\/types\/post"}],"author":[{"embeddable":true,"href":"https:\/\/www.buroperiodistico.com.mx\/index.php?rest_route=\/wp\/v2\/users\/1"}],"replies":[{"embeddable":true,"href":"https:\/\/www.buroperiodistico.com.mx\/index.php?rest_route=%2Fwp%2Fv2%2Fcomments&post=6663"}],"version-history":[{"count":0,"href":"https:\/\/www.buroperiodistico.com.mx\/index.php?rest_route=\/wp\/v2\/posts\/6663\/revisions"}],"wp:featuredmedia":[{"embeddable":true,"href":"https:\/\/www.buroperiodistico.com.mx\/index.php?rest_route=\/wp\/v2\/media\/6666"}],"wp:attachment":[{"href":"https:\/\/www.buroperiodistico.com.mx\/index.php?rest_route=%2Fwp%2Fv2%2Fmedia&parent=6663"}],"wp:term":[{"taxonomy":"category","embeddable":true,"href":"https:\/\/www.buroperiodistico.com.mx\/index.php?rest_route=%2Fwp%2Fv2%2Fcategories&post=6663"},{"taxonomy":"post_tag","embeddable":true,"href":"https:\/\/www.buroperiodistico.com.mx\/index.php?rest_route=%2Fwp%2Fv2%2Ftags&post=6663"}],"curies":[{"name":"wp","href":"https:\/\/api.w.org\/{rel}","templated":true}]}}