{"id":6660,"date":"2022-03-24T14:41:58","date_gmt":"2022-03-24T20:41:58","guid":{"rendered":"https:\/\/www.buroperiodistico.com.mx\/?p=6660"},"modified":"2022-03-24T14:41:58","modified_gmt":"2022-03-24T20:41:58","slug":"taller-estrategias-para-la-estimulacion-de-los-dispositivos-basicos","status":"publish","type":"post","link":"https:\/\/www.buroperiodistico.com.mx\/?p=6660","title":{"rendered":"Taller \u201cEstrategias para la estimulaci\u00f3n de los dispositivos b\u00e1sicos\u201d"},"content":{"rendered":"<p><em><strong>Ciudad Victoria, Tam.-<\/strong><\/em> Contin\u00faan las actividades de \u201cMarzo, Mes de la Educaci\u00f3n Especial\u201d y como parte de la Jornada Acad\u00e9mica 2022 se desarroll\u00f3 el Taller Did\u00e1ctico \u201cEstrategias para la estimulaci\u00f3n de los dispositivos b\u00e1sicos que permitan la mejora de los aprendizajes escolares\u201d.<\/p>\n<p>Los Talleres tienen como objetivo promover la capacitaci\u00f3n y actualizaci\u00f3n docente para mejorar las pr\u00e1cticas educativas en el personal de educaci\u00f3n especial y educaci\u00f3n regular, con la finalidad de ofrecer a las alumnas y alumnos atendidos un Plan de Intervenci\u00f3n apegado a sus necesidades.<\/p>\n","protected":false},"excerpt":{"rendered":"<p>Ciudad Victoria, Tam.- Contin\u00faan las actividades de \u201cMarzo, Mes de la Educaci\u00f3n Especial\u201d y como&#8230;<\/p>\n","protected":false},"author":1,"featured_media":6661,"comment_status":"open","ping_status":"open","sticky":false,"template":"","format":"standard","meta":{"footnotes":"","jetpack_publicize_message":"","jetpack_publicize_feature_enabled":true,"jetpack_social_post_already_shared":false,"jetpack_social_options":{"image_generator_settings":{"template":"highway","default_image_id":0,"font":"","enabled":false},"version":2}},"categories":[10],"tags":[],"class_list":["post-6660","post","type-post","status-publish","format-standard","has-post-thumbnail","hentry","category-tamaulipas"],"jetpack_publicize_connections":[],"_links":{"self":[{"href":"https:\/\/www.buroperiodistico.com.mx\/index.php?rest_route=\/wp\/v2\/posts\/6660","targetHints":{"allow":["GET"]}}],"collection":[{"href":"https:\/\/www.buroperiodistico.com.mx\/index.php?rest_route=\/wp\/v2\/posts"}],"about":[{"href":"https:\/\/www.buroperiodistico.com.mx\/index.php?rest_route=\/wp\/v2\/types\/post"}],"author":[{"embeddable":true,"href":"https:\/\/www.buroperiodistico.com.mx\/index.php?rest_route=\/wp\/v2\/users\/1"}],"replies":[{"embeddable":true,"href":"https:\/\/www.buroperiodistico.com.mx\/index.php?rest_route=%2Fwp%2Fv2%2Fcomments&post=6660"}],"version-history":[{"count":0,"href":"https:\/\/www.buroperiodistico.com.mx\/index.php?rest_route=\/wp\/v2\/posts\/6660\/revisions"}],"wp:featuredmedia":[{"embeddable":true,"href":"https:\/\/www.buroperiodistico.com.mx\/index.php?rest_route=\/wp\/v2\/media\/6661"}],"wp:attachment":[{"href":"https:\/\/www.buroperiodistico.com.mx\/index.php?rest_route=%2Fwp%2Fv2%2Fmedia&parent=6660"}],"wp:term":[{"taxonomy":"category","embeddable":true,"href":"https:\/\/www.buroperiodistico.com.mx\/index.php?rest_route=%2Fwp%2Fv2%2Fcategories&post=6660"},{"taxonomy":"post_tag","embeddable":true,"href":"https:\/\/www.buroperiodistico.com.mx\/index.php?rest_route=%2Fwp%2Fv2%2Ftags&post=6660"}],"curies":[{"name":"wp","href":"https:\/\/api.w.org\/{rel}","templated":true}]}}