{"id":6657,"date":"2022-03-24T14:36:52","date_gmt":"2022-03-24T20:36:52","guid":{"rendered":"https:\/\/www.buroperiodistico.com.mx\/?p=6657"},"modified":"2022-03-24T14:36:52","modified_gmt":"2022-03-24T20:36:52","slug":"consejo-tecnico-escolar-2021-2022-2","status":"publish","type":"post","link":"https:\/\/www.buroperiodistico.com.mx\/?p=6657","title":{"rendered":"Consejo T\u00e9cnico Escolar 2021-2022"},"content":{"rendered":"<p><em><strong><img loading=\"lazy\" decoding=\"async\" class=\"alignright  wp-image-6658\" src=\"https:\/\/www.buroperiodistico.com.mx\/wp-content\/uploads\/2022\/03\/Consjjo.jpeg\" alt=\"\" width=\"521\" height=\"275\" srcset=\"https:\/\/www.buroperiodistico.com.mx\/wp-content\/uploads\/2022\/03\/Consjjo.jpeg 1024w, https:\/\/www.buroperiodistico.com.mx\/wp-content\/uploads\/2022\/03\/Consjjo-300x158.jpeg 300w, https:\/\/www.buroperiodistico.com.mx\/wp-content\/uploads\/2022\/03\/Consjjo-768x405.jpeg 768w\" sizes=\"auto, (max-width: 521px) 100vw, 521px\" \/>Ciudad Victoria, Tam (24-Marzo-2022).-<\/strong><\/em>\u00a0Ma\u00f1ana viernes 25 de marzo se realizar\u00e1 la Quinta Sesi\u00f3n Ordinaria del Consejo T\u00e9cnico Escolar (CTE) correspondiente al ciclo escolar 2021-2022, en los niveles de Educaci\u00f3n B\u00e1sica, dise\u00f1ada para llevarse a cabo de manera presencial, tomando en cuenta las medidas de prevenci\u00f3n y cuidado de la salud.<\/p>\n<p>Entre otros aspectos se analizar\u00e1n los resultados de la \u00faltima evaluaci\u00f3n aplicada a los educandos y se determinar\u00e1n qu\u00e9 aprendizajes deben fortalecer con la finalidad de que todas y todos los estudiantes concluyan de manera satisfactoria el grado escolar o el nivel educativo que cursan.<\/p>\n<p>Se pone a disposici\u00f3n del colectivo docente la Gu\u00eda de Trabajo en el sitio:<br \/>\nhttps:\/\/www.tamaulipas.gob.mx\/educacion\/cte\/<\/p>\n","protected":false},"excerpt":{"rendered":"<p>Ciudad Victoria, Tam (24-Marzo-2022).-\u00a0Ma\u00f1ana viernes 25 de marzo se realizar\u00e1 la Quinta Sesi\u00f3n Ordinaria del&#8230;<\/p>\n","protected":false},"author":1,"featured_media":6658,"comment_status":"open","ping_status":"open","sticky":false,"template":"","format":"standard","meta":{"footnotes":"","jetpack_publicize_message":"","jetpack_publicize_feature_enabled":true,"jetpack_social_post_already_shared":false,"jetpack_social_options":{"image_generator_settings":{"template":"highway","default_image_id":0,"font":"","enabled":false},"version":2}},"categories":[10],"tags":[],"class_list":["post-6657","post","type-post","status-publish","format-standard","has-post-thumbnail","hentry","category-tamaulipas"],"jetpack_publicize_connections":[],"_links":{"self":[{"href":"https:\/\/www.buroperiodistico.com.mx\/index.php?rest_route=\/wp\/v2\/posts\/6657","targetHints":{"allow":["GET"]}}],"collection":[{"href":"https:\/\/www.buroperiodistico.com.mx\/index.php?rest_route=\/wp\/v2\/posts"}],"about":[{"href":"https:\/\/www.buroperiodistico.com.mx\/index.php?rest_route=\/wp\/v2\/types\/post"}],"author":[{"embeddable":true,"href":"https:\/\/www.buroperiodistico.com.mx\/index.php?rest_route=\/wp\/v2\/users\/1"}],"replies":[{"embeddable":true,"href":"https:\/\/www.buroperiodistico.com.mx\/index.php?rest_route=%2Fwp%2Fv2%2Fcomments&post=6657"}],"version-history":[{"count":0,"href":"https:\/\/www.buroperiodistico.com.mx\/index.php?rest_route=\/wp\/v2\/posts\/6657\/revisions"}],"wp:featuredmedia":[{"embeddable":true,"href":"https:\/\/www.buroperiodistico.com.mx\/index.php?rest_route=\/wp\/v2\/media\/6658"}],"wp:attachment":[{"href":"https:\/\/www.buroperiodistico.com.mx\/index.php?rest_route=%2Fwp%2Fv2%2Fmedia&parent=6657"}],"wp:term":[{"taxonomy":"category","embeddable":true,"href":"https:\/\/www.buroperiodistico.com.mx\/index.php?rest_route=%2Fwp%2Fv2%2Fcategories&post=6657"},{"taxonomy":"post_tag","embeddable":true,"href":"https:\/\/www.buroperiodistico.com.mx\/index.php?rest_route=%2Fwp%2Fv2%2Ftags&post=6657"}],"curies":[{"name":"wp","href":"https:\/\/api.w.org\/{rel}","templated":true}]}}