{"id":6643,"date":"2022-03-24T12:15:19","date_gmt":"2022-03-24T18:15:19","guid":{"rendered":"https:\/\/www.buroperiodistico.com.mx\/?p=6643"},"modified":"2022-03-24T12:15:19","modified_gmt":"2022-03-24T18:15:19","slug":"inicia-agricultura-capacitacion-a-productores-para-ampliar-su-desarrollo-en-mercados-de-exportacion-de-bebidas-destiladas","status":"publish","type":"post","link":"https:\/\/www.buroperiodistico.com.mx\/?p=6643","title":{"rendered":"Inicia Agricultura capacitaci\u00f3n a productores para ampliar su desarrollo en mercados de exportaci\u00f3n de bebidas destiladas"},"content":{"rendered":"<p><strong><em>\u2022 En seminario virtual se ofreci\u00f3 informaci\u00f3n sobre las denominaciones de origen, indicaciones geogr\u00e1ficas y certificaciones, as\u00ed como la detecci\u00f3n de necesidades con miras a diversificar los destinos de comercializaci\u00f3n.<\/em><\/strong><\/p>\n<p><strong><em>\u2022 Los talleristas conocen de oportunidades y nichos de mercado especializados en beneficio de las comunidades rurales de las cuales son originarios, adem\u00e1s de proteger la identificaci\u00f3n de un producto con la categor\u00eda de end\u00e9mico u originario de una regi\u00f3n.<\/em><\/strong><\/p>\n<p><em><strong><img loading=\"lazy\" decoding=\"async\" class=\"alignright  wp-image-6644\" src=\"https:\/\/www.buroperiodistico.com.mx\/wp-content\/uploads\/2022\/03\/Ptencial.jpeg\" alt=\"\" width=\"611\" height=\"333\" srcset=\"https:\/\/www.buroperiodistico.com.mx\/wp-content\/uploads\/2022\/03\/Ptencial.jpeg 1024w, https:\/\/www.buroperiodistico.com.mx\/wp-content\/uploads\/2022\/03\/Ptencial-300x163.jpeg 300w, https:\/\/www.buroperiodistico.com.mx\/wp-content\/uploads\/2022\/03\/Ptencial-768x419.jpeg 768w\" sizes=\"auto, (max-width: 611px) 100vw, 611px\" \/>Ciudad de M\u00e9xico (24-Marzo-2022).-<\/strong><\/em> La Secretar\u00eda de Agricultura y Desarrollo Rural, en coordinaci\u00f3n con productores dedicados a la elaboraci\u00f3n de bebidas a base de destilados, organizaron el seminario virtual \u201cIndicaciones geogr\u00e1ficas en algunos destilados de cultivos end\u00e9micos\u201d, a trav\u00e9s del cual se contribuye a facilitar el cumplimiento de los requisitos que solicitan los diferentes mercados de exportaci\u00f3n.<\/p>\n<p>El encuentro, realizado desde la Casa de la Agricultura, en Ciudad Obreg\u00f3n, Sonora, ofreci\u00f3 informaci\u00f3n sobre las denominaciones de origen, indicaciones geogr\u00e1ficas y certificaciones, as\u00ed como la detecci\u00f3n de necesidades con miras a diversificar la exportaci\u00f3n de este tipo de productos elaborados a partir de cultivos end\u00e9micos de M\u00e9xico, inform\u00f3 la dependencia federal.<\/p>\n<p>Lo anterior, dijo, con el objetivo de brindar capacitaci\u00f3n a los productores para aprovechar las oportunidades y nichos de mercado especializados en beneficio de las comunidades rurales de los cuales son originarios, adem\u00e1s de proteger la identificaci\u00f3n de un producto con la categor\u00eda de end\u00e9mico u originario de una regi\u00f3n, a trav\u00e9s de los procesos de validaci\u00f3n o certificaci\u00f3n, ya sea como marca colectiva, indicaci\u00f3n geogr\u00e1fica o denominaci\u00f3n de origen.<\/p>\n<p>Esto, al hacer uso de las ventajas comerciales que tienen los propios productores como el \u201cmercado de nostalgia\u201d de los mexicanos que viven en el exterior, quienes, a pesar de haberse introducido en una nueva sociedad, a\u00fan conservan su cultura, costumbres y h\u00e1bitos de consumo, principalmente los alimenticios, y a\u00f1oran aquellos productos y sabores de sus regiones de origen, as\u00ed como tambi\u00e9n darlos a conocer a consumidores internacionales en mercados selectos de productos gourmet y de alto valor, anot\u00f3.<\/p>\n<p>Adicionalmente, los productores recibieron informaci\u00f3n respecto a la constituci\u00f3n de una marca cooperativa, indicaci\u00f3n geogr\u00e1fica o denominaci\u00f3n, para hacer uso de los productos end\u00e9micos de una regi\u00f3n particular, destinado a satisfacer las necesidades de los mercados y desarrollar corredores tur\u00edsticos que faciliten conocer el proceso de elaboraci\u00f3n de productos con alto valor econ\u00f3mico y social como dulces t\u00edpicos o destilados, en este caso tequila, mezcal, charanda, bacanora, raicilla, damiana y sotol, entre otros.<\/p>\n<p>Agricultura subray\u00f3 que con esta estrategia de promoci\u00f3n, puesta en marcha a partir de las necesidades de los productores, se contribuye a dar a conocer la calidad de los productores mexicanos y ofrecer, en un futuro cercano, rutas agrotur\u00edsticas y gastron\u00f3micas que generar\u00edan una derrama econ\u00f3mica para las comunidades.<\/p>\n<p>Se\u00f1al\u00f3 que este taller busca dar a conocer las oportunidades existentes para agregar valor a los procesos que realizan los peque\u00f1os productores del pa\u00eds como parte de su subsistencia y el inter\u00e9s de mantener las tradiciones y los sabores de M\u00e9xico, con el fin darlos a conocer tanto a nivel nacional como internacional.<\/p>\n","protected":false},"excerpt":{"rendered":"<p>\u2022 En seminario virtual se ofreci\u00f3 informaci\u00f3n sobre las denominaciones de origen, indicaciones geogr\u00e1ficas y&#8230;<\/p>\n","protected":false},"author":1,"featured_media":6644,"comment_status":"open","ping_status":"open","sticky":false,"template":"","format":"standard","meta":{"footnotes":"","jetpack_publicize_message":"","jetpack_publicize_feature_enabled":true,"jetpack_social_post_already_shared":false,"jetpack_social_options":{"image_generator_settings":{"template":"highway","default_image_id":0,"font":"","enabled":false},"version":2}},"categories":[11],"tags":[],"class_list":["post-6643","post","type-post","status-publish","format-standard","has-post-thumbnail","hentry","category-nacional"],"jetpack_publicize_connections":[],"_links":{"self":[{"href":"https:\/\/www.buroperiodistico.com.mx\/index.php?rest_route=\/wp\/v2\/posts\/6643","targetHints":{"allow":["GET"]}}],"collection":[{"href":"https:\/\/www.buroperiodistico.com.mx\/index.php?rest_route=\/wp\/v2\/posts"}],"about":[{"href":"https:\/\/www.buroperiodistico.com.mx\/index.php?rest_route=\/wp\/v2\/types\/post"}],"author":[{"embeddable":true,"href":"https:\/\/www.buroperiodistico.com.mx\/index.php?rest_route=\/wp\/v2\/users\/1"}],"replies":[{"embeddable":true,"href":"https:\/\/www.buroperiodistico.com.mx\/index.php?rest_route=%2Fwp%2Fv2%2Fcomments&post=6643"}],"version-history":[{"count":0,"href":"https:\/\/www.buroperiodistico.com.mx\/index.php?rest_route=\/wp\/v2\/posts\/6643\/revisions"}],"wp:featuredmedia":[{"embeddable":true,"href":"https:\/\/www.buroperiodistico.com.mx\/index.php?rest_route=\/wp\/v2\/media\/6644"}],"wp:attachment":[{"href":"https:\/\/www.buroperiodistico.com.mx\/index.php?rest_route=%2Fwp%2Fv2%2Fmedia&parent=6643"}],"wp:term":[{"taxonomy":"category","embeddable":true,"href":"https:\/\/www.buroperiodistico.com.mx\/index.php?rest_route=%2Fwp%2Fv2%2Fcategories&post=6643"},{"taxonomy":"post_tag","embeddable":true,"href":"https:\/\/www.buroperiodistico.com.mx\/index.php?rest_route=%2Fwp%2Fv2%2Ftags&post=6643"}],"curies":[{"name":"wp","href":"https:\/\/api.w.org\/{rel}","templated":true}]}}