{"id":6639,"date":"2022-03-24T12:13:29","date_gmt":"2022-03-24T18:13:29","guid":{"rendered":"https:\/\/www.buroperiodistico.com.mx\/?p=6639"},"modified":"2022-03-24T12:13:29","modified_gmt":"2022-03-24T18:13:29","slug":"invitan-a-tardes-de-danzon-en-la-plaza-juarez","status":"publish","type":"post","link":"https:\/\/www.buroperiodistico.com.mx\/?p=6639","title":{"rendered":"INVITAN A TARDES DE DANZ\u00d3N EN LA PLAZA JU\u00c1REZ"},"content":{"rendered":"<p><em><strong><img loading=\"lazy\" decoding=\"async\" class=\"alignright  wp-image-6641\" src=\"https:\/\/www.buroperiodistico.com.mx\/wp-content\/uploads\/2022\/03\/Plza.jpeg\" alt=\"\" width=\"568\" height=\"312\" srcset=\"https:\/\/www.buroperiodistico.com.mx\/wp-content\/uploads\/2022\/03\/Plza.jpeg 1024w, https:\/\/www.buroperiodistico.com.mx\/wp-content\/uploads\/2022\/03\/Plza-300x165.jpeg 300w, https:\/\/www.buroperiodistico.com.mx\/wp-content\/uploads\/2022\/03\/Plza-768x422.jpeg 768w\" sizes=\"auto, (max-width: 568px) 100vw, 568px\" \/>Nuevo Laredo, Tam (24-Marzo-2022).-<\/strong><\/em> Para reactivar el Centro Hist\u00f3rico de Nuevo Laredo y fomentar la integraci\u00f3n social, se llevar\u00e1 a cabo la segunda edici\u00f3n de \u201cTardes de Danz\u00f3n\u201d a cargo de la Direcci\u00f3n de Turismo y de Arte y Cultura.<\/p>\n<p>Ser\u00e1 este 25 de marzo de 5:30 PM a 7:30 PM en la Plaza Ju\u00e1rez entre Avenida Guerrero y Bravo.<\/p>\n<p>El evento mostrar\u00e1 una pieza danc\u00edstica y despu\u00e9s se invitar\u00e1 a los espectadores para que aprendan a bailar danz\u00f3n.<\/p>\n<p><img loading=\"lazy\" decoding=\"async\" class=\"size-full wp-image-6640 aligncenter\" src=\"https:\/\/www.buroperiodistico.com.mx\/wp-content\/uploads\/2022\/03\/Plza-I.jpeg\" alt=\"\" width=\"640\" height=\"427\" srcset=\"https:\/\/www.buroperiodistico.com.mx\/wp-content\/uploads\/2022\/03\/Plza-I.jpeg 640w, https:\/\/www.buroperiodistico.com.mx\/wp-content\/uploads\/2022\/03\/Plza-I-300x200.jpeg 300w\" sizes=\"auto, (max-width: 640px) 100vw, 640px\" \/><\/p>\n","protected":false},"excerpt":{"rendered":"<p>Nuevo Laredo, Tam (24-Marzo-2022).- Para reactivar el Centro Hist\u00f3rico de Nuevo Laredo y fomentar la&#8230;<\/p>\n","protected":false},"author":1,"featured_media":6641,"comment_status":"open","ping_status":"open","sticky":false,"template":"","format":"standard","meta":{"footnotes":"","jetpack_publicize_message":"","jetpack_publicize_feature_enabled":true,"jetpack_social_post_already_shared":false,"jetpack_social_options":{"image_generator_settings":{"template":"highway","default_image_id":0,"font":"","enabled":false},"version":2}},"categories":[11],"tags":[],"class_list":["post-6639","post","type-post","status-publish","format-standard","has-post-thumbnail","hentry","category-nacional"],"jetpack_publicize_connections":[],"_links":{"self":[{"href":"https:\/\/www.buroperiodistico.com.mx\/index.php?rest_route=\/wp\/v2\/posts\/6639","targetHints":{"allow":["GET"]}}],"collection":[{"href":"https:\/\/www.buroperiodistico.com.mx\/index.php?rest_route=\/wp\/v2\/posts"}],"about":[{"href":"https:\/\/www.buroperiodistico.com.mx\/index.php?rest_route=\/wp\/v2\/types\/post"}],"author":[{"embeddable":true,"href":"https:\/\/www.buroperiodistico.com.mx\/index.php?rest_route=\/wp\/v2\/users\/1"}],"replies":[{"embeddable":true,"href":"https:\/\/www.buroperiodistico.com.mx\/index.php?rest_route=%2Fwp%2Fv2%2Fcomments&post=6639"}],"version-history":[{"count":0,"href":"https:\/\/www.buroperiodistico.com.mx\/index.php?rest_route=\/wp\/v2\/posts\/6639\/revisions"}],"wp:featuredmedia":[{"embeddable":true,"href":"https:\/\/www.buroperiodistico.com.mx\/index.php?rest_route=\/wp\/v2\/media\/6641"}],"wp:attachment":[{"href":"https:\/\/www.buroperiodistico.com.mx\/index.php?rest_route=%2Fwp%2Fv2%2Fmedia&parent=6639"}],"wp:term":[{"taxonomy":"category","embeddable":true,"href":"https:\/\/www.buroperiodistico.com.mx\/index.php?rest_route=%2Fwp%2Fv2%2Fcategories&post=6639"},{"taxonomy":"post_tag","embeddable":true,"href":"https:\/\/www.buroperiodistico.com.mx\/index.php?rest_route=%2Fwp%2Fv2%2Ftags&post=6639"}],"curies":[{"name":"wp","href":"https:\/\/api.w.org\/{rel}","templated":true}]}}