{"id":6615,"date":"2022-03-23T20:52:50","date_gmt":"2022-03-24T02:52:50","guid":{"rendered":"https:\/\/www.buroperiodistico.com.mx\/?p=6615"},"modified":"2022-03-23T20:52:50","modified_gmt":"2022-03-24T02:52:50","slug":"confirma-sst-73-positivos-y-4-fallecimientos-por-covid-19","status":"publish","type":"post","link":"https:\/\/www.buroperiodistico.com.mx\/?p=6615","title":{"rendered":"Confirma SST 73 positivos y 4 fallecimientos por Covid-19"},"content":{"rendered":"<p><em><strong><img loading=\"lazy\" decoding=\"async\" class=\"alignright size-full wp-image-6616\" src=\"https:\/\/www.buroperiodistico.com.mx\/wp-content\/uploads\/2022\/03\/SST-I-3.jpg\" alt=\"\" width=\"640\" height=\"436\" srcset=\"https:\/\/www.buroperiodistico.com.mx\/wp-content\/uploads\/2022\/03\/SST-I-3.jpg 640w, https:\/\/www.buroperiodistico.com.mx\/wp-content\/uploads\/2022\/03\/SST-I-3-300x204.jpg 300w\" sizes=\"auto, (max-width: 640px) 100vw, 640px\" \/>Ciudad Victoria, Tamaulipas (23-Marzo-2022).-<\/strong><\/em> La pandemia de COVID-19 sum\u00f3 este mi\u00e9rcoles 73 positivos y 4 fallecimientos a su conteo oficial, inform\u00f3 en su reporte diario la Secretar\u00eda de Salud de Tamaulipas.<\/p>\n<p>La dependencia destac\u00f3 que aun y cuando los casos han disminuido durante las \u00faltimas semanas de forma consecutiva, es fundamental no bajar la guardia ni relajar medidas como el uso del cubrebocas, el lavado frecuente de manos y la sana distancia.<\/p>\n<p>Exhort\u00f3 a completar el esquema de vacunaci\u00f3n, aplicarse la dosis de refuerzo y proteger a los m\u00e1s vulnerables a fin de disminuir la probabilidad de contagio o complicaciones graves y seguir avanzando de forma segura hacia la nueva normalidad.<\/p>\n","protected":false},"excerpt":{"rendered":"<p>Ciudad Victoria, Tamaulipas (23-Marzo-2022).- La pandemia de COVID-19 sum\u00f3 este mi\u00e9rcoles 73 positivos y 4&#8230;<\/p>\n","protected":false},"author":1,"featured_media":6617,"comment_status":"open","ping_status":"open","sticky":false,"template":"","format":"standard","meta":{"footnotes":"","jetpack_publicize_message":"","jetpack_publicize_feature_enabled":true,"jetpack_social_post_already_shared":false,"jetpack_social_options":{"image_generator_settings":{"template":"highway","default_image_id":0,"font":"","enabled":false},"version":2}},"categories":[10],"tags":[],"class_list":["post-6615","post","type-post","status-publish","format-standard","has-post-thumbnail","hentry","category-tamaulipas"],"jetpack_publicize_connections":[],"_links":{"self":[{"href":"https:\/\/www.buroperiodistico.com.mx\/index.php?rest_route=\/wp\/v2\/posts\/6615","targetHints":{"allow":["GET"]}}],"collection":[{"href":"https:\/\/www.buroperiodistico.com.mx\/index.php?rest_route=\/wp\/v2\/posts"}],"about":[{"href":"https:\/\/www.buroperiodistico.com.mx\/index.php?rest_route=\/wp\/v2\/types\/post"}],"author":[{"embeddable":true,"href":"https:\/\/www.buroperiodistico.com.mx\/index.php?rest_route=\/wp\/v2\/users\/1"}],"replies":[{"embeddable":true,"href":"https:\/\/www.buroperiodistico.com.mx\/index.php?rest_route=%2Fwp%2Fv2%2Fcomments&post=6615"}],"version-history":[{"count":0,"href":"https:\/\/www.buroperiodistico.com.mx\/index.php?rest_route=\/wp\/v2\/posts\/6615\/revisions"}],"wp:featuredmedia":[{"embeddable":true,"href":"https:\/\/www.buroperiodistico.com.mx\/index.php?rest_route=\/wp\/v2\/media\/6617"}],"wp:attachment":[{"href":"https:\/\/www.buroperiodistico.com.mx\/index.php?rest_route=%2Fwp%2Fv2%2Fmedia&parent=6615"}],"wp:term":[{"taxonomy":"category","embeddable":true,"href":"https:\/\/www.buroperiodistico.com.mx\/index.php?rest_route=%2Fwp%2Fv2%2Fcategories&post=6615"},{"taxonomy":"post_tag","embeddable":true,"href":"https:\/\/www.buroperiodistico.com.mx\/index.php?rest_route=%2Fwp%2Fv2%2Ftags&post=6615"}],"curies":[{"name":"wp","href":"https:\/\/api.w.org\/{rel}","templated":true}]}}